
{"id":4029,"date":"2017-07-27T22:18:03","date_gmt":"2017-07-27T20:18:03","guid":{"rendered":"http:\/\/passent.blog.polityka.pl\/?p=4029"},"modified":"2017-07-27T22:57:04","modified_gmt":"2017-07-27T20:57:04","slug":"sukces-czy-porazka-goebbelsa","status":"publish","type":"post","link":"https:\/\/blog.polityka.pl\/passent\/2017\/07\/27\/sukces-czy-porazka-goebbelsa\/","title":{"rendered":"Sukces czy pora\u017cka Goebbelsa"},"content":{"rendered":"<p>Prezes Kaczy\u0144ski udzieli\u0142 wywiadu swojej ulubionej Telewizji Trwam. Kilka przemy\u015ble\u0144 przewodnicz\u0105cego zas\u0142uguje na uwag\u0119.<br \/>\n<!--more--><br \/>\n\u201ePowsta\u0142o niebezpiecze\u0144stwo negatywnego prze\u0142omu\u201d. 20 miesi\u0119cy dzia\u0142alno\u015bci opozycji nie by\u0142o w stanie stworzy\u0107 takiego zagro\u017cenia, jakie stworzyli demonstranci kilka dni temu. Prezes nie wyja\u015bnia, co ma na my\u015bli, m\u00f3wi\u0105c o negatywnym prze\u0142omie, ale chyba chodzi o obalenie rz\u0105du, tym bardziej \u017ce i takie has\u0142o pada\u0142o. Kaczy\u0144ski nie lekcewa\u017cy demonstracji, powiedzia\u0142bym, \u017ce boi si\u0119 ulicy z jej niekontrolowanym rozwojem wypadk\u00f3w.<\/p>\n<p>\u201eMamy obowi\u0105zek powiedzie\u0107, \u017ce decyzja pana prezydenta to by\u0142 b\u0142\u0105d, powa\u017cny b\u0142\u0105d, ale idziemy do przodu\u201d. Po pierwszym szoku, kt\u00f3ry trwa\u0142 2-3 dni, prezes odzyska\u0142 mow\u0119. Cel pozostaje ten sam: przej\u0119cie wymiaru sprawiedliwo\u015bci, ale sytuacja nieco si\u0119 zmieni\u0142a. Nie mo\u017cna ju\u017c w stu procentach liczy\u0107 na Dud\u0119, ten b\u0119dzie musia\u0142 w swoich projektach ustaw wykona\u0107 pewne ust\u0119pstwa na rzecz \u201euk\u0142adu\u201d, Brukseli, ulicy i zagranicy. Nawet Gowin robi miny i robi st\u00f3jk\u0119 na rz\u0119sach: g\u0142osowa\u0142 \u201eza\u201d, a popiera weta prezydenta, jak gdyby by\u0142 \u201e przeciw\u201d. Prezes chyba troch\u0119 si\u0119 skurczy\u0142, weta prezydenta to by\u0142 jednak cios. Pozostaje liderem swojego obozu, ale jego terytorium si\u0119 zmniejszy\u0142o. Duda i Kaczy\u0144ski, prezydent i rz\u0105d wzajemnie si\u0119 potrzebuj\u0105, wi\u0119c o zerwaniu nie ma mowy, ale i o sentymentach trudno m\u00f3wi\u0107. Prezes ma dobr\u0105 pami\u0119\u0107. Potrafi przebaczy\u0107, ale nigdy nie zapomina. Blizny pozostan\u0105.<\/p>\n<p>\u201eMamy po\u015bmiertny triumf Goebbelsa\u201d, czyli propaganda opozycji skutkuje. Dlatego teraz zabierzemy si\u0119 za media. Prezes zapowiedzia\u0142 dwie wa\u017cne reformy, z kt\u00f3rych jedn\u0105 niechybnie b\u0119dzie atak na niezale\u017cne media. \u201eDekoncentracja\u201d, \u201erepolonizacja\u201d \u2013 jak zwa\u0142, tak zwa\u0142, wiadomo o co chodzi. Triumf Goebbelsa? Moim zdaniem raczej jego pora\u017cka: mimo zorkiestrowanej kampanii oszczerstw i nienawi\u015bci wobec s\u0105d\u00f3w i s\u0119dzi\u00f3w ulica skandowa\u0142a \u201eDzi\u0119-ku-je-my!\u201d.<\/p>\n<p>\u201ePan prezydent powiedzia\u0142, \u017ce chcia\u0142by przej\u0105\u0107 inicjatyw\u0119, nie b\u0119dziemy mu w tym przeszkadza\u0107\u201d. Zapowied\u017a prezydenta, \u017ce przygotuje w\u0142asne projekty ustaw, to b\u0142\u0105d Dudy. Z chwil\u0105 kiedy skieruje swoje projekty do Sejmu, ustawy trafi\u0105 w r\u0119ce pos\u0142\u00f3w PiS, a ci b\u0119d\u0105 je tak ulepsza\u0107, a\u017c stan\u0105 si\u0119 bli\u017aniaczo podobne do ustaw, kt\u00f3re Duda zawetowa\u0142. Mo\u017ce powsta\u0107 sytuacja paradoksalna: Duda nie pozna swoich ustaw, b\u0119dzie musia\u0142 je zawetowa\u0107 i narazi si\u0119 na \u015bmieszno\u015b\u0107. Swoj\u0105 drog\u0105 ciekawe, jaka b\u0119dzie \u201ekompromisowa\u201d wersja ustaw, kt\u00f3r\u0105 PAD zaproponuje.<\/p>\n<p>\u201eOd 2005 r. Platforma odrzuca wszelkie regu\u0142y i ten sp\u00f3r si\u0119 zaostrza. To najazd barbarzy\u0144c\u00f3w na nasze \u017cycie publiczne, musimy go odeprze\u0107 i sprawi\u0107, by polskie \u017cycie publiczne wr\u00f3ci\u0142o do normy\u201d. Co jest norm\u0105 \u2013 prezes nie wyja\u015bni\u0142. Tego ju\u017c kanalie i zdradzieckie mordy musz\u0105 domy\u015bli\u0107 si\u0119 same.<\/p>\n","protected":false},"excerpt":{"rendered":"<p>Prezes Kaczy\u0144ski udzieli\u0142 wywiadu swojej ulubionej Telewizji Trwam. Kilka przemy\u015ble\u0144 przewodnicz\u0105cego zas\u0142uguje na uwag\u0119.<\/p>\n","protected":false},"author":4,"featured_media":0,"comment_status":"open","ping_status":"closed","sticky":false,"template":"","format":"standard","meta":{"footnotes":""},"categories":[1],"tags":[],"_links":{"self":[{"href":"https:\/\/blog.polityka.pl\/passent\/wp-json\/wp\/v2\/posts\/4029"}],"collection":[{"href":"https:\/\/blog.polityka.pl\/passent\/wp-json\/wp\/v2\/posts"}],"about":[{"href":"https:\/\/blog.polityka.pl\/passent\/wp-json\/wp\/v2\/types\/post"}],"author":[{"embeddable":true,"href":"https:\/\/blog.polityka.pl\/passent\/wp-json\/wp\/v2\/users\/4"}],"replies":[{"embeddable":true,"href":"https:\/\/blog.polityka.pl\/passent\/wp-json\/wp\/v2\/comments?post=4029"}],"version-history":[{"count":2,"href":"https:\/\/blog.polityka.pl\/passent\/wp-json\/wp\/v2\/posts\/4029\/revisions"}],"predecessor-version":[{"id":4032,"href":"https:\/\/blog.polityka.pl\/passent\/wp-json\/wp\/v2\/posts\/4029\/revisions\/4032"}],"wp:attachment":[{"href":"https:\/\/blog.polityka.pl\/passent\/wp-json\/wp\/v2\/media?parent=4029"}],"wp:term":[{"taxonomy":"category","embeddable":true,"href":"https:\/\/blog.polityka.pl\/passent\/wp-json\/wp\/v2\/categories?post=4029"},{"taxonomy":"post_tag","embeddable":true,"href":"https:\/\/blog.polityka.pl\/passent\/wp-json\/wp\/v2\/tags?post=4029"}],"curies":[{"name":"wp","href":"https:\/\/api.w.org\/{rel}","templated":true}]}}