
{"id":403,"date":"2008-01-27T18:56:49","date_gmt":"2008-01-27T17:56:49","guid":{"rendered":"http:\/\/passent.blog.polityka.pl\/?p=403"},"modified":"2008-01-27T18:56:49","modified_gmt":"2008-01-27T17:56:49","slug":"strachy-na-lachy","status":"publish","type":"post","link":"https:\/\/blog.polityka.pl\/passent\/2008\/01\/27\/strachy-na-lachy\/","title":{"rendered":"Strachy na Lachy"},"content":{"rendered":"<p><strong>Jak wiadomo, Polsk\u0105 rz\u0105dz\u0105 dwie trumny \u2013 Pi\u0142sudskiego i Dmowskiego. Czy w jakimkolwiek stopniu mo\u017cna powiedzie\u0107, \u017ce Narodowa Demokracja jest dzi\u015b w opozycji? Chyba tak<\/strong>.<\/p>\n<p>Tematyka narodowo-patriotyczna jest dzi\u015b modna, zw\u0142aszcza wobec zbli\u017caj\u0105cej si\u0119 rocznicy wydarze\u0144 marcowych oraz awantury o \u201eStrach\u201d Grossa, kiedy pod znakiem zapytania stawiane jest zachowanie Polak\u00f3w i \u017byd\u00f3w, katolik\u00f3w i komunist\u00f3w. Powracaj\u0105 okre\u015blenia w rodzaju \u201ekatoendecja\u201d i \u201e\u017cydokomuna\u201d. Czy bracia Kaczy\u0144scy maj\u0105 cokolwiek wsp\u00f3lnego z narodow\u0105 demokracj\u0105? Moim zdaniem przej\u0119li oni ze spu\u015bcizny Dmowskiego wiele (ale w \u017cadnym wypadku antysemityzm). Przej\u0119li wiar\u0119 w rodzin\u0119, nar\u00f3d i religi\u0119 jako najwa\u017cniejsze elementy wsp\u00f3lnoty Polak\u00f3w.<\/p>\n<p>Ods\u0142oni\u0119cie pomnika Romana Dmowskiego w pobli\u017cu siedziby premiera oraz ods\u0142oni\u0119cie pomnika Jana Kurasia (\u201eOgnia\u201d) w obecno\u015bci prezydenta Kaczy\u0144skiego wskazuj\u0105 na to, do jakich tradycji nawi\u0105zuje PiS. Potwierdza to jednostronnie apologetyczny przekaz Muzeum Powstania Warszawskiego oraz dzia\u0142alno\u015b\u0107 edukacyjna IPN. Reakcja historyk\u00f3w zwi\u0105zanych z IPN (pp. Gontarczyk, \u017baryn, pogromca \u2018Stolzmana\u2019 Chodakiewicz, prezes Kurtyka, kt\u00f3ry nazwa\u0142 Grossa pijawk\u0105 czy hien\u0105) na \u201eStrach\u201d \u015bwiadczy o postawie narodowo-obronnej, o potrzebie gloryfikacji przesz\u0142o\u015bci jako spoiwa narodowego. R\u00f3wnie\u017c polityka zagraniczna PiS, nieustanne akcentowanie interesu narodowego ponad interesem wsp\u00f3lnym Europy, wzywanie do powstania z kl\u0119czek, retoryka antyniemiecka i antyrosyjska, apele, capstrzyki, defilady, nie oddamy ani guzika \u2013 wszystko to pokazuje, jak wielkie znaczenie dla braci Kaczy\u0144skich i PiS ma to\u017csamo\u015b\u0107 narodowa.<\/p>\n<p>Prof. Andrzej Walicki, jeden z najpowa\u017cniejszych my\u015blicieli wsp\u00f3\u0142czesnych w Polsce, pisze w \u201eGazecie\u201d, \u017ce mentaln\u0105 podstaw\u0105 ideologii PiS jest endecka idea nadrz\u0119dno\u015bci wsp\u00f3lnoty narodowej nad demokratyczn\u0105, ukonstytuowan\u0105 prawnie wsp\u00f3lnot\u0105 obywatelsk\u0105\u2026\u201d<\/p>\n<p>Podobnego zdania jest socjolog i publicysta, prof. Ireneusz Krzemi\u0144ski (w \u201eDzienniku\u201d). Jego zdaniem \u201emobilizacja polityczna PiS odbywa\u0142a si\u0119 w ogromnym stopniu dzi\u0119ki odwo\u0142ywaniu si\u0119 do populistycznie zdefiniowanych hase\u0142, mniej czy bardziej bezpo\u015brednio nawi\u0105zuj\u0105cych do dorobku i tradycji polskiej Narodowej Demokracji, czy endecji.. (\u2026) Jaros\u0142aw Kaczy\u0144ski celowo i umy\u015blnie postanowi\u0142 sta\u0107 si\u0119 reprezentantem obozu osadzonego ju\u017c do\u015b\u0107 mocno wok\u00f3\u0142 instytucji ko\u015bcielnych, takich jak Radio Maryja oraz partii w rodzaju LPR \u2013 spadkobierc\u00f3w narodowo-katolickiej tradycji.\u201d<\/p>\n<p>Podzielam te opinie. Reakcja historyk\u00f3w IPN na ksi\u0105\u017ck\u0119 Grossa, jednomy\u015blna i kategoryczna, \u015bwiadczy, \u017ce dob\u00f3r kadr przez PiS nie by\u0142 przypadkowy. Teraz mamy co prawda rz\u0105d Tuska, ale polityk\u0119 historyczn\u0105 Kaczy\u0144skich i Giertycha. Dziwi mnie opinia dra Dariusza Gawina, wicedyrektorem Muzeum Powstania Warszawskiego, kiedy m\u00f3wi, \u017ce \u201eBracia Kaczy\u0144scy bardzo nie lubi\u0105 tradycji endeckiej, prezydent m\u00f3wi\u0142 to wielokrotnie. (\u2026) Nazywanie ich nacjonalistami to grube nieporozumienie \u2013 u prezydenta w gabinecie wisi portret Pi\u0142sudskiego, lewicowego niepodleg\u0142o\u015bciowca, a nie nacjonalisty Dmowskiego.\u201d<\/p>\n<p>S\u0105dz\u0119, \u017ce Kaczy\u0144scy nie s\u0105 spadkobiercami Dmowskiego w prostej linii, w dzisiejszych czasach, po II Wojnie, Zag\u0142adzie, komunizmie, w epoce Unii Europejskiej i NATO, nawet Dmowski nie by\u0142by dawnym Dmowskim. Ale s\u0105dz\u0119, \u017ce maj\u0105c do wyboru spo\u0142ecze\u0144stwo obywatelskie, zdecentralizowane, pluralistyczne, laickie, sfederowane z Europ\u0105 i kosmopolityczne, K&amp;K wol\u0105 silne pa\u0144stwo otoczone granicami, oparte na tradycji narodowej, patriotycznej i katolickiej.<\/p>\n<p>A \u017ce w gabinecie prezydenta wisi portret marsza\u0142ka? W Sejmie wisi krzy\u017c, ale odruch\u00f3w chrze\u015bcija\u0144skich ma\u0142o.<\/p>\n<p>***<\/p>\n<p><strong>PS<\/strong>. Wiele komentarzy (&#8222;<strong>annam33<\/strong>&#8222;, &#8222;<strong>Rycho<\/strong>&#8222;) do poprzedniego wpisu (\u201e<a href=\"http:\/\/passent.blog.polityka.pl\/?p=402\" target=\"_blank\"><strong>Premier rozgrywa, prezes gwi\u017cd\u017ce\u2026<\/strong><\/a>\u201d) zawiera opini\u0119, \u017ce Donald Tusk jest s\u0142aby, ma\u0142o zdecydowany (vide taniec wok\u00f3\u0142 CBA), nie przeprowadzi niezb\u0119dnych reform. Poczekamy \u2013 zobaczymy. Si\u0142a i determinacja Donalda Tuska s\u0105 teraz testowane m.in. przez celnik\u00f3w i g\u00f3rnik\u00f3w. Mam mieszane uczucia wobec metod strajkuj\u0105cych. Strajk pod ziemi\u0105 jest form\u0105 szanta\u017cu, podobnie jak wzi\u0119cie setek czy wr\u0119cz tysi\u0119cy kierowc\u00f3w TIR-\u00f3w jako zak\u0142adnik\u00f3w. Podobnie jak &#8222;<strong>elaem<\/strong>&#8221; uwa\u017cam, \u017ce celnicy strajkuj\u0105 cudzym kosztem. Co Pa\u0144stwo o tym s\u0105dz\u0105? Zgadzam si\u0119 te\u017c, \u017ce nadu\u017cywana jest \u017ca\u0142oba narodowa. Zw\u0142aszcza przez kogo\u015b, kto jeszcze w czasie \u017ca\u0142oby wszczyna sp\u00f3r o to, kiedy zosta\u0142 zawiadomiony o wypadku. Prezydencki minister Micha\u0142 Kami\u0144ski powiedzia\u0142 w Radiu Zet, \u017ce Platforma \u201ebezczelnie napuszcza\u0142a dziennikarzy na prezydenta\u201d. Ja takiego wra\u017cenia nie odnios\u0142em, ale w sumie stosunki prezydent \u2013 premier s\u0105 \u017cenuj\u0105ce, prowadz\u0105 do dalszej degradacji \u017cycia politycznego. Premier nie jest bez winy, ale win\u0119 za nieustanny konflikt ponosi przede wszystkim pa\u0142ac prezydencki. Prezydent nieustannie atakuje rz\u0105d, liczy na taki spadek poparcia dla premiera, i\u017c ten przestanie si\u0119 liczy\u0107 jako kandydat na prezydenta.<\/p>\n<p>\u201e<strong>telegraphic observer<\/strong>\u201d pyta o moje lektury. Ostatnio przeczyta\u0142em autobiografi\u0119 Alana Greenspana (\u201eThe Age of Turbulance\u201d), teraz lepiej rozumiem, \u017ce G.W. Bush wp\u0119dzi\u0142 Ameryk\u0119 i reszt\u0119 \u015bwiata w depresj\u0119. Nabra\u0142em du\u017co uznania dla autora, o kt\u00f3rym wiedzia\u0142em niewiele. Nieco wcze\u015bniej przeczyta\u0142em autobiografi\u0119 Stefana Ba\u0142uka \u201eBy\u0142em cichociemnym\u201d (rewelacyjna, <a href=\"http:\/\/www.polityka.pl\/polityka\/index.jsp?place=Lead33&amp;news_cat_id=1139&amp;news_id=242880&amp;layout=18&amp;forum_id=13339&amp;fpage=Threads&amp;page=text\" target=\"_blank\"><strong>pisz\u0119 o niej<\/strong><\/a> w bie\u017c\u0105cej \u201ePolityce\u201d). M\u0119cz\u0119 Thomasa Friedmana \u201e\u015awiat jest p\u0142aski\u201d, ale chyba zarzuc\u0119 t\u0119 lektur\u0119, nie wci\u0105ga mnie, rozgadana, dziennikarska, a ja w lekturach szukam czego\u015b wi\u0119cej. Zacz\u0105\u0142em \u201eHarmonia caelestis\u201d Petera Esterhazy\u2019ego. By\u0142em te\u017c w kinie (co mi si\u0119 rzadko zdarza, bo staram si\u0119 chodzi\u0107 tylko na filmy wybitne) na filmie Ang Lee \u201eUwaga, po\u017c\u0105danie\u201d \u2013 znakomity film, gor\u0105co polecam. I pozdrawiam!<\/p>\n","protected":false},"excerpt":{"rendered":"<p>Jak wiadomo, Polsk\u0105 rz\u0105dz\u0105 dwie trumny \u2013 Pi\u0142sudskiego i Dmowskiego. Czy w jakimkolwiek stopniu mo\u017cna powiedzie\u0107, \u017ce Narodowa Demokracja jest dzi\u015b w opozycji? Chyba tak. Tematyka narodowo-patriotyczna jest dzi\u015b modna, zw\u0142aszcza wobec zbli\u017caj\u0105cej si\u0119 rocznicy wydarze\u0144 marcowych oraz awantury o \u201eStrach\u201d Grossa, kiedy pod znakiem zapytania stawiane jest zachowanie Polak\u00f3w i \u017byd\u00f3w, katolik\u00f3w i komunist\u00f3w. [&hellip;]<\/p>\n","protected":false},"author":4,"featured_media":0,"comment_status":"open","ping_status":"open","sticky":false,"template":"","format":"standard","meta":{"footnotes":""},"categories":[1],"tags":[],"_links":{"self":[{"href":"https:\/\/blog.polityka.pl\/passent\/wp-json\/wp\/v2\/posts\/403"}],"collection":[{"href":"https:\/\/blog.polityka.pl\/passent\/wp-json\/wp\/v2\/posts"}],"about":[{"href":"https:\/\/blog.polityka.pl\/passent\/wp-json\/wp\/v2\/types\/post"}],"author":[{"embeddable":true,"href":"https:\/\/blog.polityka.pl\/passent\/wp-json\/wp\/v2\/users\/4"}],"replies":[{"embeddable":true,"href":"https:\/\/blog.polityka.pl\/passent\/wp-json\/wp\/v2\/comments?post=403"}],"version-history":[{"count":0,"href":"https:\/\/blog.polityka.pl\/passent\/wp-json\/wp\/v2\/posts\/403\/revisions"}],"wp:attachment":[{"href":"https:\/\/blog.polityka.pl\/passent\/wp-json\/wp\/v2\/media?parent=403"}],"wp:term":[{"taxonomy":"category","embeddable":true,"href":"https:\/\/blog.polityka.pl\/passent\/wp-json\/wp\/v2\/categories?post=403"},{"taxonomy":"post_tag","embeddable":true,"href":"https:\/\/blog.polityka.pl\/passent\/wp-json\/wp\/v2\/tags?post=403"}],"curies":[{"name":"wp","href":"https:\/\/api.w.org\/{rel}","templated":true}]}}