
{"id":4040,"date":"2017-08-06T11:23:39","date_gmt":"2017-08-06T09:23:39","guid":{"rendered":"http:\/\/passent.blog.polityka.pl\/?p=4040"},"modified":"2017-08-06T11:49:52","modified_gmt":"2017-08-06T09:49:52","slug":"unia-raus","status":"publish","type":"post","link":"https:\/\/blog.polityka.pl\/passent\/2017\/08\/06\/unia-raus\/","title":{"rendered":"Unia \u2013 raus!"},"content":{"rendered":"<p>Nie uwa\u017cam, \u017ce Jaros\u0142aw Kaczy\u0144ski chce wyprowadzi\u0107 Polsk\u0119 z Unii. Du\u017co z\u0142ego mo\u017cna o nim powiedzie\u0107, ale g\u0142upi to on nie jest. Zamiast wyprowadza\u0107 Polsk\u0119 z Unii, Kaczy\u0144ski chce wyprowadzi\u0107 Uni\u0119 z Polski, to znaczy zmniejszy\u0107 do minimum zachodnio-europejski, liberalny, demokratyczny spos\u00f3b my\u015blenia, te wszystkie brednie o tr\u00f3jpodziale w\u0142adz, poszanowaniu mniejszo\u015bci, \u015bwieckim pa\u0144stwie, ociepleniu klimatu, przyjmowaniu tzw. uchod\u017ac\u00f3w b\u0119d\u0105cych w istocie emigrantami zarobkowymi, ochronie puszczy, unijnemu s\u0105downictwu, wsp\u00f3lnym kodeksom, wsp\u00f3lnym podr\u0119cznikom historii, \u201ewsp\u00f3lnym\u201d muzeom \u00e0 la Muzeum II Wojny \u015awiatowej w Gda\u0144sku, b\u0119d\u0105cym \u201epodarunkiem Tuska dla Merkel\u201d, no i \u2013 oczywi\u015bcie \u2013 hegemonii Niemiec itd. itp.<br \/>\n<!--more--><br \/>\nKaczy\u0144ski chce pozostawienia Polski w Unii, docenia jej znaczenie dla \u201epriwislenskiego kraju\u201d, ale innej ni\u017c obecna, pragnie on Unii ograniczonej, zwi\u0105zku suwerennych pa\u0144stw, kt\u00f3re bior\u0105 kas\u0119, ale wybieraj\u0105 \u00e0 la carte b\u0105d\u017a ograniczaj\u0105 swoj\u0105 integracj\u0119 do kilku dziedzin. Dost\u0119p do najwi\u0119kszego rynku na \u015bwiecie \u2013 tak. Wsp\u00f3lna polityka obronna \u2013 tak, ale uzgodniona z NATO. Wolny przep\u0142yw towar\u00f3w, kapita\u0142u i ludzi \u2013 tak, ale bez przesady, wolna konkurencja &#8211; tak, ale tam, gdzie nam nie szkodzi, wolne media \u2013 tak, ale nasze, narodowe i pseudoprywatne, faktycznie b\u0119d\u0105ce w\u0142asno\u015bci\u0105 sp\u00f3\u0142ek skarbu pa\u0144stwa, wsp\u00f3lna polityka zagraniczna \u2013 tak, a nawet nie, bo musi by\u0107 maksymalnie proameryka\u0144ska i daleka od Moskwy, uznaj\u0105ca nasz\u0105 hegemoni\u0119 w regionie Tr\u00f3jmorza i Wyszehradu, specjalne stosunki z USA, uprzywilejowane miejsce w Unii, wsp\u00f3lna polityka energetyczna \u2013 tak, ale tyko wtedy, kiedy Niemcy nie b\u0119d\u0105 kolaborowa\u0107 z Gazpromem, wsp\u00f3lna waluta \u2013 nie itd. itp.<\/p>\n<p>Czyli Unia \u00e0 la carte. A kto zap\u0142aci rachunek? Wiadomo: przede wszystkim Niemcy, kt\u00f3re s\u0105 nam winne odszkodowania wojenne plus odsetki od 1945 r. Wszak Zach\u00f3d, przede wszystkim Niemcy, na nas zarabia. Wykorzystuje pracownik\u00f3w z Polski, sprzedaje nam swoj\u0105 technologi\u0119, zarabia na produktach wyprodukowanych u nas przez nasz\u0105 tani\u0105 si\u0142\u0119 robocz\u0105.<\/p>\n<p>Kaczy\u0144skiemu Unia jest potrzebna dla polityki wewn\u0119trznej, \u017ceby m\u00f3c walczy\u0107 o polsk\u0105 suwerenno\u015b\u0107 za unijne pieni\u0105dze. Ka\u017cdy konflikt z Uni\u0105 i z Niemcami czyni prezesa w oczach jego zwolennik\u00f3w wi\u0119kszym patriot\u0105, obro\u0144c\u0105 przed dyktatem Berlina i Brukseli, czyli kanclerz Merkel, kt\u00f3rej wyb\u00f3r wspiera\u0142o Stasi, i zdradzieck\u0105 mord\u0119 Tuska. Dlatego rozkr\u0119ca nastroje antyniemieckie i antyunijne. Tak d\u0142ugo minister Szyszko b\u0119dzie m\u00f3wi\u0142 \u201enie\u201d w sprawie puszczy, a\u017c Unia faktycznie przymknie kas\u0119. Dopiero wtedy Kaczy\u0144ski ust\u0105pi, bo kornik drukarz nie drukuje jeszcze euro, tak Polsce potrzebnych.<\/p>\n<p>Oczywi\u015bcie, Niemcy, Francja, W\u0142ochy, Hiszpania i inni nie b\u0119d\u0105 na nas czeka\u0107, b\u0119d\u0105 ucieka\u0107 do przodu, ale Kaczy\u0144ski si\u0119 z tym pogodzi. Zamiast by\u0107 mniejsi w\u015br\u00f3d wielkich, wolimy by\u0107 wi\u0119ksi w\u015br\u00f3d ma\u0142ych.<\/p>\n","protected":false},"excerpt":{"rendered":"<p>Nie uwa\u017cam, \u017ce Jaros\u0142aw Kaczy\u0144ski chce wyprowadzi\u0107 Polsk\u0119 z Unii. Du\u017co z\u0142ego mo\u017cna o nim powiedzie\u0107, ale g\u0142upi to on nie jest. Zamiast wyprowadza\u0107 Polsk\u0119 z Unii, Kaczy\u0144ski chce wyprowadzi\u0107 Uni\u0119 z Polski, to znaczy zmniejszy\u0107 do minimum zachodnio-europejski, liberalny, demokratyczny spos\u00f3b my\u015blenia, te wszystkie brednie o tr\u00f3jpodziale w\u0142adz, poszanowaniu mniejszo\u015bci, \u015bwieckim pa\u0144stwie, ociepleniu klimatu, [&hellip;]<\/p>\n","protected":false},"author":4,"featured_media":4044,"comment_status":"open","ping_status":"closed","sticky":false,"template":"","format":"standard","meta":{"footnotes":""},"categories":[1],"tags":[],"_links":{"self":[{"href":"https:\/\/blog.polityka.pl\/passent\/wp-json\/wp\/v2\/posts\/4040"}],"collection":[{"href":"https:\/\/blog.polityka.pl\/passent\/wp-json\/wp\/v2\/posts"}],"about":[{"href":"https:\/\/blog.polityka.pl\/passent\/wp-json\/wp\/v2\/types\/post"}],"author":[{"embeddable":true,"href":"https:\/\/blog.polityka.pl\/passent\/wp-json\/wp\/v2\/users\/4"}],"replies":[{"embeddable":true,"href":"https:\/\/blog.polityka.pl\/passent\/wp-json\/wp\/v2\/comments?post=4040"}],"version-history":[{"count":3,"href":"https:\/\/blog.polityka.pl\/passent\/wp-json\/wp\/v2\/posts\/4040\/revisions"}],"predecessor-version":[{"id":4043,"href":"https:\/\/blog.polityka.pl\/passent\/wp-json\/wp\/v2\/posts\/4040\/revisions\/4043"}],"wp:featuredmedia":[{"embeddable":true,"href":"https:\/\/blog.polityka.pl\/passent\/wp-json\/wp\/v2\/media\/4044"}],"wp:attachment":[{"href":"https:\/\/blog.polityka.pl\/passent\/wp-json\/wp\/v2\/media?parent=4040"}],"wp:term":[{"taxonomy":"category","embeddable":true,"href":"https:\/\/blog.polityka.pl\/passent\/wp-json\/wp\/v2\/categories?post=4040"},{"taxonomy":"post_tag","embeddable":true,"href":"https:\/\/blog.polityka.pl\/passent\/wp-json\/wp\/v2\/tags?post=4040"}],"curies":[{"name":"wp","href":"https:\/\/api.w.org\/{rel}","templated":true}]}}