
{"id":4046,"date":"2017-08-11T11:36:00","date_gmt":"2017-08-11T09:36:00","guid":{"rendered":"http:\/\/passent.blog.polityka.pl\/?p=4046"},"modified":"2017-08-11T12:57:12","modified_gmt":"2017-08-11T10:57:12","slug":"duda-ma-dosc-dudy","status":"publish","type":"post","link":"https:\/\/blog.polityka.pl\/passent\/2017\/08\/11\/duda-ma-dosc-dudy\/","title":{"rendered":"Duda ma do\u015b\u0107 Dudy"},"content":{"rendered":"<p>Podpisuj\u0119 si\u0119 pod tym, co powiedzia\u0142 Tomasz Lis w Radiu TOK FM: to, czego jeste\u015bmy \u015bwiadkami, to zbrodnia na interesie narodowym. Kilka dowod\u00f3w.<br \/>\n<!--more--><br \/>\nKonflikt Duda \u2013 Macierewicz (a do pewnego stopnia prezydent \u2013 premier \u2013 prezes) to fatalny sygna\u0142. Si\u0142y zbrojne to jeden z filar\u00f3w pa\u0144stwa, zw\u0142aszcza po\u0142o\u017conego mi\u0119dzy Rosj\u0105 a Niemcami.<\/p>\n<p>Tymczasem nasza obronno\u015b\u0107 jest o\u015bmieszana przed ca\u0142ym \u015bwiatem. Groteskowy przetarg na \u015bmig\u0142owce. Ubytek 36 genera\u0142\u00f3w i setek starszych stopniem oficer\u00f3w. Zamiast modernizacji \u2013 nowy rodzaj wojsk. Narastaj\u0105ce napi\u0119cie BBN \u2013 MON. Wyra\u017ane r\u00f3\u017cnice dotycz\u0105ce polityki obronnej.<\/p>\n<p>No i wreszcie otwarty konflikt z prezydentem, zwierzchnikiem si\u0142 zbrojnych, o genera\u0142a Kraszewskiego oraz o 46 genera\u0142\u00f3w (i inne tradycyjne awanse 15 sierpnia).<\/p>\n<p>Je\u017celi to jest wzmocnienie wschodniej flanki NATO, to ja za takie wzmocnienie dzi\u0119kuj\u0119. Jak powiedzia\u0142 jeden z emerytowanych genera\u0142\u00f3w w telewizji (oczywi\u015bcie nie tej publicznej), ten konflikt stawia pod znakiem zapytania zdolno\u015b\u0107 si\u0142 zbrojnych, ich dow\u00f3dztwa oraz prezydenta RP do wykonywania swoich obowi\u0105zk\u00f3w.  Jest to tak\u017ce kompromitacja na skal\u0119 NATO.<\/p>\n<p>Konflikt Duda \u2013 Macierewicz \u2013 Szyd\u0142o \u2013 Kaczy\u0144ski jest zwi\u0105zany z pr\u00f3b\u0105 emancypacji prezydenta RP. Duda ma do\u015b\u0107 Dudy z pierwszych dw\u00f3ch lat kadencji. Nie chce by\u0107 tylko notariuszem, kt\u00f3ry dzie\u0144 i noc podpisuje, co mu PiS podsunie. Moim zdaniem nie dlatego, \u017ce mu ten proceder nie odpowiada (gdyby tak by\u0142o, toby takiej roli nie gra\u0142), tylko dlatego, i\u017c samodzielny prezydent ma wi\u0119ksze szanse reelekcji ni\u017c notariusz. <\/p>\n<p>Jakie s\u0105 prawdziwe intencje prezydenta, przekonamy si\u0119 po jego projektach reformy wymiaru sprawiedliwo\u015bci.<\/p>\n<p>Prezydent ma tak\u017ce powa\u017cn\u0105 rol\u0119 do odegrania w polityce zagranicznej. Wsp\u00f3lnie z rz\u0105dem doprowadzi\u0142 do izolacji naszego kraju w skali 1:27. Dobra zmiana, a przynajmniej niekt\u00f3re jej aspekty, takie jak rozprawa z Trybuna\u0142em Konstytucyjnym, zamach na S\u0105d Najwy\u017cszy, pacyfikacja KRS i medi\u00f3w publicznych, atak na organizacje pozarz\u0105dowe, zapowiadana rozprawa z mediami prywatnymi, powoduj\u0105 alarm w krajach demokratycznych. Rezultat: Bruksela, Komisja Wenecka, wa\u017cni politycy w USA, nieliczone mi\u0119dzynarodowe gremia prawnicze i pot\u0119\u017cne media \u2013 wszyscy pokazuj\u0105 nam \u017c\u00f3\u0142t\u0105 kartk\u0119. Najwa\u017cniejsze kraje Unii \u2013 Niemcy i Francja \u2013 z trudem ukrywaj\u0105 sw\u00f3j niepok\u00f3j o miejsce Polski w Unii.<\/p>\n<p>Tymczasem ob\u00f3z w\u0142adzy w Polsce co raz bardziej zaostrza kurs antyniemiecki (Tusk agentem Merkel, kandydatem niemieckim itd.), a\u017c po stadion Legii &#8211;  ca\u0142kowicie bez sensu, bo Niemcy to nasz najwi\u0119kszy partner gospodarczy, wa\u017cny sojusznik w Unii Europejskiej, s\u0105siad po wsze czasy. Zamiast przem\u00f3wi\u0107 w duchu pojednania i wsp\u00f3\u0142pracy, ratowania pozycji Polski w \u015bwiecie, prezydent milczy lub upaja si\u0119 perspektyw\u0105 Tr\u00f3jmorza jako alternatywy dla Unii czy przynajmniej dla Niemiec.<\/p>\n<p>Korzystne aspekty \u201edobrej zmiany\u201d, przede wszystkim w dziedzinie polityki socjalnej i podatkowej, oraz pomy\u015blna koniunktura gospodarcza, w niczym nie usprawiedliwiaj\u0105 spustoszenia w innych dziedzinach.<\/p>\n","protected":false},"excerpt":{"rendered":"<p>Podpisuj\u0119 si\u0119 pod tym, co powiedzia\u0142 Tomasz Lis w Radiu TOK FM: to, czego jeste\u015bmy \u015bwiadkami, to zbrodnia na interesie narodowym. Kilka dowod\u00f3w.<\/p>\n","protected":false},"author":4,"featured_media":0,"comment_status":"open","ping_status":"closed","sticky":false,"template":"","format":"standard","meta":{"footnotes":""},"categories":[1],"tags":[],"_links":{"self":[{"href":"https:\/\/blog.polityka.pl\/passent\/wp-json\/wp\/v2\/posts\/4046"}],"collection":[{"href":"https:\/\/blog.polityka.pl\/passent\/wp-json\/wp\/v2\/posts"}],"about":[{"href":"https:\/\/blog.polityka.pl\/passent\/wp-json\/wp\/v2\/types\/post"}],"author":[{"embeddable":true,"href":"https:\/\/blog.polityka.pl\/passent\/wp-json\/wp\/v2\/users\/4"}],"replies":[{"embeddable":true,"href":"https:\/\/blog.polityka.pl\/passent\/wp-json\/wp\/v2\/comments?post=4046"}],"version-history":[{"count":3,"href":"https:\/\/blog.polityka.pl\/passent\/wp-json\/wp\/v2\/posts\/4046\/revisions"}],"predecessor-version":[{"id":4049,"href":"https:\/\/blog.polityka.pl\/passent\/wp-json\/wp\/v2\/posts\/4046\/revisions\/4049"}],"wp:attachment":[{"href":"https:\/\/blog.polityka.pl\/passent\/wp-json\/wp\/v2\/media?parent=4046"}],"wp:term":[{"taxonomy":"category","embeddable":true,"href":"https:\/\/blog.polityka.pl\/passent\/wp-json\/wp\/v2\/categories?post=4046"},{"taxonomy":"post_tag","embeddable":true,"href":"https:\/\/blog.polityka.pl\/passent\/wp-json\/wp\/v2\/tags?post=4046"}],"curies":[{"name":"wp","href":"https:\/\/api.w.org\/{rel}","templated":true}]}}