
{"id":4078,"date":"2017-09-03T12:38:09","date_gmt":"2017-09-03T10:38:09","guid":{"rendered":"http:\/\/passent.blog.polityka.pl\/?p=4078"},"modified":"2017-09-03T12:59:05","modified_gmt":"2017-09-03T10:59:05","slug":"szydlo-kto-oplacil-ziemkiewicza","status":"publish","type":"post","link":"https:\/\/blog.polityka.pl\/passent\/2017\/09\/03\/szydlo-kto-oplacil-ziemkiewicza\/","title":{"rendered":"Szyd\u0142o: Kto op\u0142aci\u0142 Ziemkiewicza?"},"content":{"rendered":"<p>Nieoceniona premier Szyd\u0142o powiedzia\u0142a w wywiadzie, \u017ce ostatnia fala protest\u00f3w przeciwko zmianom w s\u0105downictwie \u201etak samo jak s\u0142ynny ju\u017c pucz w Sejmie w grudniu ubieg\u0142ego roku\u201d by\u0142a to \u201edobrze wyre\u017cyserowana i dobrze op\u0142acana akcja, maj\u0105ca uderzy\u0107 w polski rz\u0105d\u201d. (\u201eNie zmienia to faktu, \u017ce sporo os\u00f3b protestowa\u0142o, bo ma inne zdanie ni\u017c my\u201d).<br \/>\n<!--more--><br \/>\nChocia\u017c premier przy lada okazji odmienia przez wszystkie przypadki s\u0142owa \u201ePolki i Polacy\u201d, to tak naprawd\u0119 musi by\u0107 kiepskiego zdania o rodakach, je\u015bli s\u0105dzi, \u017ce skoro demonstruj\u0105, to za pieni\u0105dze. Czy\u017cby s\u0105dzi\u0142a po sobie? Czy\u017cby uczestnicy miesi\u0119cznic te\u017c modlili si\u0119 za srebrniki? Czy\u017cby \u201ePolki i Polacy\u201d nie mogli mie\u0107 w\u0142asnego zdania i go samowolnie wyra\u017ca\u0107?<\/p>\n<p>Je\u015bli tak, to zwracam uwag\u0119 pani premier na ma\u0142e, ale wysoce szkodliwe grono tzw. dziennikarzy niepokornych, dawniej wobec Tuska, a ostatnio (nie wiadomo, za czyje pieni\u0105dze) wobec partii i rz\u0105du Kaczy\u0144skiego. Znany publicysta, Rafa\u0142 A. Ziemkiewicz, pisze w tygodniku Lisickiego: \u201ePo dw\u00f3ch latach pisowska rewolucja wyra\u017anie grz\u0119\u017anie\u201d (tu nast\u0119puj\u0105 przyk\u0142ady: podatek od sklep\u00f3w wielkoprzemys\u0142owych i bank\u00f3w, reforma medi\u00f3w publicznych i s\u0105downictwa etc.). \u201eNic si\u0119 nie udaje\u201d. Zamiast zmian mamy zmiany kadrowe, \u201enominowanie lepiej sprawdzonych pod k\u0105tem lojalno\u015bci\u201d.<\/p>\n<p>\u201eNieskrywana ch\u0119\u0107 wzi\u0119cia ca\u0142ego \u015brodowiska (prawniczego \u2013 D.P.) na polityczn\u0105 smycz oczywi\u015bcie musia\u0142a si\u0119 spotka\u0107 z reakcj\u0105 \u2013 zamiast wykorzysta\u0107 naturalne antagonizmy, PiS zjednoczy\u0142 je przeciwko sobie (\u2026). Zaburzy\u0142 te\u017c poczucie bezpiecze\u0144stwa zwyk\u0142ych wyborc\u00f3w\u2026\u201d.<\/p>\n<p>Odpowiedzi\u0105 PiS by\u0142 \u201epropagandowy atak na s\u0119dzi\u00f3w jako takich\u201d. Maj\u0105 100 proc. racji moralnych, wi\u0119c mog\u0105 dzia\u0142a\u0107 \u201ew \u017cadnym trybie\u201d. \u201eAberracj\u0105\u201d nazywa Ziemkiewicz piel\u0119gnowanie uraz\u00f3w i odwet za doznane dawniej upokorzenia. Reakcj\u0119 na prezydenckie weta autor nazywa \u201ehisteri\u0105\u201d. Branie s\u0119dzi\u00f3w na kr\u00f3tk\u0105 smycz i karanie ich za niepos\u0142usze\u0144stwo \u2013 to dla Ziemkiewicza \u201eob\u0142\u0119d\u201d. Zwalanie winy za w\u0142asne niepos\u0142usze\u0144stwa na \u201eciemne si\u0142y \u2013 patologiczne elity i kasty\u201d, Sorosa i jego NGO, Niemc\u00f3w i &#8222;Ucho prezesa&#8221; itp. \u2013 prowadzi do otwarcia coraz to nowych front\u00f3w i zmniejsza szanse powodzenia.<\/p>\n<p>\u201ePiS sam kr\u0119ci sobie bat na w\u0142asne plecy\u201d, chce wszystko kontrolowa\u0107 tylko dla dobra Polski i Polak\u00f3w. Je\u015bli \u201edalej b\u0119dzie ubli\u017ca\u0107 od ubeckich wd\u00f3w i p\u0142atnych zdrajc\u00f3w, to w ko\u0144cu zdo\u0142a zniech\u0119ci\u0107 wyborc\u00f3w do siebie\u201d \u2013 ostrzega jeden z czo\u0142owych publicyst\u00f3w IV RP.<\/p>\n<p>G\u0142os Ziemkiewicza nie jest odosobniony. Niedawno inny lider \u015brodowiska niepokornych, Bronis\u0142aw Wildstein, nie zostawi\u0142 suchej nitki na telewizji publicznej, a \u0141ukasz Warzecha ostrzega\u0142, \u017ce prymitywna polityka historyczna kszta\u0142ci \u201ebarany\u201d. S\u0105 jeszcze inne przyk\u0142ady, \u017ce argumenty podnoszone dotychczas przez opozycj\u0119 czy \u015brodowiska niezale\u017cne, np. prawnicze, nie by\u0142y wyssane z palca, nie zawsze trafiaj\u0105 w pr\u00f3\u017cni\u0119, ba, gorliwi obro\u0144cy \u201edobrej zmiany\u201d zaczynaj\u0105 powolutku przekszta\u0142ca\u0107 si\u0119 w jej krytyk\u00f3w.<\/p>\n<p>Rzecz\u0105 premier Szyd\u0142o i jej s\u0142u\u017cb jest wykry\u0107, kto ich re\u017cyseruje i kto im za to p\u0142aci.<\/p>\n","protected":false},"excerpt":{"rendered":"<p>Nieoceniona premier Szyd\u0142o powiedzia\u0142a w wywiadzie, \u017ce ostatnia fala protest\u00f3w przeciwko zmianom w s\u0105downictwie \u201etak samo jak s\u0142ynny ju\u017c pucz w Sejmie w grudniu ubieg\u0142ego roku\u201d by\u0142a to \u201edobrze wyre\u017cyserowana i dobrze op\u0142acana akcja, maj\u0105ca uderzy\u0107 w polski rz\u0105d\u201d. (\u201eNie zmienia to faktu, \u017ce sporo os\u00f3b protestowa\u0142o, bo ma inne zdanie ni\u017c my\u201d).<\/p>\n","protected":false},"author":4,"featured_media":4083,"comment_status":"open","ping_status":"closed","sticky":false,"template":"","format":"standard","meta":{"footnotes":""},"categories":[1],"tags":[],"_links":{"self":[{"href":"https:\/\/blog.polityka.pl\/passent\/wp-json\/wp\/v2\/posts\/4078"}],"collection":[{"href":"https:\/\/blog.polityka.pl\/passent\/wp-json\/wp\/v2\/posts"}],"about":[{"href":"https:\/\/blog.polityka.pl\/passent\/wp-json\/wp\/v2\/types\/post"}],"author":[{"embeddable":true,"href":"https:\/\/blog.polityka.pl\/passent\/wp-json\/wp\/v2\/users\/4"}],"replies":[{"embeddable":true,"href":"https:\/\/blog.polityka.pl\/passent\/wp-json\/wp\/v2\/comments?post=4078"}],"version-history":[{"count":4,"href":"https:\/\/blog.polityka.pl\/passent\/wp-json\/wp\/v2\/posts\/4078\/revisions"}],"predecessor-version":[{"id":4082,"href":"https:\/\/blog.polityka.pl\/passent\/wp-json\/wp\/v2\/posts\/4078\/revisions\/4082"}],"wp:featuredmedia":[{"embeddable":true,"href":"https:\/\/blog.polityka.pl\/passent\/wp-json\/wp\/v2\/media\/4083"}],"wp:attachment":[{"href":"https:\/\/blog.polityka.pl\/passent\/wp-json\/wp\/v2\/media?parent=4078"}],"wp:term":[{"taxonomy":"category","embeddable":true,"href":"https:\/\/blog.polityka.pl\/passent\/wp-json\/wp\/v2\/categories?post=4078"},{"taxonomy":"post_tag","embeddable":true,"href":"https:\/\/blog.polityka.pl\/passent\/wp-json\/wp\/v2\/tags?post=4078"}],"curies":[{"name":"wp","href":"https:\/\/api.w.org\/{rel}","templated":true}]}}