
{"id":408,"date":"2008-02-05T22:51:00","date_gmt":"2008-02-05T21:51:00","guid":{"rendered":"http:\/\/passent.blog.polityka.pl\/?p=408"},"modified":"2008-02-05T23:19:59","modified_gmt":"2008-02-05T22:19:59","slug":"chudy-wtorek-czarna-sroda","status":"publish","type":"post","link":"https:\/\/blog.polityka.pl\/passent\/2008\/02\/05\/chudy-wtorek-czarna-sroda\/","title":{"rendered":"Chudy wtorek, czarna \u015broda"},"content":{"rendered":"<p><img loading=\"lazy\" decoding=\"async\" src=\"http:\/\/passent.blog.polityka.pl\/wp-content\/uploads\/0suslo450.jpg\" alt=\"0suslo450.jpg\" title=\"0suslo450.jpg\" align=\"middle\" border=\"0\" height=\"450\" hspace=\"5\" vspace=\"5\" width=\"450\" \/><\/p>\n<p><em>Chudy ten wtorek w naszym psychiatryku&#8230; <\/em><em>Fot. Witold Rozbicki \/ REPORTER<\/em><\/p>\n<p><strong>W Ameryce \u2013 t\u0142usty wtorek. Gdybym by\u0142 Amerykaninem, g\u0142osowa\u0142bym na Baracka Obam\u0119 \u2013 z nim kojarzy si\u0119 zmiana, m\u0142odo\u015b\u0107, odmiana. Natomiast u nas \u2013 chudy wtorek<\/strong>.<\/p>\n<p>Chudy wtorek \u2013 poniewa\u017c premier Tusk wybiera si\u0119 do Moskwy z wizyt\u0105, po kt\u00f3rej trudno spodziewa\u0107 si\u0119 s\u0142odkich owoc\u00f3w. W przeddzie\u0144 wizyty premiera w Moskwie polski minister spraw zagranicznych dogada\u0142 si\u0119 w Waszyngtonie co do warunk\u00f3w, na jakich mia\u0142aby by\u0107 zainstalowana w Polsce tarcza, skierowana podobno przeciwko Iranowi oraz innym pa\u0144stwom nieobliczalnym, ale \u017caden Putin w to nie uwierzy.<\/p>\n<p>Premier Tusk nie b\u0119dzie si\u0119 dobrze czu\u0142 na Kremlu, sk\u0105d padaj\u0105 wobec Polski haniebne pogr\u00f3\u017cki, bo trudno inaczej odebra\u0107 s\u0142owa amb. Rogozina, \u017ce kiedy nasz kraj staje na linii konfrontacji, to traci 1\/3 ludno\u015bci. Genera\u0142owie rosyjscy m\u00f3wi\u0105 o automatycznym ataku na wyrzutni\u0119, kt\u00f3ra ma znale\u017a\u0107 si\u0119 na naszym terytorium. W podobnym duchu wypowiedzia\u0142 si\u0119 przewodnicz\u0105cy komisji spraw zagranicznych Dumy, S. Koseczow. Putin nie ma prawa weta w sprawie Tarczy, ale mo\u017ce by\u0107 w\u015bciek\u0142y z powodu kordonu samostanowienia, jaki otacza Rosj\u0119 od Wilna po Tbilisi, Pekin i Tokio. I co krok, to Amerykanie. Przyjemna ta wizyta nie b\u0119dzie. Tusk jedzie do jaskini lwa. Powitanie w Warszawie te\u017c nie b\u0119dzie s\u0142odkie. Na szcz\u0119\u015bcie premier jest odporny. Wierz\u0119, \u017ce nie da si\u0119 zje\u015b\u0107 ani tam, ani tu.<\/p>\n<p>Chudy jest ten wtorek, poniewa\u017c do medi\u00f3w docieraj\u0105 kolejne wiadomo\u015bci o bezece\u0144stwach s\u0142u\u017cb rosyjskich. Mia\u0142y one u\u0142atwi\u0107 Ryszardowi Krauzemu dost\u0119p do p\u00f3l naftowych w Kazachstanie, a Krauze to Kuna, a Kuna to \u017bagiel itd. Te same s\u0142u\u017cby, ciasno splecione z mafi\u0105, mia\u0142y sta\u0107 za dostawcami rosyjskiego gazu do Polski. Sprawy te zapewne d\u0142ugo pozostan\u0105 tajemnicze. Tajemnica pozostanie tak\u017ce to, czy zosta\u0142y ujawnione celowo w przededniu wizyty Tuska w Moskwie.<\/p>\n<p>Chudy wtorek, poniewa\u017c kolejne rewelacje s\u0105 coraz bardziej przygn\u0119biaj\u0105ce. \u201eZepsu\u0142y si\u0119\u201d nie tylko laptopy ministra Ziobry i jednego z jego bliskich wsp\u00f3\u0142pracownik\u00f3w, ale i by\u0142ego szefa prokuratury w Katowicach (tej najbli\u017cszej sercu ministra). Wed\u0142ug prokuratora, laptop wpad\u0142 mu do wanny! Kto mi wyt\u0142umaczy, w jaki spos\u00f3b laptop mo\u017ce trafi\u0107 do wanny? Zniszczeniu uleg\u0142y tak\u017ce karty z telefon\u00f3w kom\u00f3rkowych ministerstwa Sprawiedliwo\u015bci z czas\u00f3w p. Ziobry. Jak to jest mo\u017cliwe?! Przecie\u017c nie trzeba by\u0107 Sherlockiem Holmesem, \u017ceby podejrzewa\u0107, \u017ce to jest granda i panowie maj\u0105 nas za durni\u00f3w.<\/p>\n<p>Chudy jest ten wtorek, poniewa\u017c okazuje si\u0119, \u017ce Zbigniew Ziobro podpisywa\u0142 wnioski do s\u0105du o zgod\u0119 na za\u0142o\u017cenie pods\u0142uch\u00f3w osobom nieznanym (\u201eN.N.\u201d), kt\u00f3re by\u0142y ca\u0142kiem znane, ale gdyby by\u0142y wymienione z nazwiska, to s\u0105d m\u00f3g\u0142by nie da\u0107 zgody. Chodzi m.in. o pods\u0142uchy u pp. Janusza Kaczmarka \u2013 ministra SWiA, Konrada Kornatowskiego \u2013 \u00f3wczesnego komendanta Policji, J. Marca \u2013 b. szefa CB\u015a i Jaromira Netzla \u2013 wybra\u0144ca PiS na stanowiska szefa PZU. Dobrane towarzystwo. Wygl\u0105da na to, \u017ce Ziobrze pali si\u0119 grunt pod nogami, ale J. Kacz. zrobi\u0142 go swoim zast\u0119pc\u0105. Mo\u017ce dlatego, \u017ce za du\u017co wie? I gdzie jest laptop b. premiera (je\u015bli takiego u\u017cywa\u0142, w co w\u0105tpi\u0119).<\/p>\n<p>Chudy jest ten wtorek, poniewa\u017c iskrzy nawet w Radzie Polityki Pieni\u0119\u017cnej, kt\u00f3ra powinna by\u0107 zamkni\u0119ta w wie\u017cy z ko\u015bci s\u0142oniowej, gdzie nie powinno dociera\u0107 nic poza wiadomo\u015bciami o stanie zdrowia z\u0142otego. A okazuje si\u0119, \u017ce nominat PiS na stanowisko prezesa NBP, p. Skrzypek, nie panuje nad Rad\u0105, i tam te\u017c mamy konflikt. Sprz\u0105tanie po PiS to zadanie dla Herkulesa.<\/p>\n<p>Chudy to wtorek, bo podobno polski kontrwywiad wojskowy idzie tropami (zlikwidowanych) polskich wojskowych s\u0142u\u017cb informacyjnych, kt\u00f3re w szpitalu MSWiA mog\u0142y przej\u0105\u0107 tajne dane o stanie zdrowia polskich VIP-\u00f3w, a stamt\u0105d \u2013 czyli z tych zbrodniczych WSI \u2013 mog\u0142y one trafi\u0107 do Moskwy. Na Kremlu Putin z \u0141awrowem mogli ogl\u0105da\u0107 elektrokardiogram albo analiz\u0119 krwi Szczyg\u0142y i Gosiewskiego. Tego przecie\u017c nie wymy\u015bli\u0142by \u017caden James Bond, a u nas dzieje si\u0119 to na serio! Pami\u0119tam, \u017ce kiedy Castro, a potem Chruszczow i Bre\u017cniew, byli w USA, to tamtejsze s\u0142u\u017cby stara\u0142y si\u0119 zdoby\u0107 informacje o stanie ich zdrowia (m.in. grzebi\u0105c w kanalizacji etc.), ale \u017ceby ganiali si\u0119 po Bia\u0142ym Domu czy ameryka\u0144skim szpitalu wojskowym dla VIP \u2013 to trudno sobie wyobrazi\u0107.<\/p>\n<p>Chudy ten wtorek w naszym psychiatryku. Bo jak\u017ce inaczej okre\u015bli\u0107 sytuacj\u0119, w kt\u00f3rej faworyt Jaros\u0142awa Kaczy\u0144skiego, najlepszy z najlepszych likwidator\u00f3w WSI, Antoni Macierewicz, wymienia na czarnej li\u015bcie wsp\u00f3\u0142pracownik\u00f3w Andrzeja Grajewskiego, a potem ten sam Kaczy\u0144ski m\u00f3wi, \u017ce to by\u0142a wsp\u00f3\u0142praca patriotyczna i chlubna! Macierewicz si\u0119 od tej opinii odcina, ale to mu nie szkodzi. Ten\u017ce sam JK zg\u0142asza tego\u017c AM do sejmowej komisji w sprawie nacisk\u00f3w na s\u0142u\u017cby.<\/p>\n<p>Chudy ten wtorek, a kto wie, czy za nim nie czai si\u0119 ju\u017c czarna \u015broda.<\/p>\n","protected":false},"excerpt":{"rendered":"<p>Chudy ten wtorek w naszym psychiatryku&#8230; Fot. Witold Rozbicki \/ REPORTER W Ameryce \u2013 t\u0142usty wtorek. Gdybym by\u0142 Amerykaninem, g\u0142osowa\u0142bym na Baracka Obam\u0119 \u2013 z nim kojarzy si\u0119 zmiana, m\u0142odo\u015b\u0107, odmiana. Natomiast u nas \u2013 chudy wtorek. Chudy wtorek \u2013 poniewa\u017c premier Tusk wybiera si\u0119 do Moskwy z wizyt\u0105, po kt\u00f3rej trudno spodziewa\u0107 si\u0119 s\u0142odkich [&hellip;]<\/p>\n","protected":false},"author":4,"featured_media":0,"comment_status":"open","ping_status":"open","sticky":false,"template":"","format":"standard","meta":{"footnotes":""},"categories":[1],"tags":[],"_links":{"self":[{"href":"https:\/\/blog.polityka.pl\/passent\/wp-json\/wp\/v2\/posts\/408"}],"collection":[{"href":"https:\/\/blog.polityka.pl\/passent\/wp-json\/wp\/v2\/posts"}],"about":[{"href":"https:\/\/blog.polityka.pl\/passent\/wp-json\/wp\/v2\/types\/post"}],"author":[{"embeddable":true,"href":"https:\/\/blog.polityka.pl\/passent\/wp-json\/wp\/v2\/users\/4"}],"replies":[{"embeddable":true,"href":"https:\/\/blog.polityka.pl\/passent\/wp-json\/wp\/v2\/comments?post=408"}],"version-history":[{"count":0,"href":"https:\/\/blog.polityka.pl\/passent\/wp-json\/wp\/v2\/posts\/408\/revisions"}],"wp:attachment":[{"href":"https:\/\/blog.polityka.pl\/passent\/wp-json\/wp\/v2\/media?parent=408"}],"wp:term":[{"taxonomy":"category","embeddable":true,"href":"https:\/\/blog.polityka.pl\/passent\/wp-json\/wp\/v2\/categories?post=408"},{"taxonomy":"post_tag","embeddable":true,"href":"https:\/\/blog.polityka.pl\/passent\/wp-json\/wp\/v2\/tags?post=408"}],"curies":[{"name":"wp","href":"https:\/\/api.w.org\/{rel}","templated":true}]}}