
{"id":4085,"date":"2017-09-06T13:21:37","date_gmt":"2017-09-06T11:21:37","guid":{"rendered":"http:\/\/passent.blog.polityka.pl\/?p=4085"},"modified":"2017-09-06T13:59:36","modified_gmt":"2017-09-06T11:59:36","slug":"walus-nie-jest-sam","status":"publish","type":"post","link":"https:\/\/blog.polityka.pl\/passent\/2017\/09\/06\/walus-nie-jest-sam\/","title":{"rendered":"Walu\u015b nie jest sam"},"content":{"rendered":"<p>Zwr\u00f3\u0107my uwag\u0119 na zbieg okoliczno\u015bci. Obecny rz\u0105d zmierza do zaostrzenia kar za przest\u0119pstwa do tego stopnia, i\u017c panowie Kaczy\u0144ski, Ziobro i Jaki nie ukrywaj\u0105, \u017ce s\u0105 zwolennikami kary \u015bmierci, gdyby nie obowi\u0105zuj\u0105cy w Unii Europejskiej jej zakaz.<br \/>\n<!--more--><br \/>\nJednocze\u015bnie inni przedstawiciele polskiej prawicy nie ustaj\u0105 w staraniach o umo\u017cliwienie powrotu z Afryki Po\u0142udniowej do Polski Janusza Walusia, kt\u00f3ry z zimn\u0105 krwi\u0105 zamordowa\u0142 (1993) czarnosk\u00f3rego przeciwnika apartheidu i komunist\u0119, Chrisa Haniego. Celem zab\u00f3jstwa by\u0142a nie tylko \u015bmier\u0107 popularnego na lewicy i w\u015br\u00f3d czarnosk\u00f3rych dzia\u0142acza, ale i wywo\u0142anie wojny domowej, rozruch\u00f3w, kt\u00f3re mog\u0142yby utrudni\u0107 likwidacj\u0119 apartheidu.<\/p>\n<p>Polski emigrant zosta\u0142 skazany na kar\u0119 \u015bmierci, z czasem wyrok zosta\u0142 z\u0142agodzony, a\u017c po 22 latach pojawi\u0142a si\u0119 szansa warunkowego zwolnienia. S\u0105d zdecydowa\u0142, \u017ce decyzj\u0119 ma podj\u0105\u0107 minister sprawiedliwo\u015bci RPA, M. Masutha, co nie wr\u00f3\u017cy polskiemu przest\u0119pcy dobrze, gdy\u017c minister z\u0142o\u017cy\u0142 uprzednio apelacj\u0119 od decyzji zwolnienia Walusia.<\/p>\n<p>Celem Walusia i jego przyjaci\u00f3\u0142 w Polsce jest umo\u017cliwienie mu powrotu do kraju, po to m.in. zrzek\u0142 si\u0119 obywatelstwa RPA. Zab\u00f3jca z Pretorii ma swoich zwolennik\u00f3w w Polsce. <\/p>\n<blockquote><p>Wida\u0107 to na stadionach. Transparenty z poparciem dla zab\u00f3jcy wywieszali m.in. sympatycy Legii Warszawa, Pogoni Szczecin, a ostatnio Rakowa Cz\u0119stochowa. Ci ostatni napisali &#8222;Naszym wzorem Janusz Walu\u015b\u201d. Konserwatywne Centrum Edukacyjne Powi\u015ble zorganizowa\u0142o pikiet\u0119 w obronie Walusia.<\/p><\/blockquote>\n<p> \u2013 pisze Wiktor Ferfecki  w \u201eRzeczpospolitej\u201d.<\/p>\n<p>Wielu z nich kult zamachowca traktuje jako przed\u0142u\u017cenie czci \u017bo\u0142nierzy Wykl\u0119tych, nazywaj\u0105c go \u201eostatnim wykl\u0119tym\u201d. &#8222;Nie zauwa\u017caj\u0105, \u017ce Walu\u015b by\u0142 nie tylko antykomunist\u0105, ale te\u017c rasist\u0105 zwi\u0105zanym z ruchem neonazistowskim, co jest sprzeczne z tradycj\u0105 polskiego patriotyzmu&#8221; \u2013 m\u00f3wi dr hab. Rafa\u0142 Pankowski, socjolog i dzia\u0142acz antyfaszystowski.<\/p>\n<p>Starania Walusia wspieraj\u0105 politycy, m.in. prof. Jan \u017baryn (PiS), dzia\u0142acze Kukiz\u201915 (Rzymkowski i Mordak) oraz Ruchu Narodowego. Janusz Walu\u015b zrealizowa\u0142 has\u0142o \u201eA na drzewach zamiast  li\u015bci\u2026\u201d, wi\u0119c mo\u017ce liczy\u0107, \u017ce je\u017celi pewnego dnia wr\u00f3ci do Polski, spotka go godne powitanie, mo\u017ce nawet brunatna parada, kt\u00f3rej wi\u0119kszo\u015b\u0107 prawdopodobnie jest za kar\u0105 \u015bmierci, ale nie dla swoich bohater\u00f3w.<\/p>\n","protected":false},"excerpt":{"rendered":"<p>Zwr\u00f3\u0107my uwag\u0119 na zbieg okoliczno\u015bci. Obecny rz\u0105d zmierza do zaostrzenia kar za przest\u0119pstwa do tego stopnia, i\u017c panowie Kaczy\u0144ski, Ziobro i Jaki nie ukrywaj\u0105, \u017ce s\u0105 zwolennikami kary \u015bmierci, gdyby nie obowi\u0105zuj\u0105cy w Unii Europejskiej jej zakaz.<\/p>\n","protected":false},"author":4,"featured_media":0,"comment_status":"open","ping_status":"closed","sticky":false,"template":"","format":"standard","meta":{"footnotes":""},"categories":[1],"tags":[],"_links":{"self":[{"href":"https:\/\/blog.polityka.pl\/passent\/wp-json\/wp\/v2\/posts\/4085"}],"collection":[{"href":"https:\/\/blog.polityka.pl\/passent\/wp-json\/wp\/v2\/posts"}],"about":[{"href":"https:\/\/blog.polityka.pl\/passent\/wp-json\/wp\/v2\/types\/post"}],"author":[{"embeddable":true,"href":"https:\/\/blog.polityka.pl\/passent\/wp-json\/wp\/v2\/users\/4"}],"replies":[{"embeddable":true,"href":"https:\/\/blog.polityka.pl\/passent\/wp-json\/wp\/v2\/comments?post=4085"}],"version-history":[{"count":4,"href":"https:\/\/blog.polityka.pl\/passent\/wp-json\/wp\/v2\/posts\/4085\/revisions"}],"predecessor-version":[{"id":4088,"href":"https:\/\/blog.polityka.pl\/passent\/wp-json\/wp\/v2\/posts\/4085\/revisions\/4088"}],"wp:attachment":[{"href":"https:\/\/blog.polityka.pl\/passent\/wp-json\/wp\/v2\/media?parent=4085"}],"wp:term":[{"taxonomy":"category","embeddable":true,"href":"https:\/\/blog.polityka.pl\/passent\/wp-json\/wp\/v2\/categories?post=4085"},{"taxonomy":"post_tag","embeddable":true,"href":"https:\/\/blog.polityka.pl\/passent\/wp-json\/wp\/v2\/tags?post=4085"}],"curies":[{"name":"wp","href":"https:\/\/api.w.org\/{rel}","templated":true}]}}