
{"id":4091,"date":"2017-09-08T22:30:48","date_gmt":"2017-09-08T20:30:48","guid":{"rendered":"http:\/\/passent.blog.polityka.pl\/?p=4091"},"modified":"2017-09-09T11:25:51","modified_gmt":"2017-09-09T09:25:51","slug":"polska-granda-narodowa","status":"publish","type":"post","link":"https:\/\/blog.polityka.pl\/passent\/2017\/09\/08\/polska-granda-narodowa\/","title":{"rendered":"Polska Granda Narodowa"},"content":{"rendered":"<p>Polska Fundacja Narodowa powsta\u0142a celem poprawy wizerunku naszego kraju za granic\u0105. By\u0142a to inicjatywa bardzo w\u0105tpliwa, \u015bci\u015ble pa\u0144stwowa i rz\u0105dowa, pod kierownictwem \u00f3wczesnego ministra skarbu. Jej utworzenie nie by\u0142o niczym dziwnym, gdy\u017c rz\u0105d Zjednoczonej Prawicy od pocz\u0105tku ma hopla na punkcie wizerunku, g\u0142\u0119boko prze\u017cywa g\u0142osy krytyki na przyk\u0142ad w zagranicznych mediach czy w Brukseli.<br \/>\n<!--more--><br \/>\nZ jednej strony robi wszystko, by Polsk\u0119 izolowa\u0107, np. w g\u0142osowaniu 27:1, w bezceremonialnym zrywaniu kontraktu, w kampanii antyniemieckiej, w aroganckich wypowiedziach na temat Komisji Weneckiej i innych cia\u0142 mi\u0119dzynarodowych, w obsadzaniu wszystkich stanowisk do stajennego w\u0142\u0105cznie, z przerabianiem muzeum na w\u0142asne kopyto, a z drugiej strony tworzy Polsk\u0105 Fundacj\u0119 Narodow\u0105, swoiste ministerstwo propagandy, czy zleca pozytywny film fabularny w Hollywood. Astronomiczny bud\u017cet Fundacji, oko\u0142o 100 mln z\u0142 rocznie, p\u0142ynie z kontrybucji sp\u00f3\u0142ek Skarbu Pa\u0144stwa, czyli z pieni\u0119dzy publicznych, pa\u0144stwowych. W sk\u0142ad Rady Fundacji wchodz\u0105 przedstawiciele Lotos, KGHM, PZU, PWPW itp.<\/p>\n<p>Zamiast jednak po\u015bwi\u0119ci\u0107 si\u0119 propagandzie narodu i pa\u0144stwa polskiego, fundacja zaj\u0119\u0142a si\u0119 propagand\u0105\u2026 PiS. Kosztem 19 mln z\u0142otych wyprodukowano bilbordy i spoty powielaj\u0105ce rz\u0105dow\u0105 kampani\u0119 s\u0142u\u017c\u0105c\u0105 dyskredytacji panuj\u0105cego wymiaru sprawiedliwo\u015bci i jego deformie, kt\u00f3ra budzi g\u0142\u0119boki sprzeciw w kraju, za granic\u0105, a nawet zosta\u0142a zakwestionowana przez prezydenta Dud\u0119. S\u0119dzia, kt\u00f3ry ukrad\u0142 batonik, s\u0142owa prof. Rzepli\u0144skiego, \u017ceby zosta\u0142o, jak by\u0142o, wszystkie chwyty zosta\u0142y zastosowane, \u017ceby wywrze\u0107 presj\u0119 na prezydenta, kt\u00f3ry przygotowuje w\u0142asne projekty ustaw \u201es\u0105dowych\u201d, i w og\u00f3le na wszelkich krytyk\u00f3w deformy PiS.<\/p>\n<p>W porz\u0105dku, ale co to ma wsp\u00f3lnego z dzia\u0142aniem na rzecz poprawy wizerunku Polski za granic\u0105 i dlaczego ta partyjna kampania PiS odbywa si\u0119 za publiczne pieni\u0105dze (19 mln z\u0142!)? Przecie\u017c na finansowanie swojej propagandy partie polityczne otrzymuj\u0105 specjalne, wielomilionowe subwencje, \u017ceby nie korzysta\u0142y z innych \u017ar\u00f3de\u0142 finansowania. Tymczasem PiS powo\u0142uje fundacj\u0119, cia\u0142o teoretycznie niezwi\u0105zane z pa\u0144stwem, kt\u00f3re pod pozorem dzia\u0142alno\u015bci statutowej asygnuje miliony na cel \u015bci\u015ble partyjny. (Odrobin\u0119 przypomina to niedawn\u0105 kampani\u0119 bilbordow\u0105 rz\u0105du Orb\u00e1na przeciw Sorosowi. Ale Victor Orb\u00e1n nie udawa\u0142, \u017ce za jego kampani\u0105 stoi jaka\u015b \u201efundacja\u201d).<\/p>\n<p>Partyjna kampania za pa\u0144stwowe pieni\u0105dze to polska granda narodowa. Partia i rz\u0105d, tak normalnie zaj\u0119te uszczelnianiem kasy pa\u0144stwowej, tym razem umia\u0142y do niej same si\u0119gn\u0105\u0107. PiS powinien te pieni\u0105dze zwr\u00f3ci\u0107. A spraw\u0105 powinien zaj\u0105\u0107 si\u0119 prokurator.<\/p>\n","protected":false},"excerpt":{"rendered":"<p>Polska Fundacja Narodowa powsta\u0142a celem poprawy wizerunku naszego kraju za granic\u0105. By\u0142a to inicjatywa bardzo w\u0105tpliwa, \u015bci\u015ble pa\u0144stwowa i rz\u0105dowa, pod kierownictwem \u00f3wczesnego ministra skarbu. Jej utworzenie nie by\u0142o niczym dziwnym, gdy\u017c rz\u0105d Zjednoczonej Prawicy od pocz\u0105tku ma hopla na punkcie wizerunku, g\u0142\u0119boko prze\u017cywa g\u0142osy krytyki na przyk\u0142ad w zagranicznych mediach czy w Brukseli.<\/p>\n","protected":false},"author":4,"featured_media":4097,"comment_status":"open","ping_status":"closed","sticky":false,"template":"","format":"standard","meta":{"footnotes":""},"categories":[1],"tags":[],"_links":{"self":[{"href":"https:\/\/blog.polityka.pl\/passent\/wp-json\/wp\/v2\/posts\/4091"}],"collection":[{"href":"https:\/\/blog.polityka.pl\/passent\/wp-json\/wp\/v2\/posts"}],"about":[{"href":"https:\/\/blog.polityka.pl\/passent\/wp-json\/wp\/v2\/types\/post"}],"author":[{"embeddable":true,"href":"https:\/\/blog.polityka.pl\/passent\/wp-json\/wp\/v2\/users\/4"}],"replies":[{"embeddable":true,"href":"https:\/\/blog.polityka.pl\/passent\/wp-json\/wp\/v2\/comments?post=4091"}],"version-history":[{"count":5,"href":"https:\/\/blog.polityka.pl\/passent\/wp-json\/wp\/v2\/posts\/4091\/revisions"}],"predecessor-version":[{"id":4096,"href":"https:\/\/blog.polityka.pl\/passent\/wp-json\/wp\/v2\/posts\/4091\/revisions\/4096"}],"wp:featuredmedia":[{"embeddable":true,"href":"https:\/\/blog.polityka.pl\/passent\/wp-json\/wp\/v2\/media\/4097"}],"wp:attachment":[{"href":"https:\/\/blog.polityka.pl\/passent\/wp-json\/wp\/v2\/media?parent=4091"}],"wp:term":[{"taxonomy":"category","embeddable":true,"href":"https:\/\/blog.polityka.pl\/passent\/wp-json\/wp\/v2\/categories?post=4091"},{"taxonomy":"post_tag","embeddable":true,"href":"https:\/\/blog.polityka.pl\/passent\/wp-json\/wp\/v2\/tags?post=4091"}],"curies":[{"name":"wp","href":"https:\/\/api.w.org\/{rel}","templated":true}]}}