
{"id":4099,"date":"2017-09-17T22:05:54","date_gmt":"2017-09-17T20:05:54","guid":{"rendered":"http:\/\/passent.blog.polityka.pl\/?p=4099"},"modified":"2017-09-18T11:39:18","modified_gmt":"2017-09-18T09:39:18","slug":"kiedy-kaczynski-oglosi-zwyciestwo","status":"publish","type":"post","link":"https:\/\/blog.polityka.pl\/passent\/2017\/09\/17\/kiedy-kaczynski-oglosi-zwyciestwo\/","title":{"rendered":"Kiedy Kaczy\u0144ski og\u0142osi zwyci\u0119stwo"},"content":{"rendered":"<p>Rozmaite sonda\u017ce daj\u0105 PiS 40 i wi\u0119cej procent poparcia, co najmniej dwa razy tyle, ile daj\u0105 Platformie, nie m\u00f3wi\u0105c o pozosta\u0142ych partiach i partyjkach. Jaros\u0142aw Kaczy\u0144ski i jego partia maj\u0105 prawie wszystko, o czym partia polityczna mo\u017ce marzy\u0107: w\u0142adz\u0119, wojsko, s\u0142u\u017cby specjalne, media publiczne i zaprzyja\u017anione, znaczne poparcie spo\u0142ecze\u0144stwa i Ko\u015bcio\u0142a, a mimo to prezes zach\u0119ca do dalszej walki i obiecuje sukces w przysz\u0142o\u015bci.<br \/>\n<!--more--><br \/>\nApetyt ro\u015bnie w miar\u0119 jedzenia. Troch\u0119 przypomina to stary dowcip: co to jest socjalizm? Socjalizm jest jak horyzont, oddala si\u0119 w miar\u0119, jak si\u0119 do niego przybli\u017camy.<\/p>\n<p>Kiedy ten marsz do socjalizmu wreszcie si\u0119 sko\u0144czy &#8211; tego nie wiemy, tak jak nie wiedz\u0105 W\u0119grzy czy Turcy, ale oto niekt\u00f3re potyczki, kt\u00f3re pozwol\u0105 odtr\u0105bi\u0107 ostateczny sukces:<\/p>\n<p>POMNIKI NA KRAKOWSKIM PRZEDMIE\u015aCIU. Ods\u0142oni\u0119cie pomnik\u00f3w ofiar katastrofy (zamachu?) smole\u0144skiej b\u0119dzie dobr\u0105 okazj\u0105 do og\u0142oszenia zwyci\u0119stwa tych, kt\u00f3rzy od pocz\u0105tku stawiali sobie taki cel. Nie b\u0119dzie to jednak pe\u0142ne zwyci\u0119stwo, poniewa\u017c zwyci\u0119zcy dopiero napisz\u0105 histori\u0119 i wymierz\u0105 sprawiedliwo\u015b\u0107.<\/p>\n<p>POLSKA NORYMBERGA \u2013 rozpocz\u0119cie (lub zako\u0144czenie) procesu zbrodniarzy platformerskich: pan\u00f3w Arabskiego, Sikorskiego, Tuska, mo\u017ce tak\u017ce H.G-W. To b\u0119dzie kolejny sukces Prawa i Sprawiedliwo\u015bci, ale i to nie b\u0119dzie sukces ostateczny, poniewa\u017c zdradzieckie mordy i kanalie oraz ich protektorzy za granic\u0105 nie chc\u0105 si\u0119 podda\u0107. W tym celu potrzebne b\u0119dzie opanowanie s\u0105downictwa.<\/p>\n<p>S\u0104DOWNICTWO PiS, czystka do ostatniego asesora i s\u0119dziego &#8211; otworzy drog\u0119 do kolejnych zwyci\u0119stw, ale nie b\u0119dzie ono jeszcze wtedy przes\u0105dzone. Je\u015bli jednak PAD i JK si\u0119 porozumiej\u0105 w sprawie s\u0105downictwa, to kolejnym etapem b\u0119dzie zdobycie wi\u0119kszo\u015bci konstytucyjnej.<\/p>\n<p>WI\u0118KSZO\u015a\u0106 KONSTYTUCYJNA PiS and Co. (Kukiz&#8217;15?) &#8211; staje si\u0119 coraz bardziej realna. \u017beby sta\u0142a si\u0119 faktem, dobrze b\u0119dzie zlikwidowa\u0107 niezale\u017cne media.<\/p>\n<p>MEDIA PiS, zbudowane na gruzach medi\u00f3w niezale\u017cnych &#8211; to realne niebezpiecze\u0144stwo, czyli sukces prezesa, ale \u017ceby to sta\u0142o si\u0119 faktem, potrzebne b\u0119dzie \u2013 bagatela! &#8211; opanowanie internetu oraz \u2013 co bardziej realne \u2013 wi\u0119kszo\u015b\u0107 konstytucyjna w parlamencie. Dopiero wtedy b\u0119dzie du\u017co bli\u017cej do ca\u0142kowitego zwyci\u0119stwa, ale na to wszystko potrzebne b\u0119d\u0105 pieni\u0105dze, te za\u015b mog\u0105 pochodzi\u0107 tylko z reparacji wojennych od Niemiec i Rosji.<\/p>\n<p>REPARACJE WOJENNE b\u0119d\u0105 jak ten socjalizm \u2013 im bardziej b\u0119dziemy si\u0119 do nich zbli\u017ca\u0107 (\u201espokojna dyskusja\u201d, ekspertyzy, rzeczoznawcy, komisje, szacunki\u2026), tym bardziej b\u0119d\u0105 si\u0119 oddala\u0107. Niemcy i Rosja \u0142atwo si\u0119 nie poddadz\u0105, ale &#8211; jak wskazuje Korea P\u00f3\u0142nocna \u2013 jeden wybitny strateg potrafi utrzyma\u0107 w szachu ca\u0142y \u015bwiat. Reparacje ponad 70 lat po II wojnie s\u0105 praktycznie nierealne. Pozostaje trzecia wojna \u015bwiatowa. Nawet zupe\u0142nie osamotnieni \u2013 zwyci\u0119\u017cymy. Je\u015bli si\u0119 ma genialnego stratega i genialnego ministra obrony, to nie ma co odk\u0142ada\u0107 ostatecznego zwyci\u0119stwa.<\/p>\n<p><strong>Zaproszenie<\/strong><br \/>\nJak wygra\u0107 trzeci\u0105 wojn\u0119 \u015bwiatow\u0105? O tym b\u0119d\u0105 dyskutowa\u0107: Renata Kim (&#8222;Newsweek&#8221;), Adam Szostkiewicz (POLITYKA) i Bartosz W\u0119glarczyk (Onet). Radio TOK FM, wtorek, 19 wrze\u015bnia, godz. 20.05. Zapraszam!<\/p>\n","protected":false},"excerpt":{"rendered":"<p>Rozmaite sonda\u017ce daj\u0105 PiS 40 i wi\u0119cej procent poparcia, co najmniej dwa razy tyle, ile daj\u0105 Platformie, nie m\u00f3wi\u0105c o pozosta\u0142ych partiach i partyjkach. Jaros\u0142aw Kaczy\u0144ski i jego partia maj\u0105 prawie wszystko, o czym partia polityczna mo\u017ce marzy\u0107: w\u0142adz\u0119, wojsko, s\u0142u\u017cby specjalne, media publiczne i zaprzyja\u017anione, znaczne poparcie spo\u0142ecze\u0144stwa i Ko\u015bcio\u0142a, a mimo to prezes [&hellip;]<\/p>\n","protected":false},"author":4,"featured_media":4104,"comment_status":"open","ping_status":"closed","sticky":false,"template":"","format":"standard","meta":{"footnotes":""},"categories":[1],"tags":[],"_links":{"self":[{"href":"https:\/\/blog.polityka.pl\/passent\/wp-json\/wp\/v2\/posts\/4099"}],"collection":[{"href":"https:\/\/blog.polityka.pl\/passent\/wp-json\/wp\/v2\/posts"}],"about":[{"href":"https:\/\/blog.polityka.pl\/passent\/wp-json\/wp\/v2\/types\/post"}],"author":[{"embeddable":true,"href":"https:\/\/blog.polityka.pl\/passent\/wp-json\/wp\/v2\/users\/4"}],"replies":[{"embeddable":true,"href":"https:\/\/blog.polityka.pl\/passent\/wp-json\/wp\/v2\/comments?post=4099"}],"version-history":[{"count":3,"href":"https:\/\/blog.polityka.pl\/passent\/wp-json\/wp\/v2\/posts\/4099\/revisions"}],"predecessor-version":[{"id":4103,"href":"https:\/\/blog.polityka.pl\/passent\/wp-json\/wp\/v2\/posts\/4099\/revisions\/4103"}],"wp:featuredmedia":[{"embeddable":true,"href":"https:\/\/blog.polityka.pl\/passent\/wp-json\/wp\/v2\/media\/4104"}],"wp:attachment":[{"href":"https:\/\/blog.polityka.pl\/passent\/wp-json\/wp\/v2\/media?parent=4099"}],"wp:term":[{"taxonomy":"category","embeddable":true,"href":"https:\/\/blog.polityka.pl\/passent\/wp-json\/wp\/v2\/categories?post=4099"},{"taxonomy":"post_tag","embeddable":true,"href":"https:\/\/blog.polityka.pl\/passent\/wp-json\/wp\/v2\/tags?post=4099"}],"curies":[{"name":"wp","href":"https:\/\/api.w.org\/{rel}","templated":true}]}}