
{"id":4105,"date":"2017-09-20T15:53:15","date_gmt":"2017-09-20T13:53:15","guid":{"rendered":"http:\/\/passent.blog.polityka.pl\/?p=4105"},"modified":"2017-09-20T16:39:44","modified_gmt":"2017-09-20T14:39:44","slug":"precz-z-unijna-szmata","status":"publish","type":"post","link":"https:\/\/blog.polityka.pl\/passent\/2017\/09\/20\/precz-z-unijna-szmata\/","title":{"rendered":"Precz z unijn\u0105 szmat\u0105"},"content":{"rendered":"<p>Od pewnego czasu na \u017boliborzu (a mo\u017ce nie tylko na \u017boliborzu) m\u00f3wi si\u0119 o tym, \u017ce zrywane s\u0105 flagi Unii Europejskiej, wywieszane obok flag polskich przez niekt\u00f3rych mieszka\u0144c\u00f3w. Pocz\u0105tkowo s\u0105dzi\u0142em, \u017ce to kolejna histeryczna plotka totalnej opozycji.<br \/>\n<!--more--><br \/>\nKiedy jednak znikn\u0119\u0142a unijna chor\u0105giewka sprzed domu moich przyjaci\u00f3\u0142 \u2013 przesta\u0142em mie\u0107 w\u0105tpliwo\u015bci. Oczywi\u015bcie, zawsze mo\u017cna powiedzie\u0107, \u017ce zrywanie unijnych flag to prowokacja totalnej opozycji, Trzaskowski i Petru kr\u0105\u017c\u0105 po \u017boliborzu i pod os\u0142on\u0105 nocy robi\u0105 polityczne porz\u0105dki na ulicach, ale moim zdaniem opozycja jest zbyt m\u0105dra i leniwa, \u017ceby kra\u015b\u0107 i niszczy\u0107 unijne flagi. Dzi\u015b, kiedy z naszego domu znikn\u0119\u0142a wroga chor\u0105giewka, nie widz\u0119 ju\u017c \u017cadnego alibi.<\/p>\n<p>Tym bardziej \u017ce na blogu Matyldy Kozakiewicz znajduje si\u0119 opis rabunku flag unijnych na \u017boliborzu, gdzie mieszka jej mama. Mama widzia\u0142a, jak o trzeciej w nocy trzej zakapturzeni faceci zrywali unijne flagi, a w jej domu posun\u0119li si\u0119 jeszcze dalej: wyrwali flag\u0119 z metalowym uchwytem i tynkiem. \u201eTej nocy znikn\u0119\u0142y te\u017c wszystkie inne europejskie flagi z okolicy\u201d \u2013 pisze pani Kozakiewicz. \u201eW tym i moja\u201d \u2013 dodam.<\/p>\n<p>Przypomnijmy, \u017ce znikanie unijnych flag zacz\u0119\u0142o si\u0119 od sali konferencyjnej Kancelarii Premiera, sk\u0105d po wyborach 2015 r. (na pewien czas) znikn\u0119\u0142y unijne flagi, premier Szyd\u0142o wyst\u0105pi\u0142a jedynie na tle barw narodowych. Obecnie powr\u00f3cono do status quo ante, ale antyunijna histeria rozkr\u0119ca si\u0119 z ka\u017cdym dniem. \u201eEuropo, powsta\u0144 z kolan, obud\u017a si\u0119 z letargu, bo w przeciwnym razie b\u0119dziesz op\u0142akiwa\u0107 swoje dzieci\u201d \u2013 apeluje szefowa polskiego rz\u0105du. Prezes Kaczy\u0144ski wyobra\u017ca sobie Polsk\u0119 jako samotn\u0105 \u201ewysp\u0119 wolno\u015bci i tolerancji\u201d. Europose\u0142 i intelektualista PiS m\u00f3wi, \u017ce \u201ew ka\u017cdej chwili mo\u017cemy zosta\u0107 oszukani\u201d przez Uni\u0119. Kr\u00f3lowa PiS, profesor Paw\u0142owicz, nazywa unijn\u0105 flag\u0119 \u201eszmat\u0105\u201d.<\/p>\n<p>Chocia\u017c badania wskazuj\u0105, \u017ce ogromna wi\u0119kszo\u015b\u0107 spo\u0142ecze\u0144stwa jest za obecno\u015bci\u0105 Polski w Unii Europejskiej, to jest prawie pewne, \u017ce ta kampania nienawi\u015bci wobec \u201ebrukselskich elit\u201d, \u201eurz\u0119dnik\u00f3w unijnych, kt\u00f3rzy zagra\u017caj\u0105 naszej suwerenno\u015bci\u201d, \u201eadiutant\u00f3w Berlina i kanclerz Merkel\u201d &#8211; nie pozostanie bez \u015bladu. Podobnie jak zyskuj\u0105 zwolennik\u00f3w populi\u015bci i ugrupowania ekstremalne, r\u00f3wnie\u017c mog\u0105 rosn\u0105\u0107 w si\u0142\u0119 \u201eunio\u017cercy\u201d. Mog\u0105 to robi\u0107 dla draki, na przek\u00f3r lub z przekonania, \u017ce Polska musi by\u0107 wolna od Unii i oczyszczona z wszelkich jej symboli.<\/p>\n<p>By\u0107 mo\u017ce czuj\u0105 si\u0119 spadkobiercami tych, kt\u00f3rzy malowali na murach symbole oporu \u2013 kotwic\u0119 i solidaryc\u0119? Kto ich wyprowadzi z b\u0142\u0119du? Rz\u0105d, kt\u00f3ry szuka konfliktu w Europ\u0105 i z Niemcami? Szko\u0142a? Media publiczne? Na razie boj\u00f3wki zrywaj\u0105 unijne flagi, ale obawiam si\u0119, \u017ce to nie jest ich ostatnie s\u0142owo.<\/p>\n","protected":false},"excerpt":{"rendered":"<p>Od pewnego czasu na \u017boliborzu (a mo\u017ce nie tylko na \u017boliborzu) m\u00f3wi si\u0119 o tym, \u017ce zrywane s\u0105 flagi Unii Europejskiej, wywieszane obok flag polskich przez niekt\u00f3rych mieszka\u0144c\u00f3w. Pocz\u0105tkowo s\u0105dzi\u0142em, \u017ce to kolejna histeryczna plotka totalnej opozycji.<\/p>\n","protected":false},"author":4,"featured_media":4110,"comment_status":"open","ping_status":"closed","sticky":false,"template":"","format":"standard","meta":{"footnotes":""},"categories":[1],"tags":[],"_links":{"self":[{"href":"https:\/\/blog.polityka.pl\/passent\/wp-json\/wp\/v2\/posts\/4105"}],"collection":[{"href":"https:\/\/blog.polityka.pl\/passent\/wp-json\/wp\/v2\/posts"}],"about":[{"href":"https:\/\/blog.polityka.pl\/passent\/wp-json\/wp\/v2\/types\/post"}],"author":[{"embeddable":true,"href":"https:\/\/blog.polityka.pl\/passent\/wp-json\/wp\/v2\/users\/4"}],"replies":[{"embeddable":true,"href":"https:\/\/blog.polityka.pl\/passent\/wp-json\/wp\/v2\/comments?post=4105"}],"version-history":[{"count":4,"href":"https:\/\/blog.polityka.pl\/passent\/wp-json\/wp\/v2\/posts\/4105\/revisions"}],"predecessor-version":[{"id":4109,"href":"https:\/\/blog.polityka.pl\/passent\/wp-json\/wp\/v2\/posts\/4105\/revisions\/4109"}],"wp:featuredmedia":[{"embeddable":true,"href":"https:\/\/blog.polityka.pl\/passent\/wp-json\/wp\/v2\/media\/4110"}],"wp:attachment":[{"href":"https:\/\/blog.polityka.pl\/passent\/wp-json\/wp\/v2\/media?parent=4105"}],"wp:term":[{"taxonomy":"category","embeddable":true,"href":"https:\/\/blog.polityka.pl\/passent\/wp-json\/wp\/v2\/categories?post=4105"},{"taxonomy":"post_tag","embeddable":true,"href":"https:\/\/blog.polityka.pl\/passent\/wp-json\/wp\/v2\/tags?post=4105"}],"curies":[{"name":"wp","href":"https:\/\/api.w.org\/{rel}","templated":true}]}}