
{"id":411,"date":"2008-02-12T23:46:10","date_gmt":"2008-02-12T22:46:10","guid":{"rendered":"http:\/\/passent.blog.polityka.pl\/?p=411"},"modified":"2008-02-13T00:06:19","modified_gmt":"2008-02-12T23:06:19","slug":"wyszlo-szczyglo-z-worka","status":"publish","type":"post","link":"https:\/\/blog.polityka.pl\/passent\/2008\/02\/12\/wyszlo-szczyglo-z-worka\/","title":{"rendered":"Wysz\u0142o Szczyg\u0142o z worka"},"content":{"rendered":"<p><img loading=\"lazy\" decoding=\"async\" src=\"http:\/\/passent.blog.polityka.pl\/wp-content\/uploads\/0szczy450.jpg\" alt=\"0szczy450.jpg\" title=\"0szczy450.jpg\" align=\"middle\" border=\"0\" height=\"483\" hspace=\"5\" vspace=\"5\" width=\"450\" \/><\/p>\n<p><em>Fot. Adam Borowy \/ REPORTER<\/em><\/p>\n<p>\u201eBanda durni\u00f3w, kt\u00f3ra strzela do cywil\u00f3w\u201d \u2013 tak by\u0142y minister Obrony w rz\u0105dzie PiS, Aleksander Szczyg\u0142o, okre\u015bli\u0142 \u017co\u0142nierzy, kt\u00f3rzy jemu podlegali. Co prawda by\u0142a to wypowied\u017a prywatna, nie do mikrofonu, ale dobrze oddaje mentalno\u015b\u0107 tego pana. To jeden z najbardziej bezwzgl\u0119dnych polityk\u00f3w PiS, arogancki, z\u0142o\u015bliwy, gorszy od Anny Fotygi. Ledwo zd\u0105\u017cy\u0142 obj\u0105\u0107 fotel po Sikorskim, a ju\u017c nie oszcz\u0119dza\u0142 swojego poprzednika. Zimny, opanowany, wykalkulowany, a\u017c dziwne, \u017ce wymkn\u0119\u0142y mu si\u0119 s\u0142owa, za kt\u00f3re musia\u0142 przeprosi\u0107. To s\u0142owa i my\u015blenie prymitywne, jak pomys\u0142 tego polityka, \u017ceby muzeum Katynia umie\u015bci\u0107 naprzeciwko ambasady rosyjskiej.<\/p>\n<p>S\u0142owa pogardy, jakich u\u017cy\u0142 Szczyg\u0142o, nie s\u0105 przypadkowe. To \u201eg\u0142os jego pana\u201d \u2013 Jaros\u0142awa Kaczy\u0144skiego. Ludwik Dorn, kt\u00f3ry pod wzgl\u0119dem kultury, przewy\u017csza swojego partyjnego koleg\u0119 Szczyg\u0142\u0119 jak pu\u0142kownik \u2013 kaprala, u\u017cy\u0142 ostatnio na swoim blogu okre\u015blenia \u201ekomando publicystyczno \u2013 dziennikarskich przyg\u0142up\u00f3w z spec-grup\u0105 z \u2018Gazety Wyborczej\u2019 na czele\u201d. Ta pogarda dla dziennikarzy, zw\u0142aszcza inaczej my\u015bl\u0105cych, te\u017c nie jest wymys\u0142em Ludwika Dorna. To tak\u017ce \u201eg\u0142os jego pana\u201d. Wszak lider polityk\u00f3w PiS m\u00f3wi\u0142 ostatnio znowu o niemieckim radiu RFM (\u201eradio RFN\u201d \u2013 jak dowcipnie zauwa\u017cy\u0142 kto\u015b w Internecie) i o \u201eGazecie\u201d, kt\u00f3ra nie ma na wzgl\u0119dzie interes\u00f3w Polski.<\/p>\n<p>Panowie z PiS nie przebieraj\u0105 w s\u0142owach ani w oskar\u017ceniach. Wprowadzili do polskiej polityki j\u0119zyk nie znany od czas\u00f3w Gomu\u0142ki, kt\u00f3ry pieni\u0142 si\u0119 ze z\u0142o\u015bci na Jasienic\u00f3w i S\u0142onimskich, brutalny, pe\u0142en pogardy dla adwersarzy. Pisowcy zatruli atmosfer\u0119 \u017cycia publicznego, sprowadzili j\u0105 poni\u017cej wszelkiego poziomu. Gdyby jaki\u015b polityk Platformy czy &#8211; nie daj Bo\u017ce &#8211; LiD, okre\u015bli\u0142 \u201eFakt\u201d lub \u201eDziennik\u201d jako pismo niemieckie, gdyby m\u00f3wi\u0142 o \u201ekomando publicystyczno \u2013 dziennikarskim\u201d z \u201eRzeczpospolitej\u201d, kt\u00f3ra nie ma na wzgl\u0119dzie interes\u00f3w polskich, to panowie Wildstein, Semka, Ziemkiewicz byliby oburzeni, nie zostawiliby na autorze takich okre\u015ble\u0144 i na jego partii suchej nitki. Na szcz\u0119\u015bcie politycy Platformy, ludowcy czy LiD nie m\u00f3wi\u0105 takim j\u0119zykiem.<\/p>\n<p>Wypowied\u017a Aleksandra Szczyg\u0142y nie jest wpadk\u0105, nie jest dysonansem, mie\u015bci si\u0119 w ch\u00f3rze Prawa i Sprawiedliwo\u015bci.<\/p>\n<p>***<\/p>\n<p><strong>PS<\/strong>. Poprzedni wpis \u201e<a href=\"http:\/\/passent.blog.polityka.pl\/?p=410\" target=\"_blank\"><strong>O w\u0142os za du\u017co<\/strong><\/a>\u201d (z Berlina, o sprzeda\u017cy aukcji obiekt\u00f3w poczty powsta\u0144czej) wywo\u0142a\u0142 ciekawe i \u017cywe komentarze, za kt\u00f3re dzi\u0119kuj\u0119.<\/p>\n<p>\u201e<strong>Peter<\/strong>\u201d pyta, czy ustosunkuj\u0119 si\u0119 do tych wypowiedzi. Odpowiadam: Bardzo ch\u0119tnie.<\/p>\n<p>Zgadzam si\u0119 z \u201e<strong>Jarut\u0105<\/strong>\u201d, \u017ce nadal \u201ejeste\u015bmy chorzy na wojn\u0119\u201d. Gdybym nie by\u0142 \u201echory na wojn\u0119\u201d, to nie widzia\u0142bym niczego z\u0142ego w tym, \u017ce na aukcji w Dusseldorfie mo\u017cna sobie kupi\u0107 dokumenty z Getta \u0141\u00f3dzkiego czy z Powstania Warszawskiego. Nie mia\u0142bym skojarze\u0144 na widok napisu \u201eskup z\u0142ota dentystycznego\u201d w (moim ulubionym sk\u0105din\u0105d) Berlinie. M\u00f3g\u0142bym, oczywi\u015bcie, milcze\u0107, ale s\u0105dz\u0119, \u017ce mam prawo mie\u0107 takie skojarzenia i si\u0119 nimi na swoim blogu podzieli\u0107. Rozumiem te\u017c wszystkich tych, kt\u00f3rzy nie maj\u0105 podobnych skojarze\u0144, uwa\u017caj\u0105 kupno \u2013 sprzeda\u017c poczty powsta\u0144czej w kraju dawnego okupanta za zjawisko normalne, za codzienno\u015b\u0107 kolekcjoner\u00f3w.<\/p>\n<p>Kilka os\u00f3b, m.in. \u201e<strong>Lex<\/strong>\u201d, \u201e<strong>mw<\/strong>\u201d , zwraca uwag\u0119, \u017ce listy poczty powsta\u0144czej s\u0105 w\u0142asno\u015bci\u0105 adresat\u00f3w lub ich spadkobierc\u00f3w. To ciekawy trop, na kt\u00f3ry nie wpad\u0142em. S\u0105dz\u0119 jednak, \u017ce dor\u0119czenie tych list\u00f3w jest niemo\u017cliwe, a \u017caden z adresat\u00f3w nie mia\u0142by za z\u0142e, \u017ce pojawi\u0105 si\u0119 w Muzeum Powstania.<\/p>\n<p>Blogowicz \u201e<strong>Z Berlina<\/strong>\u201d sugeruje, \u017ce by\u0142bym bardziej zadowolony, gdyby w\u0142a\u015bciciel zbior\u00f3w przekaza\u0142 je Polsce za darmo. Owszem, by\u0142bym. Natomiast uwa\u017cam za krzywdz\u0105cy zarzut, jakobym nie m\u00f3g\u0142 pogodzi\u0107 si\u0119 z faktem, \u017ce II Wojna \u015awiatowa si\u0119 sko\u0144czy\u0142a i \u201euprawiam sentymentaln\u0105 demagogi\u0119\u201d. Wojna si\u0119 sko\u0144czy\u0142a i ja rzadko j\u0105 rozpami\u0119tuj\u0119, ale co\u015b takiego jak pami\u0119\u0107 i refleksja si\u0119 nie sko\u0144czy\u0142y. Dla jednych getto, dla drugich powstanie, jeszcze dla innych wysiedlenia s\u0105 ci\u0105gle \u017cywe, mamy w pami\u0119ci miejsca obola\u0142e. \u015awiadectwem tego by\u0142 na przyk\u0142ad sp\u00f3r o krzy\u017ce w Auschwitz. Gdyby na terenie dawnego getta postawiono weso\u0142e miasteczko, czy sprzeciw nie by\u0142by uzasadniony?<\/p>\n<p>\u201e<strong>toja<\/strong>\u201d uwa\u017ca, \u017ce m\u00f3j wpis z Berlina to \u201etemat zast\u0119pczy\u201d i pyta ironicznie \u201eco z wielk\u0105 wizyt\u0105 w Moskwie\u201d, z kt\u00f3rej jest wyra\u017anie niezadowolony. Odpowiadam: Nie ma obowi\u0105zku komentowania jakiegokolwiek wydarzenia, gospodarz blogu sam wybiera temat, nie mo\u017ce pisa\u0107 o wszystkim. B\u0119d\u0105c w Berlinie wybra\u0142em temat polsko &#8211; niemiecki. A wizyt\u0119 w Moskwie oceniam pozytywnie, co zapewne \u201etoja\u201d nie zadowoli.<\/p>\n<p>\u201e<strong>Jakub<\/strong>\u201d ma 25 lat i problem to\u017csamo\u015bci. Ciesz\u0119 si\u0119, Panie Jakubie, \u017ce zdaje sobie Pan spraw\u0119 z kwestii w\u0142asnej to\u017csamo\u015bci w czasach, kiedy II wojna i komunizm nale\u017c\u0105 ju\u017c do historii. Mog\u0119 Panu doradzi\u0107 tylko jedno: czyta\u0107, czyta\u0107 i jeszcze raz czyta\u0107. Historia II wojny i \u201ekomunizmu\u201d, z jak\u0105 styka si\u0119 Pan na co dzie\u0144, daleko odbiega od tego, co ja pami\u0119tam. Wiele os\u00f3b m\u00f3wi, \u017ce prawda musi si\u0119 \u201eucukrowa\u0107\u201d, ule\u017ce\u0107, \u017ce musz\u0105 wymrze\u0107 pokolenia uformowane w tamtych czasach. Dla mnie na przyk\u0142ad lektura \u201eStrachu\u201d Grossa jest wstrz\u0105saj\u0105ca i w du\u017cej mierze prawdziwa, a badania opinii publicznej wskazuj\u0105, \u017ce znaczna wi\u0119kszo\u015b\u0107 spo\u0142ecze\u0144stwa inaczej widzi tamte czasy. Wierz\u0119, \u017ce Pan, Panie Jakubie, wyrobi sobie s\u0105d w\u0142asny, niezale\u017cny i obiektywny.<\/p>\n<p>\u201e<strong>anga<\/strong>\u201d jest rozczarowana moim postem nt. aukcji w Dusseldorfie, gdy\u017c czas powinno si\u0119 respektowa\u0107 prawo w\u0142asno\u015bci i dysponowania ni\u0105. Zgoda, czy b\u0119d\u0105c w Ermita\u017cu, British Museum lub w Pergamonie nie wolno pomy\u015ble\u0107 jak eksponowane tam skarby tam trafi\u0142y? Czy poczta o\u015bwi\u0119cimska nadaje si\u0119 do handlu? Dla mnie nie wszystko da si\u0119 wyja\u015bni\u0107 prawem w\u0142asno\u015bci. Ale przyznaj\u0119, \u017ce jestem zacofany i nowe pokolenia nie b\u0119d\u0105 mia\u0142y skrupu\u0142\u00f3w.<\/p>\n<p>\u201e<strong>Lesiu<\/strong>\u201d prosi o porad\u0119: Posiada uczciwie zdobyte zbiory, m.in. z korespondencj\u0105 z obozu w Auschwitz (tak\u017ce z Polski mi\u0119dzywojennej i ze stolicy apostolskiej sprzed 1870 r.) \u2013 czy mo\u017ce nimi swobodnie dysponowa\u0107, np. sprzeda\u0107 je? Odpowiadam: Skoro takie s\u0105 obyczaje kolekcjoner\u00f3w, to nic na to nie poradz\u0119. W handlu zbiorami z korespondencji mi\u0119dzywojennej czy watyka\u0144skiej sprzed stu lat nie widz\u0119 niczego z\u0142ego. Natomiast nie potrafi\u0142bym handlowa\u0107 \u201eeksponatami\u201d z Auschwitz.<\/p>\n<p>Pozdrawiam, Pass.<\/p>\n","protected":false},"excerpt":{"rendered":"<p>Fot. Adam Borowy \/ REPORTER \u201eBanda durni\u00f3w, kt\u00f3ra strzela do cywil\u00f3w\u201d \u2013 tak by\u0142y minister Obrony w rz\u0105dzie PiS, Aleksander Szczyg\u0142o, okre\u015bli\u0142 \u017co\u0142nierzy, kt\u00f3rzy jemu podlegali. Co prawda by\u0142a to wypowied\u017a prywatna, nie do mikrofonu, ale dobrze oddaje mentalno\u015b\u0107 tego pana. To jeden z najbardziej bezwzgl\u0119dnych polityk\u00f3w PiS, arogancki, z\u0142o\u015bliwy, gorszy od Anny Fotygi. Ledwo [&hellip;]<\/p>\n","protected":false},"author":4,"featured_media":0,"comment_status":"open","ping_status":"open","sticky":false,"template":"","format":"standard","meta":{"footnotes":""},"categories":[1],"tags":[],"_links":{"self":[{"href":"https:\/\/blog.polityka.pl\/passent\/wp-json\/wp\/v2\/posts\/411"}],"collection":[{"href":"https:\/\/blog.polityka.pl\/passent\/wp-json\/wp\/v2\/posts"}],"about":[{"href":"https:\/\/blog.polityka.pl\/passent\/wp-json\/wp\/v2\/types\/post"}],"author":[{"embeddable":true,"href":"https:\/\/blog.polityka.pl\/passent\/wp-json\/wp\/v2\/users\/4"}],"replies":[{"embeddable":true,"href":"https:\/\/blog.polityka.pl\/passent\/wp-json\/wp\/v2\/comments?post=411"}],"version-history":[{"count":0,"href":"https:\/\/blog.polityka.pl\/passent\/wp-json\/wp\/v2\/posts\/411\/revisions"}],"wp:attachment":[{"href":"https:\/\/blog.polityka.pl\/passent\/wp-json\/wp\/v2\/media?parent=411"}],"wp:term":[{"taxonomy":"category","embeddable":true,"href":"https:\/\/blog.polityka.pl\/passent\/wp-json\/wp\/v2\/categories?post=411"},{"taxonomy":"post_tag","embeddable":true,"href":"https:\/\/blog.polityka.pl\/passent\/wp-json\/wp\/v2\/tags?post=411"}],"curies":[{"name":"wp","href":"https:\/\/api.w.org\/{rel}","templated":true}]}}