
{"id":4111,"date":"2017-09-24T20:40:31","date_gmt":"2017-09-24T18:40:31","guid":{"rendered":"http:\/\/passent.blog.polityka.pl\/?p=4111"},"modified":"2017-09-25T00:04:59","modified_gmt":"2017-09-24T22:04:59","slug":"gorzki-poniedzialek","status":"publish","type":"post","link":"https:\/\/blog.polityka.pl\/passent\/2017\/09\/24\/gorzki-poniedzialek\/","title":{"rendered":"To gorzki poniedzia\u0142ek &#8211; 25 wrze\u015bnia 2017 roku"},"content":{"rendered":"<p>W Niemczech, najwa\u017cniejszym kraju Europy, po raz pierwszy od II wojny \u015bwiatowej do parlamentu wchodzi skrajnie prawicowa partia Alternatywa dla Niemiec. By\u0107 mo\u017ce ta partia nie by\u0142aby taka silna i nie przekroczy\u0142aby progu 5 proc. g\u0142os\u00f3w wymaganych, \u017ceby wej\u015b\u0107 do Bundestagu, gdyby kanclerz Merkel nie otworzy\u0142a tak szeroko drzwi dla uchod\u017ac\u00f3w i imigrant\u00f3w.<br \/>\n<!--more--><br \/>\nAle zw\u0142aszcza Niemcy nie by\u0142y pa\u0144stwem, kt\u00f3re \u0142atwo mog\u0142o powiedzie\u0107 \u201enein\u201d. W sytuacji gdy w niekt\u00f3rych pa\u0144stwach europejskich, zw\u0142aszcza w Polsce, zn\u00f3w rozlicza si\u0119 odpowiedzialno\u015b\u0107 Niemiec za II wojn\u0119, Berlin \u2013 bardziej ni\u017c inne stolice \u2013 musi mie\u0107 na uwadze solidarno\u015b\u0107 i czynnik moralny.<\/p>\n<p>Skutek: Alternatywa (AfD) mo\u017ce sta\u0107 si\u0119 trzeci\u0105 najwi\u0119ksz\u0105 parti\u0105 z kraju, g\u0142\u00f3wn\u0105 si\u0142\u0105 opozycyjn\u0105, jej przedstawiciele b\u0119d\u0105 zasiada\u0107 w rozmaitych gremiach parlamentarnych, szerzej otworz\u0105 si\u0119 dla nich media i portfele. B\u0119d\u0105 znacznie bardziej s\u0142yszani i widoczni. Prawdopodobny sukces AfD doda wiatru w \u017cagle nacjonalistycznej prawicy w innych krajach (kt\u00f3ra niedawno potkn\u0119\u0142a si\u0119 we Francji), w tym tak\u017ce u nas. Wychwalanie \u017co\u0142nierzy Wehrmachtu i polityka historyczna AfD nie spotka si\u0119 u nas ze zrozumieniem, ale ju\u017c idea pa\u0144stwa narodowego, suwerennego, nieskr\u0119powanego przez Uni\u0119 Europejsk\u0105 \u2013 jak najbardziej. Niemcy z siln\u0105 narodow\u0105 prawic\u0105 b\u0119d\u0105 dla Polski trudniejszym partnerem. B\u0119d\u0105 wykazywali mniej zrozumienia ni\u017c Angela Merkel, wszystko jedno, na czele jakiej koalicji.<\/p>\n<p>Prezes Kaczy\u0144ski b\u0119dzie dba\u0142, \u017ceby na prawym skrzydle nie wyros\u0142o mu \u201epolskie AfD\u201d, ugrupowanie narodowc\u00f3w czy wszechpolak\u00f3w, ale w tym celu b\u0119dzie musia\u0142 sam zaostrzy\u0107 retoryk\u0119 patriotyczno-socjaln\u0105, co z kolei jeszcze bardziej zak\u0142\u00f3ci nasze stosunki z Uni\u0105, a przynajmniej z jej twardym j\u0105drem \u2013 Niemcami i Francj\u0105. W sumie zwyci\u0119stwo CDU\/CSU i Angeli Merkel jest przyprawione pio\u0142unem, jakim jest strata g\u0142os\u00f3w \u201ewielkiej koalicji\u201d. By\u0142oby s\u0142odsze, gdyby nie \u0142y\u017cka dziegciu, jak\u0105 jest 13,5 proc. dla AfD.<\/p>\n<p>W Polsce jest jeszcze gorzej, gdy\u017c pa\u0144stwo prawa jest s\u0142absze ni\u017c w RFN i na ka\u017cdym kroku podwa\u017cane jest przez ob\u00f3z rz\u0105dz\u0105cy. Zjednoczona Prawica, po zdemolowaniu Trybuna\u0142u Konstytucyjnego, s\u0142u\u017cby cywilnej, medi\u00f3w publicznych, polityki zagranicznej i po zaw\u0142aszczeniu znacznego wp\u0142ywu na trzeci\u0105 w\u0142adz\u0119, teraz wyci\u0105ga \u0142apy po ca\u0142e s\u0105downictwo, organizacje pozarz\u0105dowe (NGO), a w nast\u0119pnej kolejno\u015bci \u2013 media niezale\u017cne.<\/p>\n<p>Utrzymuj\u0105ce si\u0119 wysokie poparcie dla w\u0142adzy i jej konsekwencja w realizacji Dobrej Zmiany nie zapowiada niczego dobrego. Stosunki z Niemcami pogorsz\u0105 si\u0119, chocia\u017c entuzjazm Berlina dla Unii Europejskiej zmaleje. To dobra wiadomo\u015b\u0107 dla PiS. Z jednej strony uzyska wsparcie niemieckiej prawicy dla swojej polityki antyislamskiej, z drugiej \u2013 kanclerz Merkel b\u0119dzie mia\u0142a bardziej zwi\u0105zane r\u0119ce. Polska jednak nie zyska \u017cadnych nadziei na reparacje. W krajach Europy coraz silniejsze jest podej\u015bcie narodowe w stylu \u201eAmerica first\u201d, \u201eGermany first\u201d, \u201ePolska przede wszystkim\u201d.<\/p>\n","protected":false},"excerpt":{"rendered":"<p>W Niemczech, najwa\u017cniejszym kraju Europy, po raz pierwszy od II wojny \u015bwiatowej do parlamentu wchodzi skrajnie prawicowa partia Alternatywa dla Niemiec. By\u0107 mo\u017ce ta partia nie by\u0142aby taka silna i nie przekroczy\u0142aby progu 5 proc. g\u0142os\u00f3w wymaganych, \u017ceby wej\u015b\u0107 do Bundestagu, gdyby kanclerz Merkel nie otworzy\u0142a tak szeroko drzwi dla uchod\u017ac\u00f3w i imigrant\u00f3w.<\/p>\n","protected":false},"author":4,"featured_media":4118,"comment_status":"open","ping_status":"closed","sticky":false,"template":"","format":"standard","meta":{"footnotes":""},"categories":[1],"tags":[],"_links":{"self":[{"href":"https:\/\/blog.polityka.pl\/passent\/wp-json\/wp\/v2\/posts\/4111"}],"collection":[{"href":"https:\/\/blog.polityka.pl\/passent\/wp-json\/wp\/v2\/posts"}],"about":[{"href":"https:\/\/blog.polityka.pl\/passent\/wp-json\/wp\/v2\/types\/post"}],"author":[{"embeddable":true,"href":"https:\/\/blog.polityka.pl\/passent\/wp-json\/wp\/v2\/users\/4"}],"replies":[{"embeddable":true,"href":"https:\/\/blog.polityka.pl\/passent\/wp-json\/wp\/v2\/comments?post=4111"}],"version-history":[{"count":6,"href":"https:\/\/blog.polityka.pl\/passent\/wp-json\/wp\/v2\/posts\/4111\/revisions"}],"predecessor-version":[{"id":4117,"href":"https:\/\/blog.polityka.pl\/passent\/wp-json\/wp\/v2\/posts\/4111\/revisions\/4117"}],"wp:featuredmedia":[{"embeddable":true,"href":"https:\/\/blog.polityka.pl\/passent\/wp-json\/wp\/v2\/media\/4118"}],"wp:attachment":[{"href":"https:\/\/blog.polityka.pl\/passent\/wp-json\/wp\/v2\/media?parent=4111"}],"wp:term":[{"taxonomy":"category","embeddable":true,"href":"https:\/\/blog.polityka.pl\/passent\/wp-json\/wp\/v2\/categories?post=4111"},{"taxonomy":"post_tag","embeddable":true,"href":"https:\/\/blog.polityka.pl\/passent\/wp-json\/wp\/v2\/tags?post=4111"}],"curies":[{"name":"wp","href":"https:\/\/api.w.org\/{rel}","templated":true}]}}