
{"id":412,"date":"2008-02-15T07:10:36","date_gmt":"2008-02-15T06:10:36","guid":{"rendered":"http:\/\/passent.blog.polityka.pl\/?p=412"},"modified":"2008-02-15T07:10:36","modified_gmt":"2008-02-15T06:10:36","slug":"bija-naszych-2","status":"publish","type":"post","link":"https:\/\/blog.polityka.pl\/passent\/2008\/02\/15\/bija-naszych-2\/","title":{"rendered":"Bij\u0105 naszych!"},"content":{"rendered":"<p>Na ka\u017cdym kroku kto\u015b obra\u017ca nasz\u0105 godno\u015b\u0107 narodow\u0105, kto\u015b nas zniewa\u017ca, kto\u015b pluje nam w twarz. Wedle pos\u0142anki Szczypi\u0144skiej, kt\u00f3ra jest tub\u0105, a mo\u017ce nawet fletem lub fujark\u0105, prezesa Kaczy\u0144skiego, ostatnio nadepn\u0105\u0142 nam na godno\u015b\u0107 premier Tusk, kt\u00f3ry wybiera si\u0119 do USA samolotem rejsowym. B\u0119dzie lecia\u0142 do Nowego Jorku i do Waszyngtonu jak zwyk\u0142y cz\u0142owiek, a nie jak przysta\u0142o na szefa rz\u0105du 40-milionowego narodu, kt\u00f3ry jest (a w\u0142a\u015bciwie by\u0142 do 21 pa\u017adziernika ub.r.) licz\u0105cym si\u0119 partnerem na arenie mi\u0119dzynarodowej. &#8211; To upokorzenie naszego narodu \u2013 m\u00f3wi pos\u0142anka. &#8211; To wstyd! \u2013 m\u00f3wi\u0105 ura\u017ceni rodacy, zw\u0142aszcza ci z opozycji. Oni chcieliby widzie\u0107, jak nad Nowym Jorkiem pojawia si\u0119 nasza poczciwa \u201etutka\u201d z bia\u0142o-czerwon\u0105 szachownic\u0105 na ogonie, w eskorcie ameryka\u0144skich my\u015bliwc\u00f3w wys\u0142anych przez Bia\u0142y Dom.  Tymczasem to nasz premier wypadnie tam spod ogona rejsowego samolotu.<\/p>\n<p>Obra\u017ca nas nie tylko Donald Tusk. Prawdziwi Polacy, na czele z kardyna\u0142em, czuj\u0105 si\u0119 obra\u017ceni czytaj\u0105c ksi\u0105\u017ck\u0119 \u201eStrach\u201d. W badaniach opinii ogromna wi\u0119kszo\u015b\u0107 Polak\u00f3w nie podziela opinii zawartych w tej  ksi\u0105\u017cce. Jest z siebie zadowolona, nie czuje, \u017ceby mia\u0142a  w szafie jakiego\u015b trupa. Trup powsta\u0142 jedynie w chorej wyobra\u017ani tego po\u017cal si\u0119 Bo\u017ce autora z USA. Nie brak g\u0142os\u00f3w, \u017ce Gross walczy z Polsk\u0105 i z Polakami, a co dopiero narusza dobre imi\u0119 naszego pa\u0144stwa i naszego narodu. W obronie tych warto\u015bci wyst\u0105pi\u0142 kardyna\u0142, wyst\u0105pili profesorowie Nowak i Wolniewicz, autorytety, jak Piotr Semka czy Bronis\u0142aw Wildstein, tak\u017ce IPN w osobach pp. Kurtyki, \u017baryna, Gontarczyka i innych. \u017be Gross nie ma racji? By\u0107 mo\u017ce (ja uwa\u017cam, \u017ce du\u017co racji jednak ma), ale \u017ceby odebra\u0107 jego ksi\u0105\u017ck\u0119 jako zniewag\u0119 dla narodu, \u017ceby j\u0105 os\u0105dza\u0142 prokurator, to si\u0119 w g\u0142owie nie mie\u015bci.<\/p>\n<p>Do nagonki na Polak\u00f3w przy\u0142\u0105czy\u0142a si\u0119 tak\u017ce \u0142awa przysi\u0119g\u0142ych oraz s\u0119dzia w brytyjskim Exeter, skazuj\u0105c naszego niewinnego rodaka, kt\u00f3ry zosta\u0142 zgwa\u0142cony przez przypadkow\u0105 mieszkank\u0119 Wysp Brytyjskich. Jak przekonuj\u0105co wykaza\u0142y polskie media, system w kt\u00f3rym o winie oskar\u017conego Polaka rozstrzyga \u0142awa przysi\u0119g\u0142ych, z\u0142o\u017cona z przypadkowych obywateli, dobranych przypadkowo z przypadkowego spo\u0142ecze\u0144stwa, jest w samym swoim za\u0142o\u017ceniu z\u0142y.  Media w Polsce obszernie relacjonowa\u0142y stanowisko obro\u0144cy Jakuba T., jego rodziny i przyjaci\u00f3\u0142. I aczkolwiek mo\u017cna zrozumie\u0107 ich stanowisko, to faktem jest, \u017ce 11 spo\u015br\u00f3d 12 przysi\u0119g\u0142ych by\u0142o innego zdania. Najwi\u0119cej do powiedzenia mia\u0142 przysi\u0119g\u0142y ukrywaj\u0105cy si\u0119 pod inicja\u0142ami DNA.<\/p>\n<p>Jakim\u015b dziwnym trafem, nasze media elektroniczne, zwane tak\u017ce \u201eszybkimi\u201d, bardzo spieszy\u0142y si\u0119 do bliskich Jakuba T., ale nie zd\u0105\u017cy\u0142y dotrze\u0107 ani  do rodziny ani do bliskich owej mieszkanki Exeter. Dowiedzieli\u015bmy si\u0119 za to, \u017ce s\u0105dy przysi\u0119g\u0142ych s\u0105 z\u0142e, \u017ce brytyjskie media podsycaj\u0105 antypolskie nastroje. Brakowa\u0142o tylko opinii, \u017ce brytyjski s\u0119dzia, kt\u00f3ry wymierzy\u0142 naszemu rodakowi tak surow\u0105 kar\u0119, powinien uczy\u0107 si\u0119 rzemios\u0142a u  s\u0119dziego Kry\u017ce. Podobnie jak \u00f3w s\u0119dzia w Chicago, kt\u00f3ry uleg\u0142 naciskom i nie wyda\u0142 w r\u0119ce naszego wymiaru sprawiedliwo\u015bci pana Mazura. Anglosascy s\u0119dziowie wyra\u017anie \u201erobi\u0105 nam wbrew.\u201d Dla nich to zwykle sprawy, ale nam chodzi o honor.<\/p>\n<p>Jak gdyby tego wszystkiego nie by\u0142o do\u015b\u0107, polscy \u017co\u0142nierze i oficerowie zostali upokorzeni przez polski (!!!) s\u0105d wojskowy, kt\u00f3ry przed\u0142u\u017cy\u0142 im areszt. Obro\u0144cy honoru polskich \u017co\u0142nierzy mieli pod jednym wzgl\u0119dem racj\u0119: zostali oni aresztowani w spos\u00f3b poni\u017caj\u0105cy, co staje si\u0119 ju\u017c  w naszym kraju norm\u0105 (ale to inny temat). Natomiast, kiedy zbli\u017ca\u0142o si\u0119 posiedzenie s\u0105du, pojawi\u0142y si\u0119 argumenty godno\u015bciowe: podejrzani powinni wyst\u0119powa\u0107 z wolnej stopy, w mundurach, przy pe\u0142nym poszanowaniu godno\u015bci oficera. Genera\u0142owie wyst\u0119puj\u0105cy w telewizji broni\u0105 podejrzanych: toczy si\u0119 wojna, w Afganistanie cywil nie r\u00f3\u017cni si\u0119 od terrorysty, rozkaz to rozkaz, stres to stres itd. W takiej atmosferze decyzja s\u0105du wojskowego (nb obraduj\u0105cego w mundurach, o kt\u00f3rych czysto\u015b\u0107 moraln\u0105 te\u017c musi dba\u0107) o zatrzymaniu w areszcie wszystkich podejrzanych, wygl\u0105da jak akt zniewagi, jak obraza polskiego wymiaru sprawiedliwo\u015bci ( kt\u00f3ry powinien sta\u0107 po stronie polskiego oficera) i tak te\u017c zosta\u0142a skomentowana w telewizji przez osoby im bliskie.<\/p>\n<p>We wszystkich tych sprawach mamy do czynienia z podej\u015bciem fa\u0142szywym, kiedy wzgl\u0119dy racjonalne ust\u0119puj\u0105 wi\u0119zom plemiennym, \u0142\u0105cz\u0105cym nas ze skazanymi lub podejrzanymi, ale swoimi. Zgadzam si\u0119 z \u201emohawkiem\u201d, kt\u00f3ry pisa\u0142 o tym na naszym blogu (14.02. godz. 01. 38). Mamy do czynienia z brakiem wsp\u00f3\u0142czucia dla (obcych pod wzgl\u0119dem religijnym i etnicznym) ofiar ostrza\u0142u wioski i ich rodzin, z brakiem empatii dla zgwa\u0142conej kobiety i jej bliskich, a tak\u017ce z jakim\u015b fa\u0142szywie poj\u0119tym poczuciem godno\u015bci i honoru, na kt\u00f3ry czyhaj\u0105 wszyscy \u2013 od Grossa i Tuska, poprzez s\u0119dzi\u00f3w i przysi\u0119g\u0142ych wszelkiej ma\u015bci. \u201eWara od naszych!\u201d \u2013 to jedyne, co mamy do powiedzenia.<\/p>\n","protected":false},"excerpt":{"rendered":"<p>Na ka\u017cdym kroku kto\u015b obra\u017ca nasz\u0105 godno\u015b\u0107 narodow\u0105, kto\u015b nas zniewa\u017ca, kto\u015b pluje nam w twarz. Wedle pos\u0142anki Szczypi\u0144skiej, kt\u00f3ra jest tub\u0105, a mo\u017ce nawet fletem lub fujark\u0105, prezesa Kaczy\u0144skiego, ostatnio nadepn\u0105\u0142 nam na godno\u015b\u0107 premier Tusk, kt\u00f3ry wybiera si\u0119 do USA samolotem rejsowym. B\u0119dzie lecia\u0142 do Nowego Jorku i do Waszyngtonu jak zwyk\u0142y cz\u0142owiek, [&hellip;]<\/p>\n","protected":false},"author":4,"featured_media":0,"comment_status":"open","ping_status":"open","sticky":false,"template":"","format":"standard","meta":{"footnotes":""},"categories":[1],"tags":[],"_links":{"self":[{"href":"https:\/\/blog.polityka.pl\/passent\/wp-json\/wp\/v2\/posts\/412"}],"collection":[{"href":"https:\/\/blog.polityka.pl\/passent\/wp-json\/wp\/v2\/posts"}],"about":[{"href":"https:\/\/blog.polityka.pl\/passent\/wp-json\/wp\/v2\/types\/post"}],"author":[{"embeddable":true,"href":"https:\/\/blog.polityka.pl\/passent\/wp-json\/wp\/v2\/users\/4"}],"replies":[{"embeddable":true,"href":"https:\/\/blog.polityka.pl\/passent\/wp-json\/wp\/v2\/comments?post=412"}],"version-history":[{"count":0,"href":"https:\/\/blog.polityka.pl\/passent\/wp-json\/wp\/v2\/posts\/412\/revisions"}],"wp:attachment":[{"href":"https:\/\/blog.polityka.pl\/passent\/wp-json\/wp\/v2\/media?parent=412"}],"wp:term":[{"taxonomy":"category","embeddable":true,"href":"https:\/\/blog.polityka.pl\/passent\/wp-json\/wp\/v2\/categories?post=412"},{"taxonomy":"post_tag","embeddable":true,"href":"https:\/\/blog.polityka.pl\/passent\/wp-json\/wp\/v2\/tags?post=412"}],"curies":[{"name":"wp","href":"https:\/\/api.w.org\/{rel}","templated":true}]}}