
{"id":4120,"date":"2017-09-28T23:00:44","date_gmt":"2017-09-28T21:00:44","guid":{"rendered":"http:\/\/passent.blog.polityka.pl\/?p=4120"},"modified":"2017-09-29T09:18:59","modified_gmt":"2017-09-29T07:18:59","slug":"totalniacy","status":"publish","type":"post","link":"https:\/\/blog.polityka.pl\/passent\/2017\/09\/28\/totalniacy\/","title":{"rendered":"Totalniacy"},"content":{"rendered":"<p>\u201eTotalna opozycja\u201d \u2013 nie ma wyst\u0105pienia premier Szyd\u0142o ani ministra B\u0142aszczaka, w kt\u00f3rym nie by\u0142oby mowy o \u201etotalnej opozycji\u201d. W j\u0119zyku rz\u0105dz\u0105cej prawicy i jej medi\u00f3w opozycja nie istnieje, nie ma czego\u015b takiego jak opozycja \u2013 radykalna, m\u0105dra, g\u0142upia, umiarkowana. Jest tylko \u201eopozycja totalna\u201d. O ile mnie pami\u0119\u0107 nie myli, autorem tego okre\u015blenia jest Grzegorz Schetyna, kt\u00f3ry zapowiada\u0142, \u017ce opozycja b\u0119dzie totalna, co ochoczo podchwyci\u0142a w\u0142adza i jej adwokaci.<br \/>\n<!--more--><br \/>\nW rzeczywisto\u015bci, w odr\u00f3\u017cnieniu od rozproszonej i do\u015b\u0107 bezbarwnej opozycji, du\u017co bardziej wyrazista i totalna jest w\u0142adza, w \u201ejedn\u0105 mia\u017cd\u017c\u0105c\u0105 pi\u0119\u015b\u0107 zaci\u015bni\u0119ta\u201d. Ma ona jedn\u0105 obowi\u0105zuj\u0105c\u0105 wizj\u0119 Polski, Polek i Polak\u00f3w, a nawet Europy. Ma program, kt\u00f3ry konsekwentnie realizuje i kt\u00f3rego nikt w obozie rz\u0105dz\u0105cym nie kwestionuje. Je\u015bli kto\u015b, jak prezydent Duda, oddali si\u0119 na kawa\u0142ek od tej wizji, to potem do niej powraca. W\u0142adza jest jak czo\u0142g, kt\u00f3ry niszczy wszystko, co napotka na swojej drodze \u2013 s\u0142u\u017cb\u0119 cywiln\u0105, dyplomacj\u0119, generalicj\u0119, telewizj\u0119.<\/p>\n<p>W\u0142adza jest totalna, poniewa\u017c rozrasta si\u0119 i orze we wszystkie strony i niczego nie pozostawia ugorem. Najnowsze posuni\u0119cia ministra wicepremiera Gli\u0144skiego s\u0105 tego dobrym przyk\u0142adem \u2013 teatry, filmy, festiwale \u2013 wszystko jest pod \u015bcis\u0142ym nadzorem. No i najwa\u017cniejsze: organizacje pozarz\u0105dowe, \u201eczwarta w\u0142adza\u201d, bardzo wa\u017cny sektor, z za\u0142o\u017cenia r\u00f3\u017cnorodny, POZArz\u0105dowy, wielobarwny, t\u0119czowy i czarno-bia\u0142y, du\u017ce organizacje i ma\u0142e fundacje, wszystko to zostaje teraz wzi\u0119te za twarz i wepchni\u0119te w kaganiec zwany (o ironio!) Narodowym Instytutem Wolno\u015bci \u2013 Centrum Rozwoju Spo\u0142ecze\u0144stwa Obywatelskiego. A mo\u017ce lepiej \u2013 jak m\u00f3wi autor kabaretowy \u2013 Rz\u0105dowe Centrum Organizacji Pozarz\u0105dowych.<\/p>\n<p>To w\u0142adza jest totalna, poniewa\u017c zagarnia i podporz\u0105dkowuje sobie wszystko, o \u017cadnym tr\u00f3jpodziale nie chce s\u0142ysze\u0107, a je\u015bli ju\u017c, to ma to by\u0107 parlament PiS, rz\u0105d PiS i s\u0105downictwo PiS. Jeden wielki ci\u0105g technologiczny, kt\u00f3ry ma wykuwa\u0107 Polsk\u0119, Polki i Polak\u00f3w PiS: od naturalnego pocz\u0119cia, poprzez totaln\u0105 edukacj\u0119 i polityk\u0119 kulturaln\u0105, handel tylko w dni powszednie, a\u017c po przyspieszone emerytury i naturalny zgon.<\/p>\n<p>Wszystkie obszary \u017cycia s\u0105 zagarniane przez totaln\u0105 w\u0142adz\u0119. Na szczycie piramidy siedzi totalny prezes, \u201etotalny\u201d, poniewa\u017c podlega mu wszystko, w tym \u201etotalny\u201d (ju\u017c w cudzys\u0142owie) prezydent, kt\u00f3ry nie jest do ko\u0144ca zwierzchnikiem, i premier, kt\u00f3ra nie panuje do ko\u0144ca nad wszystkimi ministrami, jest raczej wykonawczyni\u0105 ni\u017c autork\u0105 i sprawczyni\u0105 polityki rz\u0105du, wreszcie ministrowie, kt\u00f3rzy \u2013 jak Ziobro czy Gli\u0144ski \u2013 usi\u0142uj\u0105 zagarn\u0105\u0107 jak najwi\u0119cej.<\/p>\n<p>Totalny jest te\u017c parlament, w kt\u00f3rym rej wodzi totalna w\u0142adza, wyznaczaj\u0105c kolejne sesje, g\u0142osowania i porz\u0105dek obrad wedle swojego widzimisi\u0119. Prezydent widzi siebie w roli wielkiego selekcjonera, kt\u00f3ry na rampie b\u0119dzie segregowa\u0142 65-letnich s\u0119dzi\u00f3w na zdolnych do pracy lub nadaj\u0105cych si\u0119 na z\u0142omowanie.<\/p>\n<p>Rz\u0105dz\u0105 nami totalniacy. Totalna w\u0142adza, kt\u00f3ra uzurpuje sobie totalne uprawnienia i kompetencje. W\u0142adza bezkarna i zdemoralizowana, kt\u00f3ra nie waha si\u0119 za pa\u0144stwowe miliony stawia\u0107 partyjne bilbordy, a swoich przeciwnik\u00f3w mie\u0107 za naw\u00f3z historii. Jak Ryszard Czarnecki, eurodeputowany, wiceprzewodnicz\u0105cy Parlamentu Europejskiego, kt\u00f3ry na publicznym spotkaniu w USA powiedzia\u0142, \u017ce Donald Tusk to \u201e\u015bmierdz\u0105cy le\u0144\u201d. I nikt na to nie zwr\u00f3ci\u0142 uwagi, bo w\u0142adza mo\u017ce wszystko \u2013 wszak jest totalna.<\/p>\n","protected":false},"excerpt":{"rendered":"<p>\u201eTotalna opozycja\u201d \u2013 nie ma wyst\u0105pienia premier Szyd\u0142o ani ministra B\u0142aszczaka, w kt\u00f3rym nie by\u0142oby mowy o \u201etotalnej opozycji\u201d. W j\u0119zyku rz\u0105dz\u0105cej prawicy i jej medi\u00f3w opozycja nie istnieje, nie ma czego\u015b takiego jak opozycja \u2013 radykalna, m\u0105dra, g\u0142upia, umiarkowana. Jest tylko \u201eopozycja totalna\u201d. O ile mnie pami\u0119\u0107 nie myli, autorem tego okre\u015blenia jest Grzegorz [&hellip;]<\/p>\n","protected":false},"author":4,"featured_media":4125,"comment_status":"open","ping_status":"closed","sticky":false,"template":"","format":"standard","meta":{"footnotes":""},"categories":[1],"tags":[],"_links":{"self":[{"href":"https:\/\/blog.polityka.pl\/passent\/wp-json\/wp\/v2\/posts\/4120"}],"collection":[{"href":"https:\/\/blog.polityka.pl\/passent\/wp-json\/wp\/v2\/posts"}],"about":[{"href":"https:\/\/blog.polityka.pl\/passent\/wp-json\/wp\/v2\/types\/post"}],"author":[{"embeddable":true,"href":"https:\/\/blog.polityka.pl\/passent\/wp-json\/wp\/v2\/users\/4"}],"replies":[{"embeddable":true,"href":"https:\/\/blog.polityka.pl\/passent\/wp-json\/wp\/v2\/comments?post=4120"}],"version-history":[{"count":4,"href":"https:\/\/blog.polityka.pl\/passent\/wp-json\/wp\/v2\/posts\/4120\/revisions"}],"predecessor-version":[{"id":4124,"href":"https:\/\/blog.polityka.pl\/passent\/wp-json\/wp\/v2\/posts\/4120\/revisions\/4124"}],"wp:featuredmedia":[{"embeddable":true,"href":"https:\/\/blog.polityka.pl\/passent\/wp-json\/wp\/v2\/media\/4125"}],"wp:attachment":[{"href":"https:\/\/blog.polityka.pl\/passent\/wp-json\/wp\/v2\/media?parent=4120"}],"wp:term":[{"taxonomy":"category","embeddable":true,"href":"https:\/\/blog.polityka.pl\/passent\/wp-json\/wp\/v2\/categories?post=4120"},{"taxonomy":"post_tag","embeddable":true,"href":"https:\/\/blog.polityka.pl\/passent\/wp-json\/wp\/v2\/tags?post=4120"}],"curies":[{"name":"wp","href":"https:\/\/api.w.org\/{rel}","templated":true}]}}