
{"id":413,"date":"2008-02-18T00:44:26","date_gmt":"2008-02-17T23:44:26","guid":{"rendered":"http:\/\/passent.blog.polityka.pl\/?p=413"},"modified":"2008-02-18T00:44:26","modified_gmt":"2008-02-17T23:44:26","slug":"partacze-i-fachowcy","status":"publish","type":"post","link":"https:\/\/blog.polityka.pl\/passent\/2008\/02\/18\/partacze-i-fachowcy\/","title":{"rendered":"Partacze i fachowcy"},"content":{"rendered":"<p>Przypadek informatyka, Piotra D., i jego narzeczonej, opisany przez \u201eGazet\u0119 Sto\u0142eczn\u0105\u201d, wo\u0142a o pomst\u0119 do nieba. Nie jest to pojedynczy  incydent, ale kolejny przyk\u0142ad kultury przemocy,  coraz bardziej obecnej w naszym \u017cyciu.<\/p>\n<p>Przypomnijmy: 5 lutego o godz. 6. rano do mieszkania Bogu ducha winnego Piotra D. w Warszawie zacz\u0119li dobija\u0107 si\u0119   uzbrojeni antyterrory\u015bci w czarnych kominiarkach. Kiedy gospodarz otworzy\u0142 drzwi, jeden z policjant\u00f3w uderzy\u0142 go w plecy tak silnie, \u017ce ten przelecia\u0142 kilka metr\u00f3w, powalono go na pod\u0142og\u0119 i zakuto w kajdanki. (Teraz chodzi w gorsecie.)  Narzeczon\u0105 gospodarza, kt\u00f3ra le\u017ca\u0142a w \u0142\u00f3\u017cku, napastnicy \u201euspokoili\u201d  uderzeniem kolby pistoletu w g\u0142ow\u0119. Dopiero po chwili, przy wylegitymowaniu gospodarzy przez towarzysz\u0105c\u0105 policji ekip\u0119 CB\u015a, okaza\u0142o si\u0119, \u017ce by\u0142a to fatalna pomy\u0142ka. Funkcjonariusze mieli z\u0142\u0105 informacj\u0119, pod tym adresem mieli przebywa\u0107 niebezpieczni bandyci, zab\u00f3jcy zza wschodniej granicy.<\/p>\n<p>Gdyby chodzi\u0142o tylko o mylny adres, mieliby\u015bmy do czynienia ze zwyk\u0142\u0105 wpadk\u0105 policji i CB\u015a. Kiedy tropi si\u0119 przest\u0119pc\u00f3w, taka kompromitacja mo\u017ce si\u0119 zdarzy\u0107. W tym nie by\u0142oby jeszcze tragedii. Policjanci i agenci musieli liczy\u0107 si\u0119 z tym,  \u017ce napotkaj\u0105 gro\u017anych przest\u0119pc\u00f3w i zachowa\u0107 \u015brodki bezpiecze\u0144stwa, tak\u017ce w\u0142asnego. Ale kiedy natrafili na zaspanego gospodarza i kobiet\u0119 w \u0142\u00f3\u017cku, mogli si\u0119 zreflektowa\u0107. Fakt, \u017ce funkcjonariusze uderzyli gospodarza (kt\u00f3ry otworzy\u0142 im mieszkanie i wpu\u015bci\u0142 ich do \u015brodka)  oraz jego narzeczon\u0105, fakt, \u017ce nie s\u0105 zdolni oceni\u0107 sytuacji, kt\u00f3ra nie wymaga\u0142a przemocy, \u015bwiadczy o nich jak najgorzej. Niestety, cisn\u0105 si\u0119 na j\u0119zyk najgorsze s\u0142owa. U\u017cyj\u0119 \u0142agodnego: partacze.<\/p>\n<p>Nie jest to, niestety, izolowany przypadek chamstwa. Funkcjonariusze poszli na si\u0142\u0119 nawet, kiedy nie napotkali oporu. Tak s\u0105 wyszkoleni, taka jest legenda antyterroryst\u00f3w, tego naogl\u0105dali si\u0119 w telewizji, w kinach i na szkoleniach. Mamy do czynienia z narastaj\u0105c\u0105 brutalizacj\u0105 \u017cycia. Pokazywane co pewien czas w telewizji sceny z \u0107wicze\u0144 antyterroryst\u00f3w, BOR-owc\u00f3w, agent\u00f3w ochrony, z regu\u0142y eksponuj\u0105 gro\u017ane okrzyki, ciosy, chwyty i \u0142ama\u0144ce, kt\u00f3re mog\u0105 imponowa\u0107 dzieciom i niedojrza\u0142ym m\u0142odzie\u0144com, ale doros\u0142ym powinny da\u0107 do my\u015blenia, \u017ce \u017cycie to nie s\u0105 filmy James\u2019a Bonda. Brutalno\u015b\u0107 gier komputerowych, w kt\u00f3re graj\u0105 dzieci, krew kt\u00f3ra leje si\u0119 z wi\u0119kszo\u015bci film\u00f3w pokazywanych w telewizji \u2013 wszystko to znajduje przed\u0142u\u017cenie w brawurowych popisach GROM-u, DELTY oraz innych doborowych jednostek.<\/p>\n<p>A czym\u017ce innym, jak nie \u015bwiadectwem narastaj\u0105cego chamstwa, by\u0142y popisowe i filmowane aresztowania prominent\u00f3w? Mia\u0142y \u015bwiadczy\u0107 o determinacji w\u0142adz w zwalczaniu z\u0142a.  Nawet cz\u0142onkowie elity, jak by\u0142y prezes Orlenu, Mierzejewski, by\u0142y prezes Banku, Wojtowicz, by\u0142y minister Skarbu, W\u0105sacz \u2013 nie uchronili si\u0119 przed bezpodstawnym aresztowaniem, i to gdzie\u015b na mie\u015bcie. To co dopiero m\u00f3wi\u0107 o bli\u017cej nieznanym informatyku?<\/p>\n<p>Zgadzam si\u0119 w pe\u0142ni z tym, co powiedzia\u0142 w TVN znany prawnik, prof. Piotr Kruszy\u0144ski: Komendant policji powinien by\u0142 natychmiast publicznie przeprosi\u0107 Piotra D. i jego narzeczon\u0105, a poszkodowani powinni wnie\u015b\u0107 spraw\u0119 do s\u0105du. Kto wie, mo\u017ce nawet spraw\u0105 powinna zainteresowa\u0107 si\u0119 prokuratura z urz\u0119du, chodzi przecie\u017c o dzia\u0142anie z broni\u0105 w r\u0119ku, a na pewno \u2013 o uszkodzenie cia\u0142a i szok, kt\u00f3ry potrwa. \u017badne g\u0142o\u015bne przeprosiny nie nast\u0105pi\u0142y. Skandal mia\u0142 miejsce 5 lutego, gazeta ujawni\u0142a go dziesi\u0119\u0107 dni p\u00f3\u017aniej, jutro up\u0142yn\u0105 dwa tygodnie.<\/p>\n<p>Zdaniem lekarza, uszkodzenie kr\u0119gos\u0142upa  nie jest powa\u017cne. Piotr D. wyzdrowieje. Widocznie by\u0142 uderzony fachowo.<\/p>\n","protected":false},"excerpt":{"rendered":"<p>Przypadek informatyka, Piotra D., i jego narzeczonej, opisany przez \u201eGazet\u0119 Sto\u0142eczn\u0105\u201d, wo\u0142a o pomst\u0119 do nieba. Nie jest to pojedynczy incydent, ale kolejny przyk\u0142ad kultury przemocy, coraz bardziej obecnej w naszym \u017cyciu. Przypomnijmy: 5 lutego o godz. 6. rano do mieszkania Bogu ducha winnego Piotra D. w Warszawie zacz\u0119li dobija\u0107 si\u0119 uzbrojeni antyterrory\u015bci w czarnych [&hellip;]<\/p>\n","protected":false},"author":4,"featured_media":0,"comment_status":"open","ping_status":"open","sticky":false,"template":"","format":"standard","meta":{"footnotes":""},"categories":[1],"tags":[],"_links":{"self":[{"href":"https:\/\/blog.polityka.pl\/passent\/wp-json\/wp\/v2\/posts\/413"}],"collection":[{"href":"https:\/\/blog.polityka.pl\/passent\/wp-json\/wp\/v2\/posts"}],"about":[{"href":"https:\/\/blog.polityka.pl\/passent\/wp-json\/wp\/v2\/types\/post"}],"author":[{"embeddable":true,"href":"https:\/\/blog.polityka.pl\/passent\/wp-json\/wp\/v2\/users\/4"}],"replies":[{"embeddable":true,"href":"https:\/\/blog.polityka.pl\/passent\/wp-json\/wp\/v2\/comments?post=413"}],"version-history":[{"count":0,"href":"https:\/\/blog.polityka.pl\/passent\/wp-json\/wp\/v2\/posts\/413\/revisions"}],"wp:attachment":[{"href":"https:\/\/blog.polityka.pl\/passent\/wp-json\/wp\/v2\/media?parent=413"}],"wp:term":[{"taxonomy":"category","embeddable":true,"href":"https:\/\/blog.polityka.pl\/passent\/wp-json\/wp\/v2\/categories?post=413"},{"taxonomy":"post_tag","embeddable":true,"href":"https:\/\/blog.polityka.pl\/passent\/wp-json\/wp\/v2\/tags?post=413"}],"curies":[{"name":"wp","href":"https:\/\/api.w.org\/{rel}","templated":true}]}}