
{"id":4138,"date":"2017-10-08T16:18:15","date_gmt":"2017-10-08T14:18:15","guid":{"rendered":"http:\/\/passent.blog.polityka.pl\/?p=4138"},"modified":"2017-10-08T17:11:15","modified_gmt":"2017-10-08T15:11:15","slug":"gdzie-sa-granice","status":"publish","type":"post","link":"https:\/\/blog.polityka.pl\/passent\/2017\/10\/08\/gdzie-sa-granice\/","title":{"rendered":"Gdzie s\u0105 granice"},"content":{"rendered":"<p>Organizatorzy &#8222;R\u00f3\u017ca\u0144ca do granic&#8221; s\u0105 wniebowzi\u0119ci, frekwencja dopisa\u0142a, premier Szyd\u0142o \u201epob\u0142ogos\u0142awi\u0142a\u201d, rozleg\u0142y si\u0119 echa \u015bwiatowe. Podobno milion os\u00f3b modli\u0142o si\u0119 w 420 strefach modlitwy, w tym na najwi\u0119kszym lotnisku mi\u0119dzynarodowym w kraju, w 320 ko\u015bcio\u0142ach, na terenie 22 diecezji.<br \/>\n<!--more--><br \/>\nNie brak\u0142o tak\u017ce g\u0142os\u00f3w sceptycznych (wedle BBC to przedsi\u0119wzi\u0119cie \u201ekontrowersyjne\u201d), a nawet zdecydowanie krytycznych. Pos\u0142anka Nowoczesnej, Joanna Schmidt, zwr\u00f3ci\u0142a si\u0119 do ministra infrastruktury z interpelacj\u0105 w sprawie bilet\u00f3w za z\u0142ot\u00f3wk\u0119 na wydarzenie o charakterze politycznym (zagro\u017cenie rosyjskie, islamskie i inne w\u0105tki).<\/p>\n<p>Kompetentnie zaj\u0105\u0142 si\u0119 R\u00f3\u017ca\u0144cem na swoim blogu red. Adam Szostkiewicz. Mnie interesuje zaanga\u017cowanie pa\u0144stwa. Pisz\u0105c o \u201eR\u00f3\u017ca\u0144cu\u201d, &#8222;New York Times&#8221; zauwa\u017ca, \u017ce nar\u00f3d polski zwraca si\u0119 na prawo. No i dobrze \u2013 w tym sensie dobrze, i\u017c trudno mie\u0107 pretensje do kogo\u015b, kto odczuwa potrzeb\u0119 modlitwy na granicy pa\u0144stwa i zwraca si\u0119 na prawo. Ale dla ludzi, kt\u00f3rym nie jest oboj\u0119tny przyjazny rozdzia\u0142 Ko\u015bcio\u0142a od pa\u0144stwa, wa\u017cne jest pa\u0144stwo \u015bwieckie, kt\u00f3re traktuje wszystkich obywateli jednakowo.<\/p>\n<p>Tymczasem pani premier \u015ble pozdrowienia dla uczestniczek(\u00f3w), jak gdyby podobnie post\u0119powa\u0142a w przypadku innych religii, wielka sp\u00f3\u0142ka (i) Skarbu Pa\u0144stwa subwencjonuje akcj\u0119 drog\u0105 inn\u0105 ni\u017c przewidziana dla pozosta\u0142ych organizacji pozarz\u0105dowych. Pa\u0144stwowa linia kolejowa urz\u0105dza promocj\u0119 bilet\u00f3w za z\u0142ot\u00f3wk\u0119 do granicy. Jak s\u0142usznie kto\u015b zapyta\u0142 w internecie: czy bilety na przystanek Woodstock (te\u017c na granicy) r\u00f3wnie\u017c b\u0119d\u0105 bezp\u0142atne?<\/p>\n<p>Religijny charakter wydarzenia mnie nie ekscytuje, natomiast ze smutkiem zauwa\u017cam, \u017ce sp\u00f3\u0142ki Skarbu Pa\u0144stwa, jak Energa czy PWPW, obok swoich statutowych zada\u0144 zajmuj\u0105 si\u0119 dzia\u0142alno\u015bci\u0105 w sferze \u015bwiatopogl\u0105dowej i politycznej (billbaordy propagandy PiS). Granica mi\u0119dzy Ko\u015bcio\u0142em a Pa\u0144stwem, w szkole czy w kasie, coraz bardziej przypomina Schengen. Coraz mniej widoczna, coraz \u0142atwiejsza do przekroczenia.<\/p>\n<p>Z innych wydarze\u0144: napi\u0119cie przed meczem Czarnog\u00f3ra \u2013 Polska przypomina(\u0142o) mecz Duda \u2013 Ziobro, w kt\u00f3rym rol\u0119 s\u0119dziego gra Jaros\u0142aw Kaczy\u0144ski. S\u0119dziuje on i komentuje mecz 40-latk\u00f3w niczym spotkanie junior\u00f3w, nie ukrywaj\u0105c swojej wy\u017cszo\u015bci. O prezydencie i o ministrze m\u00f3wi per \u201espory pokoleniowe czterdziestolatk\u00f3w\u201d, a prezydenckie weto nazywa \u201eincydentem\u201d.<\/p>\n<p>Gdyby Andrzej Duda wy\u017cej sobie ceni\u0142 urz\u0105d prezydenta, nie pozwoli\u0142by si\u0119 tak lekcewa\u017cy\u0107 przez ojca chrzestnego Zjednoczonej Prawicy. Niestety, ka\u017cdy z nas, w tym prezydent, tak jest traktowany, jak pozwala si\u0119 traktowa\u0107.<\/p>\n","protected":false},"excerpt":{"rendered":"<p>Organizatorzy &#8222;R\u00f3\u017ca\u0144ca do granic&#8221; s\u0105 wniebowzi\u0119ci, frekwencja dopisa\u0142a, premier Szyd\u0142o \u201epob\u0142ogos\u0142awi\u0142a\u201d, rozleg\u0142y si\u0119 echa \u015bwiatowe. Podobno milion os\u00f3b modli\u0142o si\u0119 w 420 strefach modlitwy, w tym na najwi\u0119kszym lotnisku mi\u0119dzynarodowym w kraju, w 320 ko\u015bcio\u0142ach, na terenie 22 diecezji.<\/p>\n","protected":false},"author":4,"featured_media":4142,"comment_status":"open","ping_status":"closed","sticky":false,"template":"","format":"standard","meta":{"footnotes":""},"categories":[1],"tags":[],"_links":{"self":[{"href":"https:\/\/blog.polityka.pl\/passent\/wp-json\/wp\/v2\/posts\/4138"}],"collection":[{"href":"https:\/\/blog.polityka.pl\/passent\/wp-json\/wp\/v2\/posts"}],"about":[{"href":"https:\/\/blog.polityka.pl\/passent\/wp-json\/wp\/v2\/types\/post"}],"author":[{"embeddable":true,"href":"https:\/\/blog.polityka.pl\/passent\/wp-json\/wp\/v2\/users\/4"}],"replies":[{"embeddable":true,"href":"https:\/\/blog.polityka.pl\/passent\/wp-json\/wp\/v2\/comments?post=4138"}],"version-history":[{"count":3,"href":"https:\/\/blog.polityka.pl\/passent\/wp-json\/wp\/v2\/posts\/4138\/revisions"}],"predecessor-version":[{"id":4141,"href":"https:\/\/blog.polityka.pl\/passent\/wp-json\/wp\/v2\/posts\/4138\/revisions\/4141"}],"wp:featuredmedia":[{"embeddable":true,"href":"https:\/\/blog.polityka.pl\/passent\/wp-json\/wp\/v2\/media\/4142"}],"wp:attachment":[{"href":"https:\/\/blog.polityka.pl\/passent\/wp-json\/wp\/v2\/media?parent=4138"}],"wp:term":[{"taxonomy":"category","embeddable":true,"href":"https:\/\/blog.polityka.pl\/passent\/wp-json\/wp\/v2\/categories?post=4138"},{"taxonomy":"post_tag","embeddable":true,"href":"https:\/\/blog.polityka.pl\/passent\/wp-json\/wp\/v2\/tags?post=4138"}],"curies":[{"name":"wp","href":"https:\/\/api.w.org\/{rel}","templated":true}]}}