
{"id":4148,"date":"2017-10-25T22:49:00","date_gmt":"2017-10-25T20:49:00","guid":{"rendered":"http:\/\/passent.blog.polityka.pl\/?p=4148"},"modified":"2017-10-26T06:55:12","modified_gmt":"2017-10-26T04:55:12","slug":"sila-zlego","status":"publish","type":"post","link":"https:\/\/blog.polityka.pl\/passent\/2017\/10\/25\/sila-zlego\/","title":{"rendered":"Si\u0142a z\u0142ego"},"content":{"rendered":"<p>Dwa lata, po\u0142owa (pierwszej?) kadencji, to dobra okazja, \u017ceby podsumowa\u0107 rz\u0105dy Zjednoczonej Prawicy, a dok\u0142adniej PiS, a jeszcze dok\u0142adniej \u2013 Jaros\u0142awa Kaczy\u0144skiego.<br \/>\n<!--more--><br \/>\nBy\u0107 mo\u017ce ten i \u00f3w porwie si\u0119 na takie podsumowanie, ja jednak nie czuj\u0119 si\u0119 na si\u0142ach. No bo jak tu wa\u017cy\u0107 maskarad\u0119 wyborcz\u0105 z Macierewiczem jako ministrem obrony, z kompromitacj\u0105 w sprawie Caracali, dobrodziejstwa 500+ ze skr\u00f3ceniem wieku emerytalnego, umizgi do Ameryki z antagonizowaniem Europy, ograniczanie niezale\u017cno\u015bci organizacji pozarz\u0105dowych z ordynarn\u0105 kampani\u0105 przeciwko \u201esekcie\u201d s\u0119dziowskiej, wyrzucanie milion\u00f3w na popraw\u0119 wizerunku kraju z demonta\u017cem Trybuna\u0142u Konstytucyjnego pod os\u0142on\u0105 nocy?<\/p>\n<p>Podsumowanie wymaga rzetelno\u015bci, ka\u017ce odnotowa\u0107 sukcesy rz\u0105du w dziedzinie socjalnej, 500+ oraz zwi\u0105zany z tym wzrost konsumpcji i produktu narodowego (chocia\u017c ekonomi\u015bci wskazuj\u0105 na rosn\u0105ce zad\u0142u\u017cenie i od\u0142o\u017cone skutki zwi\u0119kszonych wydatk\u00f3w). Wierz\u0119, \u017ce skurczy\u0142y si\u0119 obszary n\u0119dzy, zw\u0142aszcza odsetek dotkni\u0119tych ni\u0105 dzieci. Mo\u017ce zmala\u0142a rozpi\u0119to\u015b\u0107 dochod\u00f3w, poprawie ulega \u015bci\u0105galno\u015b\u0107 podatk\u00f3w, kurczy si\u0119 szara strefa.<\/p>\n<p>Taki rachunek nie ma jednak sensu. Ka\u017cdy rz\u0105d ma jakie\u015b osi\u0105gni\u0119cia, niejeden gabinet na \u015bwiecie cieszy si\u0119 znacznym poparciem, a mimo to jest dla cz\u0119\u015bci spo\u0142ecze\u0144stwa nie do przyj\u0119cia.<\/p>\n<p>Ostatnie dwa lata to jeden wielki triumf k\u0142amstwa. K\u0142amstwa w sprawie minionych o\u015bmiu lat, k\u0142amstwa na temat Polski w ruinie, k\u0142amstwa na temat niezawis\u0142ych s\u0119dzi\u00f3w, ich rodzin i bliskich, k\u0142amstwa w sprawie PRL, k\u0142amstwa w sprawie niezale\u017cno\u015bci rz\u0105du, k\u0142amstwa medi\u00f3w publicznych, k\u0142amstwa w sprawie pozycji naszego kraju na arenie mi\u0119dzynarodowej, k\u0142amstwa na temat stanowiska Departamentu Stanu w sprawie dobrej zmiany w polskim wymiarze sprawiedliwo\u015bci, k\u0142amstwa o tragedii smole\u0144skiej, o wstawaniu z kolan, k\u0142amstwa o \u017co\u0142nierzach i o powsta\u0144cach, k\u0142amstwa o helikopterach, k\u0142amstwa rz\u0105dz\u0105cych polityk\u00f3w na Jasnej G\u00f3rze i w Toruniu, k\u0142amstwa na temat tr\u00f3jk\u0105ta weimarskiego i czworok\u0105ta wyszehradzkiego, k\u0142amstwa na temat Brukseli, Strasburga, Waszyngtonu i Wenecji.<\/p>\n<p>Cho\u0107 rz\u0105d cieszy si\u0119 zdumiewaj\u0105co wysokim poparciem (kt\u00f3rego \u017ar\u00f3d\u0142a s\u0105 obszernie analizowane w oficjalnych wyst\u0105pieniach i w mediach), jego bilans jest w moich oczach zdecydowanie negatywny, demokracja jest coraz bardziej okrojona, posiedzenia parlamentu bywaj\u0105 fars\u0105, ustawodawstwo prowadzone na chybcika, inwigilacja coraz szersza, zas\u0142u\u017cone instytucje kulturalne zagro\u017cone ograniczaniem wsparcia, MON walczy z BBN, prezydent si\u0142uje si\u0119 z ministrem, g\u0142owa pa\u0144stwa targuje si\u0119 z prezesem partii rz\u0105dz\u0105cej o zakres podporz\u0105dkowania s\u0105downictwa politykom, sp\u00f3\u0142ki Skarbu Pa\u0144stwa s\u0105 \u0142upem rz\u0105dz\u0105cych.<\/p>\n<p>Niestety, nie zanosi si\u0119 na rych\u0142\u0105 zmian\u0119. Jak powiedzia\u0142a prof. Agata Bielik-Robson w Radiu TOK FM: je\u017celi prawicy uda si\u0119 przybra\u0107 dwa oblicza \u2013 radykalne Kaczy\u0144skiego i Macierewicza oraz wyg\u0142adzone Dudy i innych 40-latk\u00f3w \u2013 to d\u0142ugo pozostanie za sterem. A przed nami d\u0142ugi marsz.<\/p>\n","protected":false},"excerpt":{"rendered":"<p>Dwa lata, po\u0142owa (pierwszej?) kadencji, to dobra okazja, \u017ceby podsumowa\u0107 rz\u0105dy Zjednoczonej Prawicy, a dok\u0142adniej PiS, a jeszcze dok\u0142adniej \u2013 Jaros\u0142awa Kaczy\u0144skiego.<\/p>\n","protected":false},"author":4,"featured_media":0,"comment_status":"open","ping_status":"closed","sticky":false,"template":"","format":"standard","meta":{"footnotes":""},"categories":[1],"tags":[],"_links":{"self":[{"href":"https:\/\/blog.polityka.pl\/passent\/wp-json\/wp\/v2\/posts\/4148"}],"collection":[{"href":"https:\/\/blog.polityka.pl\/passent\/wp-json\/wp\/v2\/posts"}],"about":[{"href":"https:\/\/blog.polityka.pl\/passent\/wp-json\/wp\/v2\/types\/post"}],"author":[{"embeddable":true,"href":"https:\/\/blog.polityka.pl\/passent\/wp-json\/wp\/v2\/users\/4"}],"replies":[{"embeddable":true,"href":"https:\/\/blog.polityka.pl\/passent\/wp-json\/wp\/v2\/comments?post=4148"}],"version-history":[{"count":3,"href":"https:\/\/blog.polityka.pl\/passent\/wp-json\/wp\/v2\/posts\/4148\/revisions"}],"predecessor-version":[{"id":4151,"href":"https:\/\/blog.polityka.pl\/passent\/wp-json\/wp\/v2\/posts\/4148\/revisions\/4151"}],"wp:attachment":[{"href":"https:\/\/blog.polityka.pl\/passent\/wp-json\/wp\/v2\/media?parent=4148"}],"wp:term":[{"taxonomy":"category","embeddable":true,"href":"https:\/\/blog.polityka.pl\/passent\/wp-json\/wp\/v2\/categories?post=4148"},{"taxonomy":"post_tag","embeddable":true,"href":"https:\/\/blog.polityka.pl\/passent\/wp-json\/wp\/v2\/tags?post=4148"}],"curies":[{"name":"wp","href":"https:\/\/api.w.org\/{rel}","templated":true}]}}