
{"id":4152,"date":"2017-11-02T16:39:24","date_gmt":"2017-11-02T15:39:24","guid":{"rendered":"http:\/\/passent.blog.polityka.pl\/?p=4152"},"modified":"2017-11-02T17:05:06","modified_gmt":"2017-11-02T16:05:06","slug":"dobry-kandydat-ale-partyjny","status":"publish","type":"post","link":"https:\/\/blog.polityka.pl\/passent\/2017\/11\/02\/dobry-kandydat-ale-partyjny\/","title":{"rendered":"Dobry kandydat, ale partyjny"},"content":{"rendered":"<p>Rafa\u0142 Trzaskowski to chyba dobry kandydat na prezydenta Warszawy \u2013 inteligentny, wykszta\u0142cony. Mimo stosunkowo m\u0142odego wieku \u2013 polityk do\u015bwiadczony, zd\u0105\u017cy\u0142 by\u0107 ministrem, pos\u0142em, deputowanym do Parlamentu Europejskiego, co da\u0142o mu niezb\u0119dne obycie. Nie jest to osoba, kt\u00f3ra \u2013 jak np. zainteresowany Warszaw\u0105 pose\u0142 Jacek Sasin \u2013 antagonizuje cz\u0119\u015b\u0107 wyborc\u00f3w, przynajmniej ni\u017cej podpisanego.<br \/>\n<!--more--><br \/>\nKandydatura ta, jak ka\u017cda inna, ma jednak swoje s\u0142abo\u015bci. Trzaskowski, jako dzia\u0142acz Platformy i by\u0142y szef kampanii Hanny Gronkiewicz-Waltz, b\u0119dzie przez PiS uto\u017csamiany z odchodz\u0105c\u0105 prezydent Warszawy, b\u0119dzie do niej przyszywany. Ma\u0142o tego &#8211; b\u0119dzie tak\u017ce musia\u0142 odpowiada\u0107 za (w du\u017cym stopniu) nieswoje grzechy, przede wszystkim za skandaliczn\u0105 reprywatyzacj\u0119. \u201eW du\u017cym stopniu\u201d, a  nie ca\u0142kowicie, poniewa\u017c jako cz\u0142onek kierownictwa Platformy, zwi\u0105zany ze stolic\u0105, musia\u0142 przecie\u017c wiedzie\u0107, co si\u0119 dzieje, \u017ce narasta megaafera.<\/p>\n<p>Drug\u0105 s\u0142abo\u015bci\u0105 kandydatury PO jest spos\u00f3b jej zg\u0142oszenia, a w\u0142a\u015bciwie og\u0142oszenia. Wiadomo, \u017ce Platforma jest zdecydowanie najwi\u0119ksz\u0105 parti\u0105 opozycyjn\u0105 w Warszawie i \u2013 je\u015bli opozycja si\u0119 zjednoczy \u2013 kandydat opozycji musi si\u0119 wywodzi\u0107 z jej szereg\u00f3w. A mimo to postawienie Nowoczesnej i innych przed faktem dokonanym nie wr\u00f3\u017cy dobrze. \u015awiadczy o tym, \u017ce opozycja jest jeszcze daleka od porozumienia. Tym razem Nowoczesna i inni nie maj\u0105 wyboru \u2013 kandydat Platformy jest najsilniejszy, wyborcy nastawieni krytycznie do PiS, w wyborach samorz\u0105dowych w stolicy nie b\u0119d\u0105 mieli wyboru. Ale jak poradzi sobie z doborem kandydat\u00f3w (-ek) opozycja w innych miastach?<\/p>\n<p>Kandydatur\u0119 Trzaskowskiego trzeba rozpatrywa\u0107 na tle potencjalnych rywali ze strony PiS: Stanis\u0142awa Karczewskiego i Patryka Jakiego. Obaj nosz\u0105 silne pi\u0119tno Zjednoczonej Prawicy, \u017caden nie jest bezpartyjny. Marsza\u0142ek Senatu, Karczewski, to typ dzia\u0142acza starszego pokolenia, subordynowany, u\u0142adzony, raczej typ administratora i wykonawcy ni\u017c pe\u0142nego energii wizjonera i gospodarza miasta. Natomiast Patryk Jaki \u2013 odwrotnie, to szeryf i pistolet, kt\u00f3ry zyska\u0142 rozg\u0142os i uznanie jako bezkompromisowy czy\u015bciciel reprywatyzacji.<\/p>\n<p>Wida\u0107 przy tym, \u017ce temperament i ambicje go rozsadzaj\u0105. Jedn\u0105 z pierwszych jego decyzji jako wiceministra sprawiedliwo\u015bci by\u0142 zakaz prenumeraty m.in. &#8222;Newsweeka&#8221; i POLITYKI przez s\u0105dy. To drobna zemsta, kt\u00f3ra \u015bwiadczy o autorze.<\/p>\n<p>W starciu z oboma potencjalnymi kandydatami PiS Trzaskowski ma szanse, chocia\u017c jest to kandydat partyjny, a reprywatyzacja w du\u017cym stopniu przes\u0142oni\u0142a dorobek stolicy pod rz\u0105dami Hanny Gronkiewicz-Waltz i Platformy.<\/p>\n","protected":false},"excerpt":{"rendered":"<p>Rafa\u0142 Trzaskowski to chyba dobry kandydat na prezydenta Warszawy \u2013 inteligentny, wykszta\u0142cony. Mimo stosunkowo m\u0142odego wieku \u2013 polityk do\u015bwiadczony, zd\u0105\u017cy\u0142 by\u0107 ministrem, pos\u0142em, deputowanym do Parlamentu Europejskiego, co da\u0142o mu niezb\u0119dne obycie. Nie jest to osoba, kt\u00f3ra \u2013 jak np. zainteresowany Warszaw\u0105 pose\u0142 Jacek Sasin \u2013 antagonizuje cz\u0119\u015b\u0107 wyborc\u00f3w, przynajmniej ni\u017cej podpisanego.<\/p>\n","protected":false},"author":4,"featured_media":4157,"comment_status":"open","ping_status":"closed","sticky":false,"template":"","format":"standard","meta":{"footnotes":""},"categories":[1],"tags":[],"_links":{"self":[{"href":"https:\/\/blog.polityka.pl\/passent\/wp-json\/wp\/v2\/posts\/4152"}],"collection":[{"href":"https:\/\/blog.polityka.pl\/passent\/wp-json\/wp\/v2\/posts"}],"about":[{"href":"https:\/\/blog.polityka.pl\/passent\/wp-json\/wp\/v2\/types\/post"}],"author":[{"embeddable":true,"href":"https:\/\/blog.polityka.pl\/passent\/wp-json\/wp\/v2\/users\/4"}],"replies":[{"embeddable":true,"href":"https:\/\/blog.polityka.pl\/passent\/wp-json\/wp\/v2\/comments?post=4152"}],"version-history":[{"count":3,"href":"https:\/\/blog.polityka.pl\/passent\/wp-json\/wp\/v2\/posts\/4152\/revisions"}],"predecessor-version":[{"id":4156,"href":"https:\/\/blog.polityka.pl\/passent\/wp-json\/wp\/v2\/posts\/4152\/revisions\/4156"}],"wp:featuredmedia":[{"embeddable":true,"href":"https:\/\/blog.polityka.pl\/passent\/wp-json\/wp\/v2\/media\/4157"}],"wp:attachment":[{"href":"https:\/\/blog.polityka.pl\/passent\/wp-json\/wp\/v2\/media?parent=4152"}],"wp:term":[{"taxonomy":"category","embeddable":true,"href":"https:\/\/blog.polityka.pl\/passent\/wp-json\/wp\/v2\/categories?post=4152"},{"taxonomy":"post_tag","embeddable":true,"href":"https:\/\/blog.polityka.pl\/passent\/wp-json\/wp\/v2\/tags?post=4152"}],"curies":[{"name":"wp","href":"https:\/\/api.w.org\/{rel}","templated":true}]}}