
{"id":4159,"date":"2017-11-05T18:23:47","date_gmt":"2017-11-05T17:23:47","guid":{"rendered":"http:\/\/passent.blog.polityka.pl\/?p=4159"},"modified":"2017-11-06T08:35:13","modified_gmt":"2017-11-06T07:35:13","slug":"terapia-ideologiczna","status":"publish","type":"post","link":"https:\/\/blog.polityka.pl\/passent\/2017\/11\/05\/terapia-ideologiczna\/","title":{"rendered":"Terapia ideologiczna"},"content":{"rendered":"<p>Determinacja w\u0142adz w formowaniu nowego cz\u0142owieka jest widoczna na ka\u017cdym kroku. Nie przepuszczaj\u0105 niczego. Podr\u0119czniki i programy szkolne, lektury, muzea, teatry, festiwale, kinematografia, wystawy, media publiczne, polityka historyczna, obchody, uroczysto\u015bci, nagrody, zaszczyty, odznaczenia \u2013 ca\u0142a sfera ideologii i \u015bwiadomo\u015bci ma realizowa\u0107 program partii i rz\u0105du. Program narodowy, konserwatywny i zarazem \u2013 je\u015bli chodzi o samo\u015bwiadomo\u015b\u0107 \u2013 szkodliwy, megaloma\u0144ski.<br \/>\n<!--more--><br \/>\nOd czasu rewolucji kulturalnej w Chinach nie by\u0142o chyba kraju, w kt\u00f3rym w\u0142adza z tak\u0105 energi\u0105 przyst\u0105pi\u0142aby do budowy nowego cz\u0142owieka, z takim lekcewa\u017ceniem traktowa\u0142a stare elity i tak bezpardonowo mianowa\u0142a nowe \u2013 w wojsku, w wymiarze sprawiedliwo\u015bci, w o\u015bwiacie. Genera\u0142\u00f3w si\u0119 wyrzuca, wybitnych prawnik\u00f3w, takich jak prof. Adam Strzembosz, si\u0119 lekcewa\u017cy. Na ich miejsce przychodz\u0105 swoi, nawet magister z kiepskimi opiniami jako s\u0119dzia mo\u017ce zosta\u0107 prezesem Trybuna\u0142u.<\/p>\n<p>Nowy obywatel ma czyta\u0107 \u201es\u0142uszne\u201d gazety i czasopisma. Jedn\u0105 z pierwszych decyzji wiceministra sprawiedliwo\u015bci Patryka Jakiego by\u0142 zakaz prenumeraty niekt\u00f3rych gazet i czasopism przez s\u0105dy (&#8222;Gazety Wyborczej&#8221;, &#8222;Newsweeka&#8221;, POLITYKI). Poza wzgl\u0119dami ideowymi ma to zmniejszy\u0107 sprzeda\u017c tych czasopism w trudnych dla prasy papierowej czasach. Tak\u017ce og\u0142oszenia, komunikaty instytucji publicznych, sp\u00f3\u0142ek Skarbu Pa\u0144stwa &#8211; rozdzielane s\u0105 na zasadzie kija i marchewki. Media s\u0142uszne otrzymuj\u0105 og\u0142oszenia, media niegrzeczne \u2013 fig\u0119. Jest to silna bro\u0144, poniewa\u017c w czasach spadaj\u0105cego czytelnictwa i rywalizacji o widz\u00f3w i s\u0142uchaczy znaczenie wp\u0142yw\u00f3w z reklam jest bardzo istotne.<\/p>\n<p>W zamian za pa\u0144stwowe wsparcie media nie tylko dostaj\u0105 og\u0142oszenia, ale pieni\u0105dze na ca\u0142e dodatki tematyczne, wspierane przez instytucje pa\u0144stwowe. Niekt\u00f3re sp\u00f3\u0142ki Skarbu Pa\u0144stwa (np. Polska Wytw\u00f3rnia Papier\u00f3w Warto\u015bciowych) s\u0105 bardzo aktywne w krzewieniu obowi\u0105zuj\u0105cej polityki historycznej. Przoduje w tym, oczywi\u015bcie, IPN \u2013 pot\u0119\u017cne ministerstwo historii. Temu s\u0142u\u017c\u0105 nawet nazewnictwo ulic i plac\u00f3w czy dob\u00f3r patron\u00f3w szk\u00f3\u0142.<\/p>\n<p>Nowy cz\u0142owiek ma nie zna\u0107 pewnych postaci, w ich miejsce przyswoi\u0107 sobie bohater\u00f3w wykl\u0119tych. Ma s\u0142ucha\u0107 Radia Maryja, ciesz\u0105cego si\u0119 specjalnymi wzgl\u0119dami pa\u0144stwa, ogl\u0105da\u0107 prawicowe telewizje, czyta\u0107 gazety, kt\u00f3rym udziela wywiad\u00f3w prezes. Utrudniaj\u0105c innym mediom kontakt z w\u0142adzami i dost\u0119p do informacji, pa\u0144stwo wskazuje, co i kogo ma czyta\u0107, s\u0142ucha\u0107, ogl\u0105da\u0107 nowy cz\u0142owiek. Festiwal opolski czy zmiany w publicznej TV i w radiu nie pozostawiaj\u0105 w\u0105tpliwo\u015bci. S\u0142uszne organizacje pozarz\u0105dowe mog\u0105 liczy\u0107 na pa\u0144stwowe subwencje i wykuwa\u0107 nowego cz\u0142owieka, Wielka Orkiestra \u015awi\u0105tecznej Pomocy czy Woodstock nie mog\u0105 ju\u017c liczy\u0107 na wsparcie instytucji pa\u0144stwowych, jak np. wojska czy Banku PKO SA.<\/p>\n<p>Od kilkudziesi\u0119ciu lat nie by\u0142o w Polsce takiej ofensywy ideowowychowawczej i przemys\u0142u, kt\u00f3ry si\u0119 na tym rozwija\u0142. W PRL przynajmniej od lat 70. nacisk ideologiczny s\u0142ab\u0142. Wraz z upadkiem mitu komunistycznego pa\u0144stwo by\u0142o coraz mniej ideologiczne, coraz bardziej pragmatyczne, \u015bwiadome, \u017ce spo\u0142ecze\u0144stwa nie da si\u0119 nakarmi\u0107 ideologi\u0105. W latach 80. \u017cadnej panuj\u0105cej wiary nie by\u0142o, bo i nie mog\u0142o by\u0107. Kr\u00f3l by\u0142 nagi. Lata 90. i pocz\u0105tek XX wieku to odkrycie gospodarki rynkowej, wiara w cudown\u0105 moc liberalizmu, ale wiara nienarzucana dzieciom w szko\u0142ach i widzom w kinach, teatrach i muzeach.<\/p>\n<p>Intensywna terapia ideowa stosowana jest dopiero od kilku lat. Kiedy \u201ePolska w ruinie\u201d zaspokoi\u0142a najpilniejsze potrzeby, a nawet dorzuci\u0142a 500+, kiedy pa\u0144stwo nie musi ju\u017c importowa\u0107 zbo\u017ca i cytryn \u2013 przysz\u0142a pora na \u201epieriekowk\u0119\u201d, kszta\u0142towanie nowego cz\u0142owieka, zadowolonego z siebie, ze swojego pa\u0144stwa i Ko\u015bcio\u0142a, nieufnego wobec s\u0105siad\u00f3w i zachodniej Europy, a przede wszystkim kanalii, kt\u00f3rym si\u0119 nie podoba i kt\u00f3re szczerz\u0105 swoje zdradzieckie mordy.<\/p>\n","protected":false},"excerpt":{"rendered":"<p>Determinacja w\u0142adz w formowaniu nowego cz\u0142owieka jest widoczna na ka\u017cdym kroku. Nie przepuszczaj\u0105 niczego. Podr\u0119czniki i programy szkolne, lektury, muzea, teatry, festiwale, kinematografia, wystawy, media publiczne, polityka historyczna, obchody, uroczysto\u015bci, nagrody, zaszczyty, odznaczenia \u2013 ca\u0142a sfera ideologii i \u015bwiadomo\u015bci ma realizowa\u0107 program partii i rz\u0105du. Program narodowy, konserwatywny i zarazem \u2013 je\u015bli chodzi o samo\u015bwiadomo\u015b\u0107 [&hellip;]<\/p>\n","protected":false},"author":4,"featured_media":0,"comment_status":"open","ping_status":"closed","sticky":false,"template":"","format":"standard","meta":{"footnotes":""},"categories":[1],"tags":[],"_links":{"self":[{"href":"https:\/\/blog.polityka.pl\/passent\/wp-json\/wp\/v2\/posts\/4159"}],"collection":[{"href":"https:\/\/blog.polityka.pl\/passent\/wp-json\/wp\/v2\/posts"}],"about":[{"href":"https:\/\/blog.polityka.pl\/passent\/wp-json\/wp\/v2\/types\/post"}],"author":[{"embeddable":true,"href":"https:\/\/blog.polityka.pl\/passent\/wp-json\/wp\/v2\/users\/4"}],"replies":[{"embeddable":true,"href":"https:\/\/blog.polityka.pl\/passent\/wp-json\/wp\/v2\/comments?post=4159"}],"version-history":[{"count":3,"href":"https:\/\/blog.polityka.pl\/passent\/wp-json\/wp\/v2\/posts\/4159\/revisions"}],"predecessor-version":[{"id":4162,"href":"https:\/\/blog.polityka.pl\/passent\/wp-json\/wp\/v2\/posts\/4159\/revisions\/4162"}],"wp:attachment":[{"href":"https:\/\/blog.polityka.pl\/passent\/wp-json\/wp\/v2\/media?parent=4159"}],"wp:term":[{"taxonomy":"category","embeddable":true,"href":"https:\/\/blog.polityka.pl\/passent\/wp-json\/wp\/v2\/categories?post=4159"},{"taxonomy":"post_tag","embeddable":true,"href":"https:\/\/blog.polityka.pl\/passent\/wp-json\/wp\/v2\/tags?post=4159"}],"curies":[{"name":"wp","href":"https:\/\/api.w.org\/{rel}","templated":true}]}}