
{"id":416,"date":"2008-02-21T23:24:01","date_gmt":"2008-02-21T22:24:01","guid":{"rendered":"http:\/\/passent.blog.polityka.pl\/?p=416"},"modified":"2008-02-21T23:24:01","modified_gmt":"2008-02-21T22:24:01","slug":"kogo-obchodzi-polska","status":"publish","type":"post","link":"https:\/\/blog.polityka.pl\/passent\/2008\/02\/21\/kogo-obchodzi-polska\/","title":{"rendered":"Kogo obchodzi Polska?"},"content":{"rendered":"<p>Wcze\u015bniej czy p\u00f3\u017aniej musia\u0142o do tego doj\u015b\u0107. Konflikt prezydent \u2013 premier musia\u0142 rozla\u0107 si\u0119 poza granice Polski i zacz\u0105\u0107 szkodzi\u0107 reputacji naszego kraju na arenie mi\u0119dzynarodowej. Po naradzie ministr\u00f3w spraw zagranicznych kraj\u00f3w Unii, Radek Sikorski powiedzia\u0142 w Brukseli, \u017ce wyst\u0105pi do rz\u0105du z wnioskiem  o uznanie Kosowa, i s\u0105dzi, \u017ce rz\u0105d ustosunkuje si\u0119 do tego wniosku przychylnie. Przesz\u0142o mi wtedy przez my\u015bl, czy to nie jest wypowied\u017a pochopna, czy aby pan prezydent si\u0119 nie obrazi, \u017ce stawia si\u0119 go przed faktem dokonanym, ale s\u0105dzi\u0142em, \u017ce sprawa jest z grubsza uzgodniona i Bracia nie wykorzystaj\u0105 tej niezr\u0119czno\u015bci. Uwa\u017ca\u0142em, \u017ce Polska wie jakie ma stanowisko w sprawie Kosowa, \u017ce to jest dawno ustalone. Tymczasem okaza\u0142o si\u0119, \u017ce \u2013 zdaniem Braci &#8211;  Sikorski wybieg\u0142 przed orkiestr\u0119 i gwi\u017cd\u017c\u0105 \u201eSpalony!\u201d.<\/p>\n<p>Wtedy Bracia zacz\u0119li wysy\u0142a\u0107 sygna\u0142y, \u017ce z uznaniem Kosowa nie nale\u017cy si\u0119 spieszy\u0107, \u017ce sprawa jest skomplikowana, \u017ce Rosja, \u017ce Abchazja, \u017ce Osetia. Ch\u00f3r Pisowc\u00f3w w mediach zacz\u0105\u0142 zaleca\u0107 \u201erozwag\u0119, pow\u015bci\u0105gliwo\u015b\u0107, umiar\u201d \u2013 cechy tak bliskie tej partii. By\u0142em nawet zdziwiony, \u017ce Jaros\u0142aw Kaczy\u0144ski przy podejmowaniu decyzji przez Polsk\u0119 bierze pod uwag\u0119 interes Rosji, ale s\u0105dzi\u0142em, \u017ce m\u00f3wi to jako szef partii opozycyjnej, \u017ceby zagra\u0107 rz\u0105dowi na nosie. \u017beby przypomnie\u0107, \u017ce Tusk nie nadaje si\u0119 na premiera, a Sikorski na ministra. Tym bardziej, \u017ce trudno zrozumie\u0107 postulat, \u017ceby si\u0119 \u201enie \u015bpieszy\u0107\u201d. C\u00f3\u017c bowiem mo\u017ce Polska zyska\u0107 na odwlekaniu decyzji? Czy Kosowo zrezygnuje z niepodleg\u0142o\u015bci? Czy Stany Zjednoczone i najwi\u0119ksze pa\u0144stwa Unii zmieni\u0105 zdanie i wycofaj\u0105 uznanie Kosowa? Bzdura. Tak czy owak \u2013 Polska stanowisko zaj\u0105\u0107 musi, nawet je\u017celi go \u201enie zajmie\u201d, to i tak b\u0119dzie to sygna\u0142.<\/p>\n<p>Wtedy w sukurs bratu pospieszy\u0142 prezydent RP, na wniosek kt\u00f3rego rz\u0105d  decyzj\u0119 od\u0142o\u017cy\u0142. Nast\u0105pi\u0142o spotkanie w Belwederze, po ponad dw\u00f3ch godzinach rozmowy okaza\u0142o si\u0119, \u017ce \u2013 inaczej ni\u017c  Tusk i Sikorski \u2013 prezydent nie spieszy si\u0119 z uznaniem Kosowa, poza tym \u2013 wbrew niedawnej pochwale, jakiej udzieli\u0142 Tuskowi, \u017ce ten nie da\u0142 si\u0119 omami\u0107 w Moskwie i zrozumia\u0142, \u017ce jest mo\u017cliwa tylko jedna polityka zagraniczna \u2013 tym razem gorzej oceni\u0142 wizyt\u0119 premiera u Putina. Mo\u017cna zrozumie\u0107 sprzeciw Chin (Tybet), Hiszpanii (Walencja, Baskowie), czy Rosji, kt\u00f3ra prowadzi na Ba\u0142kanach swoj\u0105 gr\u0119. Ale Polska? Us\u0142u\u017cne Wiadomo\u015bci TVP pokaza\u0142y wczoraj zatrwa\u017caj\u0105c\u0105 perspektyw\u0119 Europy, w kt\u00f3rej powstaje kilkana\u015bcie nowych pa\u0144stw.<\/p>\n<p>I tak oto przez niezr\u0119czno\u015b\u0107 duetu Sikorski-Tusk, kt\u00f3ry zapowiedzia\u0142 uznanie niepodleg\u0142o\u015bci Kosowa bez akceptacji prezydenta, a przede wszystkim przez ma\u0142ostkowo\u015b\u0107 Braci, kt\u00f3rzy robi\u0105 rz\u0105dowi na z\u0142o\u015b\u0107, cierpi interes Polski. Co sobie pomy\u015bl\u0105 w Moskwie na wie\u015b\u0107 o tym, \u017ce polski prezydent kwestionuje wyniki spotkania Tusk-Putin? Co sobie pomy\u015bl\u0105 w Berlinie i w Brukseli, gdzie ju\u017c panowa\u0142a satysfakcja z powodu poprawy stosunk\u00f3w Polski z s\u0105siadami? Co sobie pomy\u015bl\u0105 w Brukseli, gdzie ju\u017c cieszono si\u0119, \u017ce Polska wraca do Europy i wraz z wi\u0119kszo\u015bci\u0105 najwa\u017cniejszych pa\u0144stw Unii uzna Kosowo? Co sobie pomy\u015bl\u0105 w Waszyngtonie, kt\u00f3ry jest jednym z g\u0142\u00f3wnych sprawc\u00f3w niepodleg\u0142o\u015bci Kosowa?<\/p>\n<p>Wszystko to jest niewa\u017cne. Wa\u017cne jest tylko, \u017ceby podstawi\u0107 nog\u0119 rz\u0105dowi. A \u017ce przy tym potknie si\u0119 Polska? Kogo to obchodzi?<\/p>\n<p>PS. \u201ez Berlina\u201d zapowiedzia\u0142(a), \u017ce odchodzi z naszego bloga, bo mu (jej)  si\u0119 tu nie podoba.  Ubolewam nad tym, \u017ce nie spe\u0142niamy wymaga\u0144, kt\u00f3re okaza\u0142y si\u0119 dla nas za wysokie. Nie zamykam jednak drzwi od wewn\u0105trz.  Wzorem Antoniego Macierewicza mog\u0119 powiedzie\u0107 \u201eAuf Wie-der-sehen\u201d (bo cz\u0119sto bywam w Berlinie i zapraszam na pogaw\u0119dk\u0119).<\/p>\n","protected":false},"excerpt":{"rendered":"<p>Wcze\u015bniej czy p\u00f3\u017aniej musia\u0142o do tego doj\u015b\u0107. Konflikt prezydent \u2013 premier musia\u0142 rozla\u0107 si\u0119 poza granice Polski i zacz\u0105\u0107 szkodzi\u0107 reputacji naszego kraju na arenie mi\u0119dzynarodowej. Po naradzie ministr\u00f3w spraw zagranicznych kraj\u00f3w Unii, Radek Sikorski powiedzia\u0142 w Brukseli, \u017ce wyst\u0105pi do rz\u0105du z wnioskiem o uznanie Kosowa, i s\u0105dzi, \u017ce rz\u0105d ustosunkuje si\u0119 do tego [&hellip;]<\/p>\n","protected":false},"author":4,"featured_media":0,"comment_status":"open","ping_status":"open","sticky":false,"template":"","format":"standard","meta":{"footnotes":""},"categories":[1],"tags":[],"_links":{"self":[{"href":"https:\/\/blog.polityka.pl\/passent\/wp-json\/wp\/v2\/posts\/416"}],"collection":[{"href":"https:\/\/blog.polityka.pl\/passent\/wp-json\/wp\/v2\/posts"}],"about":[{"href":"https:\/\/blog.polityka.pl\/passent\/wp-json\/wp\/v2\/types\/post"}],"author":[{"embeddable":true,"href":"https:\/\/blog.polityka.pl\/passent\/wp-json\/wp\/v2\/users\/4"}],"replies":[{"embeddable":true,"href":"https:\/\/blog.polityka.pl\/passent\/wp-json\/wp\/v2\/comments?post=416"}],"version-history":[{"count":0,"href":"https:\/\/blog.polityka.pl\/passent\/wp-json\/wp\/v2\/posts\/416\/revisions"}],"wp:attachment":[{"href":"https:\/\/blog.polityka.pl\/passent\/wp-json\/wp\/v2\/media?parent=416"}],"wp:term":[{"taxonomy":"category","embeddable":true,"href":"https:\/\/blog.polityka.pl\/passent\/wp-json\/wp\/v2\/categories?post=416"},{"taxonomy":"post_tag","embeddable":true,"href":"https:\/\/blog.polityka.pl\/passent\/wp-json\/wp\/v2\/tags?post=416"}],"curies":[{"name":"wp","href":"https:\/\/api.w.org\/{rel}","templated":true}]}}