
{"id":4163,"date":"2017-11-08T23:09:02","date_gmt":"2017-11-08T22:09:02","guid":{"rendered":"http:\/\/passent.blog.polityka.pl\/?p=4163"},"modified":"2017-11-10T07:32:02","modified_gmt":"2017-11-10T06:32:02","slug":"wyborcy-glosuja-portfelami","status":"publish","type":"post","link":"https:\/\/blog.polityka.pl\/passent\/2017\/11\/08\/wyborcy-glosuja-portfelami\/","title":{"rendered":"Wyborcy g\u0142osuj\u0105 portfelami"},"content":{"rendered":"<p>\u201eGabinet Szyd\u0142o najlepiej ocenianym rz\u0105dem\u201d \u2013 czytamy w analizie POLITYKI INSIGHT. Podstaw\u0105 popularno\u015bci rz\u0105du PiS jest polityka prorodzinna, nie szkodz\u0105 mu zmiany w s\u0105downictwie czy szko\u0142ach \u2013 pisze Juliusz Skibicki.<br \/>\n<!--more--><br \/>\nZ cyklicznych bada\u0144 CBOS wynika, \u017ce gabinet Szyd\u0142o jest lepiej oceniany od poprzednich rz\u0105d\u00f3w. Co drugi Polak dobrze ocenia jego dokonania w gospodarce (o 16 pkt wi\u0119cej ni\u017c dobrych ocen rz\u0105du Tuska w maju 2008 r., jeden z najlepiej ocenianych gabinet\u00f3w), 42 proc. badanych jest zadowolonych z gospodarowania pieni\u0119dzmi publicznymi (+15 w stosunku do rz\u0105du Tuska), 30 proc, docenia polityk\u0119 roln\u0105 (+8 pkt), 43 chwali opiek\u0119 nad najbardziej potrzebuj\u0105cymi, a 42 &#8211; zwalczanie przest\u0119pczo\u015bci. Najwi\u0119ksze osi\u0105gni\u0119cie to 500+ (ponad po\u0142owa badanych). Gorzej wypada rz\u0105d Szyd\u0142o w ochronie zdrowia i w polityce zagranicznej, ale w sumie rz\u0105d jest odbierany najlepiej od 23 lat.<\/p>\n<p>\u201eBardzo wysokie notowania rz\u0105du po dw\u00f3ch latach to g\u0142\u00f3wnie efekt programu 500+ i dobrej sytuacji gospodarczej. Dla Polak\u00f3w mniej wa\u017cne s\u0105 dzia\u0142ania ideologiczne PiS \u2013 sprzeciw wobec uchod\u017ac\u00f3w, dezubekizacja czy dbanie o to\u017csamo\u015b\u0107 patriotyczn\u0105. Ocenie rz\u0105du praktycznie nie zaszkodzi\u0142y zmiany w s\u0105downictwie ani likwidacja gimnazj\u00f3w\u201d. Zale\u017cno\u015b\u0107 sukcesu PiS od 500+ jest jednak ryzykowna: je\u015bli zabraknie pieni\u0119dzy w bud\u017cecie, notowania rz\u0105du b\u0119d\u0105 zagro\u017cone \u2013 ko\u0144czy Skibicki.<\/p>\n<p>Analiza POLITYKI INSIGHT potwierdza to, co wielu wyczuwa intuicyjnie: dla wi\u0119kszo\u015bci spo\u0142ecze\u0144stwa licz\u0105 si\u0119 korzy\u015bci materialne, a nie taki czy inny spos\u00f3b wybierania cz\u0142onk\u00f3w KRS czy nawet Trybuna\u0142 Konstytucyjny. 500+, skr\u00f3cenie wieku emerytalnego, uszczelnienie systemu podatkowego, r\u00f3\u017cne formy rozdawnictwa \u2013 tak krytykowane przez wielu ekonomist\u00f3w \u2013 to zapewnia poparcie. To t\u0142umaczy wysokie notowania rz\u0105du i niskie loty opozycji.<\/p>\n<p>Najwi\u0119ksze atuty opozycji to walka z \u201edobr\u0105 zmian\u0105\u201d w s\u0105downictwie, z wszechw\u0142adz\u0105 ministra sprawiedliwo\u015bci-prokuratora generalnego, z zaw\u0142aszczeniem medi\u00f3w publicznych, z rujnowaniem pozycji mi\u0119dzynarodowej naszego kraju, z k\u0142amstwem historycznym, dyrygowaniem teatrami, przerabianiem wystaw i muze\u00f3w, z \u201edeform\u0105 o\u015bwiaty\u201d (szkolnictwo oceniane jest najlepiej ze wszystkich gabinet\u00f3w), cenzur\u0105 ekonomiczn\u0105 organizacji pozarz\u0105dowych, czystk\u0105 w instytucjach takich jak PISF, Instytut Ksi\u0105\u017cki, Instytut Adama Mickiewicza, przerabianiem festiwalu w Opolu, dyktatem IPN si\u0119gaj\u0105cym nazw skwer\u00f3w i zau\u0142k\u00f3w, finansowaniem przez pa\u0144stwo kr\u00f3lestwa Tadeusza Rydzyka itd. itp.<\/p>\n<p>Rzecz w tym, \u017ce s\u0105 to wszystko okropno\u015bci, kt\u00f3re wi\u0119kszo\u015bci spo\u0142ecze\u0144stwa nie bol\u0105, nie wzruszaj\u0105. Pod parasolem pieni\u0119dzy konsumpcja ro\u015bnie, a to jest dla wielu najwa\u017cniejsze. Dobra koniunktura gospodarki \u015bwiatowej ma potrwa\u0107 jeszcze 2-3 lata \u2013 wystarczaj\u0105co, \u017ceby przeora\u0107 Polsk\u0119 nie do poznania.<\/p>\n<p>Niestety, nawet najbardziej uzasadniona krytyka i wznios\u0142e cele nie wygrywaj\u0105 wybor\u00f3w. Co z tego, \u017ce w oczach opozycji \u017cadne osi\u0105gni\u0119cia nie przewa\u017caj\u0105 nad niegodziwo\u015bciami obecnej w\u0142adzy, \u017cadne dobrodziejstwa socjalne nie usprawiedliwiaj\u0105 \u0142amania prawa i gwa\u0142cenia demokracji, skoro wyborcy g\u0142osuj\u0105 portfelami.<\/p>\n","protected":false},"excerpt":{"rendered":"<p>\u201eGabinet Szyd\u0142o najlepiej ocenianym rz\u0105dem\u201d \u2013 czytamy w analizie POLITYKI INSIGHT. Podstaw\u0105 popularno\u015bci rz\u0105du PiS jest polityka prorodzinna, nie szkodz\u0105 mu zmiany w s\u0105downictwie czy szko\u0142ach \u2013 pisze Juliusz Skibicki.<\/p>\n","protected":false},"author":4,"featured_media":4167,"comment_status":"open","ping_status":"closed","sticky":false,"template":"","format":"standard","meta":{"footnotes":""},"categories":[1],"tags":[],"_links":{"self":[{"href":"https:\/\/blog.polityka.pl\/passent\/wp-json\/wp\/v2\/posts\/4163"}],"collection":[{"href":"https:\/\/blog.polityka.pl\/passent\/wp-json\/wp\/v2\/posts"}],"about":[{"href":"https:\/\/blog.polityka.pl\/passent\/wp-json\/wp\/v2\/types\/post"}],"author":[{"embeddable":true,"href":"https:\/\/blog.polityka.pl\/passent\/wp-json\/wp\/v2\/users\/4"}],"replies":[{"embeddable":true,"href":"https:\/\/blog.polityka.pl\/passent\/wp-json\/wp\/v2\/comments?post=4163"}],"version-history":[{"count":2,"href":"https:\/\/blog.polityka.pl\/passent\/wp-json\/wp\/v2\/posts\/4163\/revisions"}],"predecessor-version":[{"id":4166,"href":"https:\/\/blog.polityka.pl\/passent\/wp-json\/wp\/v2\/posts\/4163\/revisions\/4166"}],"wp:featuredmedia":[{"embeddable":true,"href":"https:\/\/blog.polityka.pl\/passent\/wp-json\/wp\/v2\/media\/4167"}],"wp:attachment":[{"href":"https:\/\/blog.polityka.pl\/passent\/wp-json\/wp\/v2\/media?parent=4163"}],"wp:term":[{"taxonomy":"category","embeddable":true,"href":"https:\/\/blog.polityka.pl\/passent\/wp-json\/wp\/v2\/categories?post=4163"},{"taxonomy":"post_tag","embeddable":true,"href":"https:\/\/blog.polityka.pl\/passent\/wp-json\/wp\/v2\/tags?post=4163"}],"curies":[{"name":"wp","href":"https:\/\/api.w.org\/{rel}","templated":true}]}}