
{"id":4174,"date":"2017-11-15T11:55:20","date_gmt":"2017-11-15T10:55:20","guid":{"rendered":"http:\/\/passent.blog.polityka.pl\/?p=4174"},"modified":"2017-11-16T08:42:57","modified_gmt":"2017-11-16T07:42:57","slug":"zwalniam-pana-panie-kukiz","status":"publish","type":"post","link":"https:\/\/blog.polityka.pl\/passent\/2017\/11\/15\/zwalniam-pana-panie-kukiz\/","title":{"rendered":"Zwalniam Pana, Panie Kukiz"},"content":{"rendered":"<p>Po haniebnym marszu 11 listopada w Warszawie Donald Tusk napisa\u0142 ca\u0142kiem s\u0142usznie: \u201eW dalekiej Azji spotkania z przyw\u00f3dcami USA, Chin, Indii, Kanady, Japonii i ASEAN. W kuluarach tak\u017ce pytania o Polsk\u0119 w zwi\u0105zku z marszem narodowc\u00f3w. Bez z\u0142udze\u0144: reputacyjna katastrofa\u201d.<br \/>\n<!--more--><br \/>\nPrawdziwo\u015b\u0107 tych s\u0142\u00f3w trudno kwestionowa\u0107: nie ma chyba gazety ani telewizji na \u015bwiecie, kt\u00f3ra by nie wspomnia\u0142a o marszu w Warszawie, jedna z najpowa\u017cniejszych gazet europejskich napisa\u0142a, \u017ce by\u0142o to najwi\u0119ksze wydarzenie faszystowskie w Europie po II wojnie \u015bwiatowej. Polski rz\u0105d, kt\u00f3ry przeznacza 100 mln z\u0142otych rocznie na specjaln\u0105 fundacj\u0119 obrony dobrego wizerunku, b\u0119dzie musia\u0142 jeszcze sypn\u0105\u0107 kas\u0105 w Hollywood, \u017ceby wymaza\u0107 efekt 11 listopada za granic\u0105.<\/p>\n<p>Pierwszym krokiem do walki z tym zjawiskiem jest uznanie prawdy. \u017badne wykr\u0119ty, \u017ce by\u0142a to prowokacja (czyli has\u0142a &#8222;Bia\u0142a Europa&#8221; itp. wznosili i transparenty nios\u0142y zielone ludziki z Platformy albo ludzie Sorosa), \u017cadne m\u00f3wienie o \u201emarginesie\u201d, bo ten margines rycza\u0142 na ca\u0142\u0105 Polsk\u0119, \u017cadne opowiadanie o 95 proc. spokojnych rodzin z dzie\u0107mi &#8211; nie przekonuj\u0105, bo \u201espokojna rodzina\u201d, kiedy widzi i s\u0142yszy, w jakim marszu idzie, odchodzi. Nikt nikogo na si\u0142\u0119 w marszu nie trzyma\u0142.<\/p>\n<p>Marsz pokaza\u0142, \u017ce w Polsce narasta obecno\u015b\u0107 rasizmu, ksenofobii, antysemityzmu. Zjawiska te s\u0105 dobrze przebadane i maj\u0105 obszern\u0105 literatur\u0119. Zdarzaj\u0105 si\u0119 fakty przera\u017caj\u0105ce, jak ten, \u017ce minister edukacji, p. Zalewska, nie potrafi\u0142a (ba\u0142a si\u0119?) powiedzie\u0107, kto kogo mordowa\u0142 podczas pogromu w Kielcach. Jaki to margines, skoro niepostrze\u017cenie przechodzi do g\u0142\u00f3wnego nurtu, gdzie najwa\u017cniejsza osoba w pa\u0144stwie m\u00f3wi, \u017ce imigranci przynosz\u0105 ze sob\u0105 zarazki i paso\u017cyty? Minister B\u0142aszczak i inni z uznaniem wypowiadali si\u0119 o marszu, dopiero wicepremier Gli\u0144ski \u2013 jako pierwszy \u2013 odci\u0105\u0142 si\u0119 od hase\u0142 Marszu Niepodleg\u0142o\u015bci, a\u017c wreszcie sam prezydent Andrzej Duda zabra\u0142 g\u0142os w spos\u00f3b zdecydowany: \u201eNie ma w naszym kraju miejsca i zgody na ksenofobi\u0119, chorobliwy nacjonalizm i antysemityzm\u201d. Zwolennicy tych pogl\u0105d\u00f3w stawiaj\u0105 si\u0119 poza narodem polskim \u2013 powiedzia\u0142 prezydent, ale te\u017c nie od razu.<\/p>\n<p>Tymczasem w obliczu tego, co widzieli\u015bmy na mie\u015bcie, w\u0142adze Ko\u015bcio\u0142a zareagowa\u0142y \u0142agodnie, chocia\u017c manifestacja przebiega\u0142a pod has\u0142em \u201eMy chcemy Boga\u201d, a nazajutrz nar\u00f3d by\u0142 na mszach i mo\u017cna by\u0142o zaj\u0105\u0107 stanowisko. Dzia\u0142acze opozycji powinni byli natychmiast (!) zabra\u0107 g\u0142os i bi\u0107 na alarm. Politycy obozu w\u0142adzy zabrali g\u0142os po 1-2 dniach, kiedy media \u015bwiatowe by\u0142y ju\u017c pe\u0142ne \u201efaszyzmu w Polsce\u201d.<\/p>\n<p>Jednym z nielicznych by\u0142 Donald Tusk, kt\u00f3ry napisa\u0142: \u201eW dalekiej Azji spotkania z przyw\u00f3dcami USA, Chin, Kanady, Japonii i ASEAN. W kuluarach tak\u017ce pytania o Polsk\u0119 w zwi\u0105zku z Marszem Niepodleg\u0142o\u015bci. Bez z\u0142udze\u0144: reputacyjna katastrofa\u201d. Na te s\u0142owa odezwa\u0142 si\u0119 przyjaciel narodowc\u00f3w, Pawe\u0142 Kukiz. Jego zdaniem to nie neofaszy\u015bci, tylko Tusk jest winien. \u201eKatastrof\u0105 s\u0105 wypowiedzi Tuska. To co\u015b z pogranicza zdrady, zachowuje si\u0119 jak jaka\u015b obca agentura. Powinien broni\u0107 Polski jak lew. Powinien publicznie powiedzie\u0107, \u017ce sobie nie \u017cyczy, \u017ceby nar\u00f3d polski by\u0142 okre\u015blany mianem faszyst\u00f3w\u201d.<\/p>\n<p>Je\u017celi pose\u0142 Kukiz sobie tego nie \u017cyczy, to powinien by\u0142 wykaza\u0107 si\u0119 odwag\u0105 i zerwa\u0107 rasistowskie has\u0142a niesione w marszu \u201epatriot\u00f3w\u201d, powinien  wyg\u0142osi\u0107 antyfaszystowskie przem\u00f3wienie w Sejmie, zapyta\u0107, dlaczego dopuszczono tak\u0105 manifestacj\u0119, co robi\u0142a policja, widz\u0105c, jak na ulicach stolicy bezkarnie szerzy si\u0119 ideologi\u0119 zakazan\u0105 przez konstytucj\u0119. To przez takich jak Kukiz Warszawa sta\u0142a si\u0119 aren\u0105 gorsz\u0105cych wydarze\u0144.<\/p>\n","protected":false},"excerpt":{"rendered":"<p>Po haniebnym marszu 11 listopada w Warszawie Donald Tusk napisa\u0142 ca\u0142kiem s\u0142usznie: \u201eW dalekiej Azji spotkania z przyw\u00f3dcami USA, Chin, Indii, Kanady, Japonii i ASEAN. W kuluarach tak\u017ce pytania o Polsk\u0119 w zwi\u0105zku z marszem narodowc\u00f3w. Bez z\u0142udze\u0144: reputacyjna katastrofa\u201d.<\/p>\n","protected":false},"author":4,"featured_media":0,"comment_status":"open","ping_status":"closed","sticky":false,"template":"","format":"standard","meta":{"footnotes":""},"categories":[1],"tags":[],"_links":{"self":[{"href":"https:\/\/blog.polityka.pl\/passent\/wp-json\/wp\/v2\/posts\/4174"}],"collection":[{"href":"https:\/\/blog.polityka.pl\/passent\/wp-json\/wp\/v2\/posts"}],"about":[{"href":"https:\/\/blog.polityka.pl\/passent\/wp-json\/wp\/v2\/types\/post"}],"author":[{"embeddable":true,"href":"https:\/\/blog.polityka.pl\/passent\/wp-json\/wp\/v2\/users\/4"}],"replies":[{"embeddable":true,"href":"https:\/\/blog.polityka.pl\/passent\/wp-json\/wp\/v2\/comments?post=4174"}],"version-history":[{"count":4,"href":"https:\/\/blog.polityka.pl\/passent\/wp-json\/wp\/v2\/posts\/4174\/revisions"}],"predecessor-version":[{"id":4179,"href":"https:\/\/blog.polityka.pl\/passent\/wp-json\/wp\/v2\/posts\/4174\/revisions\/4179"}],"wp:attachment":[{"href":"https:\/\/blog.polityka.pl\/passent\/wp-json\/wp\/v2\/media?parent=4174"}],"wp:term":[{"taxonomy":"category","embeddable":true,"href":"https:\/\/blog.polityka.pl\/passent\/wp-json\/wp\/v2\/categories?post=4174"},{"taxonomy":"post_tag","embeddable":true,"href":"https:\/\/blog.polityka.pl\/passent\/wp-json\/wp\/v2\/tags?post=4174"}],"curies":[{"name":"wp","href":"https:\/\/api.w.org\/{rel}","templated":true}]}}