
{"id":419,"date":"2008-02-28T02:24:00","date_gmt":"2008-02-28T01:24:00","guid":{"rendered":"http:\/\/passent.blog.polityka.pl\/?p=419"},"modified":"2008-02-28T06:14:08","modified_gmt":"2008-02-28T05:14:08","slug":"mow-do-mnie-jeszcze","status":"publish","type":"post","link":"https:\/\/blog.polityka.pl\/passent\/2008\/02\/28\/mow-do-mnie-jeszcze\/","title":{"rendered":"M\u00f3w do mnie jeszcze"},"content":{"rendered":"<p><img loading=\"lazy\" decoding=\"async\" src=\"http:\/\/passent.blog.polityka.pl\/wp-content\/uploads\/0brud450.jpg\" alt=\"0brud450.jpg\" title=\"0brud450.jpg\" align=\"middle\" border=\"0\" height=\"462\" hspace=\"5\" vspace=\"5\" width=\"450\" \/><\/p>\n<p><em>Joachim Brudzi\u0144ski (PiS) w trakcie lektury. Fot. Witold Rozbicki \/ REPORTER<\/em><\/p>\n<p>Na moim biurku (i po cz\u0119\u015bci w mojej g\u0142owie) panuje wieczny ba\u0142agan. Przed wyjazdem na urlop usi\u0142uj\u0119 zaprowadzi\u0107 na nim porz\u0105dek. Oto kilka zapisk\u00f3w, kt\u00f3re chowam do szuflady, bo gdy wr\u00f3c\u0119 &#8211; b\u0119d\u0105 ju\u017c nieaktualne.<\/p>\n<p><strong>DEBATA PUBLICZNA<\/strong>. Swojego czasu ujawniono, \u017ce centrala PiS wysy\u0142a swoim ludziom instrukcj\u0119, \u015bci\u0105g\u0119, co maj\u0105 \u201ena dzie\u0144 dzisiejszy\u201d m\u00f3wi\u0107. Ot\u00f3\u017c wed\u0142ug \u201emojej wiedzy\u201d (\u201emam wiedz\u0119\u201d, \u201enie mia\u0142em wiedzy\u201d &#8211; to ulubiony zwrot polityk\u00f3w) na dzie\u0144 dzisiejszy  instrukcja dla aktywu PiS zawiera dwa punkty. Punkt pierwszy: Cokolwiek powie koalicja rz\u0105dz\u0105c\u0105, wszystko to nale\u017cy uzna\u0107 za  \u201eodwracanie uwagi\u201d od pal\u0105cych problem\u00f3w spo\u0142ecznych i od nieudolno\u015bci rz\u0105du. &#8211; Laptop Ziobry? \u2013 <em>Odwracanie uwagi od sytuacji w s\u0142u\u017cbie zdrowia<\/em>.  \u2013 Co z raportem o likwidacji WSI? \u2013 <em>Odwracanie uwagi od braku ustaw w Senacie<\/em>. \u2013 Pods\u0142uchiwanie piel\u0119gniarek? \u2013 <em>Odwracanie uwagi od braku reform<\/em>. Czyli \u201em\u00f3w do mnie jeszcze\u201d, albo \u201em\u00f3wi\u0142 dziad do obrazu, a obraz ani razu\u201d.<\/p>\n<p>Z kolei Platforma kr\u0119ci. \u2013 Podatek Belki? \u2013 <em>Do likwidacji<\/em>. \u2013 Kiedy? \u2013 <em>O tym rozmawiamy<\/em>. \u2013 Ale minister Finans\u00f3w m\u00f3wi, \u017ce po jego trupie. \u2013 <em>O tym w\u0142a\u015bnie rozmawiamy<\/em>. \u2013 Zlikwidujecie podatek od oszcz\u0119dno\u015bci czy od zysku od inwestycji kapita\u0142owych r\u00f3wnie\u017c? \u2013 <em>O tym dyskutujemy<\/em>. \u2013 Ustawa o mediach. Czy szefa UKE mia\u0142by mianowa\u0107 premier, czyli media rz\u0105dowe? \u2013 <em>Zapraszamy do rozmowy<\/em>. \u2013 Ale o czym tu m\u00f3wi\u0107, skoro wasz projekt to nic innego, jak zaw\u0142aszczenie medi\u00f3w publicznych przez rz\u0105d. \u2013 <em>Zaw\u0142aszczy\u0142 PiS, a my chcemy rozmawia\u0107<\/em>. \u2013 Ale o czym? \u2013 <em>O tym, jaki powinien  by\u0107 ustr\u00f3j medi\u00f3w publicznych<\/em>. I tak w ko\u0142o Macieju, czyli m\u00f3w do mnie jeszcze.<\/p>\n<p><strong>LEWICA<\/strong>. Trwa debata czy lewica, jaka lewica, kt\u00f3ra lewica, czy lewica ma by\u0107 bardziej lewicowa, czy mo\u017ce centrowa, a mo\u017ce powinna przesun\u0105\u0107 si\u0119 w prawo, bli\u017cej wolnego rynku \u2013 dalej od Ko\u015bcio\u0142a, czy ma korygowa\u0107 skutki wolnego rynku, czy te\u017c raczej ogranicza\u0107 jego dzia\u0142anie, walczy\u0107 z rynkiem czy z korporacjami, broni\u0107 PRL i Jaruzelskiego, czy te\u017c si\u0119 odcina\u0107, SLD czy LID, stary nurt czy nowy nurt itd. Jako czytelnik czuj\u0119 si\u0119 ju\u017c t\u0105 dyskusj\u0105 w pe\u0142ni zaspokojony i dalszego jej sensu nie widz\u0119, nie widz\u0119 dok\u0105d ona mia\u0142aby prowadzi\u0107.<\/p>\n<p>Najbardziej zainteresowa\u0142 mnie g\u0142os Waldemara Kuczy\u0144skiego, jednego z moich ulubionych publicyst\u00f3w, kt\u00f3ry w \u201eGazecie\u201d odni\u00f3s\u0142 si\u0119 do pytania: Czy lewica ma by\u0107 w opozycji do Platformy i do PiS, czy te\u017c wsp\u00f3lnie z Platform\u0105 d\u0105\u017cy\u0107 do \u201ezabicia\u201d (jak pisze W.K.) PiS? To celne pytanie. Dla lewicy silna jest pokusa, \u017ceby by\u0107 przeciwko ka\u017cdej  prawicy, zar\u00f3wno tej liberalnej, czyli PO, jak i  tej narodowo &#8211; populistycznej, czyli PiS. Rozum podpowiada  to pierwsze, \u017ceby lewica mia\u0142a w\u0142asn\u0105 to\u017csamo\u015b\u0107 i stanowi\u0142a alternatyw\u0119  dla prawicy (ale trzeba si\u0119 liczy\u0107 z tym, \u017ce prawica jest teraz tak silna, i\u017c o \u017cadnej powa\u017cnej lewicowej alternatywie mowy by\u0107 nie mo\u017ce). Serce m\u00f3wi: kiedy b\u0119dzie potrzeba &#8211; wesprze\u0107 Platform\u0119, goni\u0107  PiS,  a\u017c si\u0119 je wygoni ze sceny politycznej. By\u0107 mo\u017ce najlepsze dla lewicy jest wyj\u015bcie trzecie: r\u00f3\u017cni\u0107 si\u0119 od Platformy tam, gdzie to mo\u017cliwe (stosunki Ko\u015bci\u00f3\u0142 \u2013 pa\u0144stwo,  podatek Belki zachowa\u0107) i goni\u0107 PIS do upad\u0142ego, czyli  \u201eodwraca\u0107 uwag\u0119\u201d od spraw ma\u0142o wa\u017cnych do tej najwa\u017cniejszej, czyli  od J&amp;S do J&amp;L.<\/p>\n<p><strong>LIS W TVP<\/strong>. Pierwszy odcinek programu \u201eTomasz Lis na \u017cywo\u201d rozczarowa\u0142. Na m\u00f3j gust by\u0142o za du\u017co \u201ezuvielu\u201d: Wajda z Hollywood, Kaczy\u0144ski z puszki, Komorowski z fotela (wola\u0142bym jedn\u0105 rozmow\u0119, a soczyst\u0105), sonda uliczna, sonda\u017ce, widownia i jej g\u0142osy, duuu\u017co za duuuu\u017co w tym cie\u015bcie by\u0142o rodzynk\u00f3w. Czy ten program by\u0142 szokiem dla TVP tego nie wiem, bo TVP \u2013 poza Lisem i Wiadomo\u015bciami \u2013 nie ogl\u0105dam. Pogl\u0105dy wyra\u017cone w tym programie nie brzmia\u0142y chyba szokuj\u0105co. Fakt, \u017ce Lis i Komorowski pojawili si\u0119 w TVP sam w sobie szokiem nie by\u0142.  Moja rada (cho\u0107 Tomasz Lis moich rad nie potrzebuje) \u2013 lepiej mniej, a lepiej. Przyda\u0142oby si\u0119 wi\u0119cej napi\u0119cia, a mniej efekt\u00f3w. Ale pierwsze koty za p\u0142oty.<\/p>\n<p>***<\/p>\n<p><strong>\u201eFA\u0141SZERZE\u201d<\/strong>, a nie \u201eOszustwo\u201d brzmi tytu\u0142  austriackiego filmu nagrodzonego Oskarem. Za ten b\u0142\u0105d przepraszam, zwr\u00f3ci\u0142o mi na\u0144 uwag\u0119 kilkoro blogowicz\u00f3w (dzi\u0119kuj\u0119, przepraszam). Tytu\u0142 \u201eOszustwo\u201d bardziej pasowa\u0142 mi do bloga. A dyskusja rozwin\u0119\u0142a si\u0119 pasjonuj\u0105ca. Szczeg\u00f3lnie odnotowa\u0142em g\u0142osy \u201e<strong>Otago<\/strong>\u201d (wa\u017cne, \u017ce \u201eKaty\u0144\u201d zosta\u0142 pokonany w Rosji),  \u201e<strong>Absolwenta<\/strong>\u201d (krytykuje Wajd\u0119 za wypowied\u017a po og\u0142oszeniu werdyktu. Mnie w wypowiedziach Wajdy oraz innych Polak\u00f3w zabrak\u0142o gratulacji i wyraz\u00f3w uznania wobec laureat\u00f3w). \u201e<strong>AjW<\/strong>\u201d (Brytyjscy laureaci, kt\u00f3rzy otrzymali Oskara za film &#8222;Piotru\u015b i wilk\u201d nie wymienili polskich animator\u00f3w. Gdzie s\u0105 angielskie maniery? Gdzie d\u017centelmeni? A mo\u017ce udzia\u0142 naszych nie by\u0142 taki wa\u017cny, jak chc\u0105 nasze media?). \u201e<strong>Zora4<\/strong>\u201d (\u201eNie jest sztuk\u0105 zrobi\u0107 \u2018wielki film\u2019 o \u2018wielkim temacie\u2019. Sztuk\u0105 jest znale\u017a\u0107 \u2018wieli temat\u2019 tam, gdzie go pozornie nie ma.\u201d  &#8211; \u015awi\u0119te s\u0142owa. Brawo za t\u0119 my\u015bl.). \u201e<strong>Jotka<\/strong>\u201d (\u201ePolski gwa\u0142ciciel MUSI by\u0107 niewinny, polski film MUSI by\u0107 najlepszy\u201d). \u201e<strong>Adamo<\/strong>\u201d (Sami sobie zafundowali\u015bmy to rozczarowanie). \u201e<strong>Olek51<\/strong>\u201d pyta, jak oceniam nominowanych do nagrody im. Dariusza Fikusa 2008? Jaka kapitu\u0142a \u2013 taka nominacja \u2013 pisze. Odpowiadam: Zgadzam si\u0119 z Panem. Komedia \u201eSami swoi\u201d. \u201e<strong>PI<\/strong>\u201d (\u201ePowstaje wra\u017cenie, \u017ce w ostatniej wojnie to Rosjanie zabili 6 milion\u00f3w Polak\u00f3w i nie chc\u0105 przeprosi\u0107\u201d). \u201e<strong>Artur<\/strong>\u201d (\u201ePowinni\u015bmy si\u0119 pozby\u0107 przekonania o wyj\u0105tkowo\u015bci naszych tragedii dziejowych\u201d.)   Zgadzam si\u0119 w ca\u0142ej rozci\u0105g\u0142o\u015bci z opiniami \u201ePI\u201d oraz \u201eArtura\u201d.<\/p>\n<p>Wszystkim dzi\u0119kuj\u0119 za komentarze, gor\u0105co pozdrawiam Blogowisko, b\u0119d\u0119 Was czyta\u0142 w g\u00f3rach na urlopie. Planowy powr\u00f3t 12 marca. Pisz do mnie jeszcze.<\/p>\n","protected":false},"excerpt":{"rendered":"<p>Joachim Brudzi\u0144ski (PiS) w trakcie lektury. Fot. Witold Rozbicki \/ REPORTER Na moim biurku (i po cz\u0119\u015bci w mojej g\u0142owie) panuje wieczny ba\u0142agan. Przed wyjazdem na urlop usi\u0142uj\u0119 zaprowadzi\u0107 na nim porz\u0105dek. Oto kilka zapisk\u00f3w, kt\u00f3re chowam do szuflady, bo gdy wr\u00f3c\u0119 &#8211; b\u0119d\u0105 ju\u017c nieaktualne. DEBATA PUBLICZNA. Swojego czasu ujawniono, \u017ce centrala PiS wysy\u0142a [&hellip;]<\/p>\n","protected":false},"author":4,"featured_media":0,"comment_status":"open","ping_status":"open","sticky":false,"template":"","format":"standard","meta":{"footnotes":""},"categories":[1],"tags":[],"_links":{"self":[{"href":"https:\/\/blog.polityka.pl\/passent\/wp-json\/wp\/v2\/posts\/419"}],"collection":[{"href":"https:\/\/blog.polityka.pl\/passent\/wp-json\/wp\/v2\/posts"}],"about":[{"href":"https:\/\/blog.polityka.pl\/passent\/wp-json\/wp\/v2\/types\/post"}],"author":[{"embeddable":true,"href":"https:\/\/blog.polityka.pl\/passent\/wp-json\/wp\/v2\/users\/4"}],"replies":[{"embeddable":true,"href":"https:\/\/blog.polityka.pl\/passent\/wp-json\/wp\/v2\/comments?post=419"}],"version-history":[{"count":0,"href":"https:\/\/blog.polityka.pl\/passent\/wp-json\/wp\/v2\/posts\/419\/revisions"}],"wp:attachment":[{"href":"https:\/\/blog.polityka.pl\/passent\/wp-json\/wp\/v2\/media?parent=419"}],"wp:term":[{"taxonomy":"category","embeddable":true,"href":"https:\/\/blog.polityka.pl\/passent\/wp-json\/wp\/v2\/categories?post=419"},{"taxonomy":"post_tag","embeddable":true,"href":"https:\/\/blog.polityka.pl\/passent\/wp-json\/wp\/v2\/tags?post=419"}],"curies":[{"name":"wp","href":"https:\/\/api.w.org\/{rel}","templated":true}]}}