
{"id":4203,"date":"2017-11-29T23:29:17","date_gmt":"2017-11-29T22:29:17","guid":{"rendered":"https:\/\/passent.blog.polityka.pl\/?p=4203"},"modified":"2017-11-30T08:08:53","modified_gmt":"2017-11-30T07:08:53","slug":"gwalt-na-temidzie","status":"publish","type":"post","link":"https:\/\/blog.polityka.pl\/passent\/2017\/11\/29\/gwalt-na-temidzie\/","title":{"rendered":"Gwa\u0142t na Temidzie"},"content":{"rendered":"<p>Sejm rozpocz\u0105\u0142 \u201edebat\u0119\u201d nad poprawkami PiS do prezydenckich ustaw o KRS i o S\u0105dzie Najwy\u017cszym w niecodziennych okoliczno\u015bciach. W s\u0105dach trwaj\u0105 odwo\u0142ania (faksem) prezes\u00f3w i zatrzymania dyrektor\u00f3w, w mediach publicznych tr\u0105bi si\u0119 o rzekomo monstrualnych patologiach w s\u0105downictwie, trwaj\u0105 echa manifestacji narodowc\u00f3w, w przestrzeni publicznej pojawi\u0142y si\u0119 portrety polityczek (w wi\u0119kszo\u015bci kobiet), kt\u00f3re popar\u0142y rezolucj\u0119 Parlamentu Europejskiego krytyczn\u0105 wobec poczyna\u0144 polskiego rz\u0105du w dziedzinie praworz\u0105dno\u015bci.<br \/>\n<!--more--><br \/>\nCz\u0142onkowie komisji sejmowych otrzymali poprawki PiS w ostatniej chwili, nie mieli czasu na zapoznanie si\u0119 z nimi i przygotowanie si\u0119 do dyskusji, w kt\u00f3rej ich wypowiedzi i tak ograniczono do jednej minuty, a nawet mniej. Sama tre\u015b\u0107 ponad 40 poprawek do obu ustaw stanowi w du\u017cym stopniu powr\u00f3t do sprzecznych z konstytucj\u0105 projekt\u00f3w zawetowanych przez prezydenta, z pozostawieniem uprawnie\u0144 dla prokuratora generalnego i wyborem s\u0119dzi\u00f3w przez polityk\u00f3w oraz uzale\u017cnieniem sk\u0142adu SN od prezydenta. Tre\u015b\u0107 i tryb poprawek (oraz zmian w ordynacji wyborczej do samorz\u0105d\u00f3w) pozwala m\u00f3wi\u0107 o gwa\u0142cie na Temidzie.<\/p>\n<p>Co na to prezydent \u2013 nie wiadomo, poniewa\u017c Andrzej Duda bawi w Wietnamie. Prawdopodobnie tre\u015bci poprawek PiS nie zna, podobnie jak nie znali ich prezydenccy prawnicy. Jest to akurat przyk\u0142ad tego, jak w praktyce ma dzia\u0142a\u0107 taki system: prezydent niech reprezentuje i podr\u00f3\u017cuje, a prezes i premier b\u0119d\u0105 rz\u0105dzili w kraju. Znakomita wi\u0119kszo\u015b\u0107 prawnik\u00f3w krytykuje spos\u00f3b \u201ereformowania\u201d wymiaru sprawiedliwo\u015bci, ale oficjalna odpowied\u017a brzmi: \u201eSuweren tak chcia\u0142, zna\u0142 nasz program i wybra\u0142 nas, a wi\u0119c wszystko to dzieje si\u0119 w zgodzie z demokracj\u0105\u201d. Sejmowa wi\u0119kszo\u015b\u0107 uto\u017csamiana jest z carte blanche dla w\u0142adzy, kt\u00f3ra mo\u017ce wszystko. W\u0142a\u015bnie dobra\u0142a si\u0119 do ordynacji wyborczej do samorz\u0105d\u00f3w.<\/p>\n<p>Je\u017celi do tego dodamy zamieszanie i napi\u0119cie zwi\u0105zane z zapowiadan\u0105 rekonstrukcj\u0105 rz\u0105du, kt\u00f3ra ma m.in. zadecydowa\u0107 o losie premier Szyd\u0142o i ministra Macierewicza (o kt\u00f3rego trwa konflikt PiS kontra prezydent), rekordowe poparcie dla PiS w sonda\u017cach oraz iskrzenie po stronie opozycji (nowa przewodnicz\u0105ca Nowoczesnej, Lubnauer, podwa\u017ca porozumienie \u201ewarszawskie\u201d z Platform\u0105) &#8211; to mo\u017cemy \u015bmia\u0142o twierdzi\u0107, \u017ce klimat polityczny jest podobny do tego za oknem. Listopad \u2013 dla Polak\u00f3w niebezpieczna pora.<\/p>\n","protected":false},"excerpt":{"rendered":"<p>Sejm rozpocz\u0105\u0142 \u201edebat\u0119\u201d nad poprawkami PiS do prezydenckich ustaw o KRS i o S\u0105dzie Najwy\u017cszym w niecodziennych okoliczno\u015bciach. W s\u0105dach trwaj\u0105 odwo\u0142ania (faksem) prezes\u00f3w i zatrzymania dyrektor\u00f3w, w mediach publicznych tr\u0105bi si\u0119 o rzekomo monstrualnych patologiach w s\u0105downictwie, trwaj\u0105 echa manifestacji narodowc\u00f3w, w przestrzeni publicznej pojawi\u0142y si\u0119 portrety polityczek (w wi\u0119kszo\u015bci kobiet), kt\u00f3re popar\u0142y rezolucj\u0119 [&hellip;]<\/p>\n","protected":false},"author":4,"featured_media":4208,"comment_status":"open","ping_status":"closed","sticky":false,"template":"","format":"standard","meta":{"footnotes":""},"categories":[1],"tags":[],"_links":{"self":[{"href":"https:\/\/blog.polityka.pl\/passent\/wp-json\/wp\/v2\/posts\/4203"}],"collection":[{"href":"https:\/\/blog.polityka.pl\/passent\/wp-json\/wp\/v2\/posts"}],"about":[{"href":"https:\/\/blog.polityka.pl\/passent\/wp-json\/wp\/v2\/types\/post"}],"author":[{"embeddable":true,"href":"https:\/\/blog.polityka.pl\/passent\/wp-json\/wp\/v2\/users\/4"}],"replies":[{"embeddable":true,"href":"https:\/\/blog.polityka.pl\/passent\/wp-json\/wp\/v2\/comments?post=4203"}],"version-history":[{"count":4,"href":"https:\/\/blog.polityka.pl\/passent\/wp-json\/wp\/v2\/posts\/4203\/revisions"}],"predecessor-version":[{"id":4207,"href":"https:\/\/blog.polityka.pl\/passent\/wp-json\/wp\/v2\/posts\/4203\/revisions\/4207"}],"wp:featuredmedia":[{"embeddable":true,"href":"https:\/\/blog.polityka.pl\/passent\/wp-json\/wp\/v2\/media\/4208"}],"wp:attachment":[{"href":"https:\/\/blog.polityka.pl\/passent\/wp-json\/wp\/v2\/media?parent=4203"}],"wp:term":[{"taxonomy":"category","embeddable":true,"href":"https:\/\/blog.polityka.pl\/passent\/wp-json\/wp\/v2\/categories?post=4203"},{"taxonomy":"post_tag","embeddable":true,"href":"https:\/\/blog.polityka.pl\/passent\/wp-json\/wp\/v2\/tags?post=4203"}],"curies":[{"name":"wp","href":"https:\/\/api.w.org\/{rel}","templated":true}]}}