
{"id":4210,"date":"2017-12-03T23:25:58","date_gmt":"2017-12-03T22:25:58","guid":{"rendered":"https:\/\/passent.blog.polityka.pl\/?p=4210"},"modified":"2017-12-04T08:08:17","modified_gmt":"2017-12-04T07:08:17","slug":"bezradny-doradca","status":"publish","type":"post","link":"https:\/\/blog.polityka.pl\/passent\/2017\/12\/03\/bezradny-doradca\/","title":{"rendered":"Bezradny doradca"},"content":{"rendered":"<p>Wa\u017cny ekspert ameryka\u0144ski, George Friedman, nie rozumie Polski. W wywiadzie dla \u201eWyborczej\u201d tw\u00f3rca think tanku Stratfor i doradca wielu genera\u0142\u00f3w twierdzi, \u017ce Polska jest regionaln\u0105 pot\u0119g\u0105. Polska robi, co chce, ustanawia w\u0142asn\u0105 agend\u0119, m\u00f3wi &#8222;nie&#8221; innym pot\u0119\u017cnym graczom. \u201eUnia was upomina, a wy nic sobie z tego nie robicie. Europa nic wam nie mo\u017ce zrobi\u0107. Tylko gada. A Polacy robi\u0105 swoje. Celem jest zachowanie suwerenno\u015bci i niedopuszczenie do sytuacji, gdy UE mo\u017ce wam co\u015b narzuca\u0107. Wdra\u017canie swojej polityki bez ingerencji z zewn\u0105trz. To dlatego polski rz\u0105d pokazuje s\u0142abo\u015b\u0107 UE, na przyk\u0142ad ignoruj\u0105c o\u015bwiadczenia Timmermansa (\u2026)\u201d.<br \/>\n<!--more--><br \/>\nCo zdanie, to pud\u0142o. Polska jest regionaln\u0105 pot\u0119g\u0105? Wszak jeste\u015bmy w regionie, w kt\u00f3rym mieszcz\u0105 si\u0119 m.in. Niemcy, Rosja, Ukraina. Pot\u0119\u017cna Polska czuje si\u0119 wiecznie zagro\u017cona przez Rosj\u0119, cieszy si\u0119 z ka\u017cdego ameryka\u0144skiego batalionu, a i na Niemcy patrzy z rosn\u0105cym niepokojem, z powodu rzekomo antypolskiej polityki rz\u0105du w Berlinie, niech\u0119ci tamtejszych medi\u00f3w, dyskryminacji polskiej mniejszo\u015bci i germanizacji polskich dzieci.<\/p>\n<p>Polska robi, co chce, i m\u00f3wi &#8222;nie&#8221; innym pot\u0119\u017cnym graczom? Owszem, Polska m\u00f3wi \u201enie\u201d, ale potem przegrywa 1:27. Polska m\u00f3wi \u201enie\u201d gazoci\u0105gowi, ale mimo to jest on budowany. Polska m\u00f3wi \u201enie\u201d r\u00f3wnouprawnieniu mniejszo\u015bci, ale mimo to w Europie staje si\u0119 ono faktem, podobnie jak in vitro i inne zwariowane pomys\u0142y. Polska nie chce p\u0142aci\u0107 wi\u0119cej swoim pracownikom delegowanym, ale musia\u0142a si\u0119 zgodzi\u0107 na wytargowan\u0105 podwy\u017ck\u0119. Polska m\u00f3wi \u201enie\u201d przyja\u017ani Merkel z Tuskiem, ale jednocze\u015bnie prezes Polski m\u00f3wi, \u017ce Merkel jest dla Polski najlepsz\u0105 kandydatk\u0105. Polska m\u00f3wi \u201enie\u201d Francji, Niemcom, Rosji i w odpowiedzi s\u0142yszy to samo. Nie przecenia\u0142bym pozycji Polski. Nasz kraj by\u0142by silniejszy, gdyby nie by\u0142 coraz bardziej osamotniony z w\u0142asnej woli.<\/p>\n<p>Polska nic sobie nie robi z tego, co jej m\u00f3wi Europa? Tak, to prawda \u2013 Polska na z\u0142o\u015b\u0107 Europie odmra\u017ca sobie uszy. Ale co takiego robi Polska, \u017ce inni tego nie podzielaj\u0105? Komisja Wenecka, Komisja Europejska, Parlament Europejski, Bia\u0142y Dom ostrzegaj\u0105, a Polska nic sobie z tego nie robi (lub udaje, \u017ce na to gwi\u017cd\u017ce, a tak naprawd\u0119 to przejmuje si\u0119 ka\u017cd\u0105 krytyk\u0105 i uniewa\u017cnia j\u0105 jako inspirowan\u0105 z Warszawy). Taki wytrawny znawca jak George Friedman powinien wiedzie\u0107, \u017ce nie jest cnot\u0105 robi\u0107 swoje wbrew innym, ale cnot\u0105 jest pozyskanie poparcia innych dla tego, co si\u0119 robi. Obecny kurs na ograniczanie demokracji w kraju i odwracanie si\u0119 plecami do Europy prowadzi do tego, \u017ce budzimy coraz wi\u0119ksz\u0105 trosk\u0119. Co nam z tego, \u017ce post\u0119pujemy wbrew innym, skoro dzia\u0142amy wbrew w\u0142asnym interesom.<\/p>\n<p>W wywiadzie dla Katarzyny W\u0119\u017cyk z \u201eWyborczej\u201d (25 listopada) pan Friedman m\u00f3wi wiele m\u0105drych rzeczy na temat Trumpa i Ameryki, nie rozumie jednak Polski ani Europy. Wystarczy przeczyta\u0107.<\/p>\n<p><strong>Zaproszenie<\/strong><br \/>\nProf. Jan HARTMAN \u2013 filozof, publicysta, pe\u0142en temperamentu bloger, autor ksi\u0105\u017cki \u201ePolityka. W\u0142adza i nadzieja\u201d \u2013 b\u0119dzie naszym go\u015bciem w Radiu TOK FM we wtorek, 5 grudnia, godz. 20.05. Zapraszam!<\/p>\n","protected":false},"excerpt":{"rendered":"<p>Wa\u017cny ekspert ameryka\u0144ski, George Friedman, nie rozumie Polski. W wywiadzie dla \u201eWyborczej\u201d tw\u00f3rca think tanku Stratfor i doradca wielu genera\u0142\u00f3w twierdzi, \u017ce Polska jest regionaln\u0105 pot\u0119g\u0105. Polska robi, co chce, ustanawia w\u0142asn\u0105 agend\u0119, m\u00f3wi &#8222;nie&#8221; innym pot\u0119\u017cnym graczom. \u201eUnia was upomina, a wy nic sobie z tego nie robicie. Europa nic wam nie mo\u017ce zrobi\u0107. [&hellip;]<\/p>\n","protected":false},"author":4,"featured_media":4214,"comment_status":"open","ping_status":"closed","sticky":false,"template":"","format":"standard","meta":{"footnotes":""},"categories":[1],"tags":[],"_links":{"self":[{"href":"https:\/\/blog.polityka.pl\/passent\/wp-json\/wp\/v2\/posts\/4210"}],"collection":[{"href":"https:\/\/blog.polityka.pl\/passent\/wp-json\/wp\/v2\/posts"}],"about":[{"href":"https:\/\/blog.polityka.pl\/passent\/wp-json\/wp\/v2\/types\/post"}],"author":[{"embeddable":true,"href":"https:\/\/blog.polityka.pl\/passent\/wp-json\/wp\/v2\/users\/4"}],"replies":[{"embeddable":true,"href":"https:\/\/blog.polityka.pl\/passent\/wp-json\/wp\/v2\/comments?post=4210"}],"version-history":[{"count":3,"href":"https:\/\/blog.polityka.pl\/passent\/wp-json\/wp\/v2\/posts\/4210\/revisions"}],"predecessor-version":[{"id":4213,"href":"https:\/\/blog.polityka.pl\/passent\/wp-json\/wp\/v2\/posts\/4210\/revisions\/4213"}],"wp:featuredmedia":[{"embeddable":true,"href":"https:\/\/blog.polityka.pl\/passent\/wp-json\/wp\/v2\/media\/4214"}],"wp:attachment":[{"href":"https:\/\/blog.polityka.pl\/passent\/wp-json\/wp\/v2\/media?parent=4210"}],"wp:term":[{"taxonomy":"category","embeddable":true,"href":"https:\/\/blog.polityka.pl\/passent\/wp-json\/wp\/v2\/categories?post=4210"},{"taxonomy":"post_tag","embeddable":true,"href":"https:\/\/blog.polityka.pl\/passent\/wp-json\/wp\/v2\/tags?post=4210"}],"curies":[{"name":"wp","href":"https:\/\/api.w.org\/{rel}","templated":true}]}}