
{"id":4215,"date":"2017-12-05T23:23:14","date_gmt":"2017-12-05T22:23:14","guid":{"rendered":"https:\/\/passent.blog.polityka.pl\/?p=4215"},"modified":"2017-12-06T13:35:07","modified_gmt":"2017-12-06T12:35:07","slug":"strusia-polityka","status":"publish","type":"post","link":"https:\/\/blog.polityka.pl\/passent\/2017\/12\/05\/strusia-polityka\/","title":{"rendered":"Strusia polityka"},"content":{"rendered":"<p>\u201eKlasa polityczna\u201d a\u017c huczy od spekulacji na temat rekonstrukcji rz\u0105du. Kaczy\u0144ski? Morawiecki? Szyd\u0142o? Kto zostanie premierem?<br \/>\n<!--more--><br \/>\nNie ma to wi\u0119kszego znaczenia, bo polityk\u0119 i tak dyktuje prezes i ojciec dyrektor, ale zainteresowanie jest. Moim zdaniem z punktu widzenia w\u0142adzy nie nale\u017ca\u0142o rusza\u0107 Szyd\u0142o \u2013 jest w miar\u0119 bezbarwna, dyspozycyjna, nie dra\u017cni ludzi, jest zwyczajna i przeci\u0119tna, cieszy si\u0119 znacznym poparciem.<\/p>\n<p>Mimo to jest na wylocie. Nie jest zapraszana na kluczowe narady PiS, napisa\u0142a ju\u017c nawet po\u017cegnalnego tweeta w stylu \u201enajwa\u017cniejsza jest Polska\u201d. Cz\u0142owiek, kt\u00f3ry grubo po p\u00f3\u0142nocy odkrywa, \u017ce najwa\u017cniejsza jest Polska, robi to, \u017ceby podkre\u015bli\u0107, jak bardzo po\u015bwi\u0119ca swoje stanowisko dla dobra ojczyzny. W tej sytuacji logicznym kandydatem jest Mateusz Morawiecki, co jego tatu\u015b przepowiada\u0142 ju\u017c dwa lata temu. Stosunkowo m\u0142ody, inteligentny, wykszta\u0142cony, zna si\u0119 na gospodarce (cho\u0107 obietnice sk\u0142ada przesadne, jest \u2013 jak m\u00f3wi Petru &#8211; \u201egospodarczym hochsztaplerem\u201d), zna j\u0119zyki, jest reprezentacyjny, troch\u0119 zadufany i kostyczny, ale format wi\u0119kszy ni\u017c kierownika powiatowego domu kultury.<\/p>\n<p>Owszem, nie ma w\u0142asnego poparcia politycznego, b\u0119dzie ca\u0142kowicie zale\u017cny od prezesa, ale po co mu w\u0142asny ob\u00f3z, skoro prac\u0119 zawsze znajdzie, po kolejnej rekonstrukcji spadnie na cztery \u0142apy i jest najbogatszy w ca\u0142ym rz\u0105dzie.<\/p>\n<p>W cieniu walki o w\u0142adz\u0119 znalaz\u0142o si\u0119 or\u0119dzie prezydenta Dudy z okazji inauguracji obchod\u00f3w setnej rocznicy odzyskania niepodleg\u0142o\u015bci, kt\u00f3re potrwaj\u0105 ca\u0142y rok 2018. Rewelacji nie by\u0142o. \u201eDo\u015b\u0107 wyniszczaj\u0105cego konfliktu plemion politycznych!\u201d &#8211; apelowa\u0142 Andrzej Duda, ale chyba sam nie wierzy w spe\u0142nienie swojego apelu. Sam przyzna\u0142, \u017ce nie spos\u00f3b by\u0107 prezydentem wszystkich Polak\u00f3w, a jego ob\u00f3z polityczny zrobi\u0142 wiele, by odci\u0105\u0107 si\u0119 od Polak\u00f3w drugiego sortu, zdrajc\u00f3w, targowiczan itd. \u0141ami\u0105c prawo i konstytucj\u0119, prezydent sam przyczyni\u0142 si\u0119 do g\u0142\u0119bokiego podzia\u0142u, kt\u00f3ry w roku jubileuszowym 2018 b\u0119dzie szczeg\u00f3lnie widoczny. Wsp\u00f3lne obchody wydaj\u0105 si\u0119 niemo\u017cliwe.<\/p>\n<p>\u201ePora na \u0142ad ustrojowy, w kt\u00f3rym kompetencje w\u0142adzy ustawodawczej, wykonawczej i s\u0105downiczej b\u0119d\u0105 jasno rozgraniczone\u201d \u2013 m\u00f3wi\u0142 prezydent, ale w jego ustach brzmi to niepowa\u017cnie, poniewa\u017c sam przyczyni\u0142 si\u0119 do upolitycznienia s\u0105downictwa i podporz\u0105dkowania go rz\u0105dz\u0105cej wi\u0119kszo\u015bci. Targi z PiS o zakres tego podporz\u0105dkowania nie zmieniaj\u0105 istoty rzeczy. Nawet bez poprawek PiS ustawy przygotowane na Krakowskim Przedmie\u015bciu nie szanuj\u0105 tr\u00f3jpodzia\u0142u w\u0142adz.<\/p>\n<p>\u201ePotrzebujemy si\u0142 zbrojnych, dzi\u0119ki kt\u00f3rym sojusz z RP b\u0119dzie atutem&#8230;\u201d. W czasie ostrego konfliktu prezydenta z ministrem obrony, MON z BBN \u2013 prezydent nie m\u00f3wi na ten temat nic, tylko bana\u0142.<\/p>\n<p>\u201eSpory wybiegaj\u0105ce poza granice naszego kraju nie buduj\u0105 pozycji naszej ojczyzny\u201d \u2013 to prawda, ale nie b\u0119dzie spor\u00f3w, kiedy usuniemy ich przyczyny. Dzisiaj trudno pra\u0107 brudy we w\u0142asnym domu, wystarczy jedno klikni\u0119cie w komputerze i ju\u017c widzimy, co si\u0119 dzieje od Portugalii po Japoni\u0119. Bia\u0142oru\u015b, Turcja, Korea P\u00f3\u0142nocna \u2013 nikt nie jest w stanie odseparowa\u0107 si\u0119 od \u015bwiata i od sankcji, je\u015bli \u015bwiat uzna je za celowe.<\/p>\n<p>Nie pomo\u017ce strusia polityka i chowanie g\u0142owy w piasek.<\/p>\n","protected":false},"excerpt":{"rendered":"<p>Kaczy\u0144ski? Morawiecki? Szyd\u0142o? Kto zostanie premierem?<\/p>\n","protected":false},"author":4,"featured_media":4219,"comment_status":"open","ping_status":"closed","sticky":false,"template":"","format":"standard","meta":{"footnotes":""},"categories":[1],"tags":[],"_links":{"self":[{"href":"https:\/\/blog.polityka.pl\/passent\/wp-json\/wp\/v2\/posts\/4215"}],"collection":[{"href":"https:\/\/blog.polityka.pl\/passent\/wp-json\/wp\/v2\/posts"}],"about":[{"href":"https:\/\/blog.polityka.pl\/passent\/wp-json\/wp\/v2\/types\/post"}],"author":[{"embeddable":true,"href":"https:\/\/blog.polityka.pl\/passent\/wp-json\/wp\/v2\/users\/4"}],"replies":[{"embeddable":true,"href":"https:\/\/blog.polityka.pl\/passent\/wp-json\/wp\/v2\/comments?post=4215"}],"version-history":[{"count":5,"href":"https:\/\/blog.polityka.pl\/passent\/wp-json\/wp\/v2\/posts\/4215\/revisions"}],"predecessor-version":[{"id":4221,"href":"https:\/\/blog.polityka.pl\/passent\/wp-json\/wp\/v2\/posts\/4215\/revisions\/4221"}],"wp:featuredmedia":[{"embeddable":true,"href":"https:\/\/blog.polityka.pl\/passent\/wp-json\/wp\/v2\/media\/4219"}],"wp:attachment":[{"href":"https:\/\/blog.polityka.pl\/passent\/wp-json\/wp\/v2\/media?parent=4215"}],"wp:term":[{"taxonomy":"category","embeddable":true,"href":"https:\/\/blog.polityka.pl\/passent\/wp-json\/wp\/v2\/categories?post=4215"},{"taxonomy":"post_tag","embeddable":true,"href":"https:\/\/blog.polityka.pl\/passent\/wp-json\/wp\/v2\/tags?post=4215"}],"curies":[{"name":"wp","href":"https:\/\/api.w.org\/{rel}","templated":true}]}}