
{"id":4222,"date":"2017-12-10T12:17:56","date_gmt":"2017-12-10T11:17:56","guid":{"rendered":"https:\/\/passent.blog.polityka.pl\/?p=4222"},"modified":"2017-12-10T12:46:29","modified_gmt":"2017-12-10T11:46:29","slug":"odwagi-panie-prezydencie","status":"publish","type":"post","link":"https:\/\/blog.polityka.pl\/passent\/2017\/12\/10\/odwagi-panie-prezydencie\/","title":{"rendered":"Odwagi, Panie Prezydencie!"},"content":{"rendered":"<p>Czy go lubimy czy nie, prezydent Andrzej Duda jest w tej chwili ostatni\u0105 desk\u0105 ratunku dla S\u0105du Najwy\u017cszego, Krajowej Rady S\u0105downiczej, Pa\u0144stwowej Komisji Wyborczej, ostatni\u0105 zapor\u0105 na drodze likwidator\u00f3w demokracji. Weto \u2013 bro\u0144 atomowa prezydenta \u2013 mog\u0142oby przynajmniej spowolni\u0107 upadek pa\u0144stwa prawnego.<br \/>\n<!--more--><br \/>\nNiestety, jest bardzo ma\u0142o prawdopodobne, by Andrzej Duda zawetowa\u0142 swoje w\u0142asne projekty ustaw (kt\u00f3rych w og\u00f3le nie powinien by\u0142 przygotowywa\u0107), uzgodnione z prezesem Kaczy\u0144skim i \u201epoprawione\u201d przez PiS.<\/p>\n<p>Boj\u0105c si\u0119 powiedzie\u0107 \u201estop\u201d, akceptuj\u0105c np. mo\u017cliwo\u015b\u0107 wyboru s\u0119dzi\u00f3w przez polityk\u00f3w, godz\u0105c si\u0119 na podleg\u0142o\u015b\u0107 s\u0105d\u00f3w prokuratorowi generalnemu i ministrowi sprawiedliwo\u015bci w jednej osobie &#8211; prezydent Duda staje si\u0119 wsp\u00f3lnikiem zamachu na pa\u0144stwo demokratyczne. Jego sytuacja z w\u0142asnej winy jest trudna.<\/p>\n<p>Ograny najpierw przez Kaczy\u0144skiego, prezydent otrzyma\u0142 teraz policzek od Antoniego Macierewicza &#8211; podleg\u0142a mu S\u0142u\u017cba Kontrwywiadu Wojskowego pozbawi\u0142a Jaros\u0142awa Kraszewskiego, najwa\u017cniejszego genera\u0142a u boku prezydenta, \u2013 dost\u0119pu do tajemnic wojskowych. W ten spos\u00f3b genera\u0142 i prezydent stali si\u0119 zak\u0142adnikami Macierewicza. Genera\u0142 nie mo\u017ce pe\u0142ni\u0107 swoich obowi\u0105zk\u00f3w, gdy\u017c zamiast poufnych i tajnych dokument\u00f3w mo\u017ce czyta\u0107 gazety i ksi\u0105\u017cki, a prezydent nie mo\u017ce go zwolni\u0107, bo by\u0142oby to ugi\u0119cie si\u0119 przed ministrem obrony. Wygl\u0105da na to, \u017ce faktycznym zwierzchnikiem si\u0142 zbrojnych jest szkodnik, jakich ma\u0142o (polecam ksi\u0105\u017ck\u0119 Juliusza \u0106wielucha, \u201eGenera\u0142owie\u201d, w kt\u00f3rej dorobek ministra jest zbombardowany przez najlepszych fachowc\u00f3w).<\/p>\n<p>Tymczasem prezydent Duda jest w z\u0142ej formie. Musia\u0142 odwo\u0142a\u0107 Beat\u0119 Szyd\u0142o, kt\u00f3ra prowadzi\u0142a jego zwyci\u0119sk\u0105 kampani\u0119 wyborcz\u0105, ze stanowiska premiera. Kilka dni wcze\u015bniej pop\u0142akiwa\u0142 w programie Bogdana Rymanowskiego: \u201eJest dla mnie ogromnym utrudnieniem i ogromnie mnie ta sprawa [gen. Kraszewskiego] martwi\u201d. \u201eTo, \u017ce od czerwca nie mog\u0119 korzysta\u0107 z pomocy genera\u0142a Kraszewskiego, bardzo mnie boli\u201d. Wielokrotnie zwraca\u0142 si\u0119 w tej sprawie do Macierewicza, ale bez skutk\u00f3w. Wreszcie doczeka\u0142 si\u0119 nie takiej decyzji, jakiej pragn\u0105\u0142.<\/p>\n<p>Jak pisze Zuzanna D\u0105browska (\u201eRzeczpospolita\u201d), Duda nie otrzyma\u0142 poprawek PiS do jego ustaw s\u0105dowych. \u201eNie przedstawiono mi wcze\u015bniej tych projekt\u00f3w, kto\u015b tu zawali\u0142 spraw\u0119; za rz\u0105d odpowiada premier [Szyd\u0142o] \u2013 tu bez w\u0105tpienia by\u0142 problem na linii prezydent \u2013 rz\u0105d\u201d. Moim zdaniem nikt tu sprawy nie \u201ezawali\u0142\u201d. Po prostu premier nie panowa\u0142a nad ministrem, a ten gra\u0142 swoj\u0105 gr\u0119 z prezydentem.<\/p>\n<p>Zuzanna D\u0105browska opisuje prezydenta jako \u201emocno depresyjnego\u201d, \u201ew zbyt wielu kwestiach przyznaje si\u0119 do bezsilno\u015bci. (\u2026) Jego s\u0105dowe ustawy nie zadowol\u0105 nikogo, a dla PiS b\u0119d\u0105 tylko narz\u0119dziem wzmocnienia w\u0142adzy. Nic dziwnego, \u017ce jest zasmucony\u201d.<\/p>\n<p>Moim zdaniem prezydent ma silne wahana nastroju, raz jest pe\u0142nym energii m\u00f3wc\u0105, kt\u00f3ry wr\u0119cz krzyczy na s\u0142uchaczy i og\u0142asza, \u017ce ustawy wetuje, by zaraz po tym popada\u0107 w nastr\u00f3j s\u0142abo\u015bci i bezsilno\u015bci, budz\u0105cych wsp\u00f3\u0142czucie i politowanie.<\/p>\n<p>W ci\u0105gu ostatnich dni sytuacja w Polsce nieco si\u0119 zmieni\u0142a, za chwil\u0119 b\u0119dzie nowy premier (kt\u00f3ry zamierza rechrystianizowa\u0107 Europ\u0119), a prezydencki genera\u0142 zosta\u0142 odci\u0119ty od tajemnic. Jak u\u0142o\u017c\u0105 si\u0119 stosunki Morawiecki \u2013 Macierewicz, nie wiadomo. To odpowiedni moment, \u017ceby Andrzej Duda otar\u0142 \u0142zy i pokaza\u0142, kto tu jest prezydentem i zwierzchnikiem. Czy go jeszcze na to sta\u0107?<\/p>\n<p><strong>Zaproszenie<\/strong><br \/>\nGenera\u0142 Tomasz Drewniak (rez.), by\u0142y Inspektor Si\u0142 Powietrznych, Juliusz \u0106wieluch, dziennikarz POLITYKI i autor ksi\u0105\u017cki &#8222;Genera\u0142owie&#8221;, oraz Edyta \u017bem\u0142a, komentatorka Onetu ds. wojskowych &#8211; b\u0119d\u0105 naszymi go\u015b\u0107mi w radiu TOK FM we wtorek, 12 grudnia, o godz. 20.05.<\/p>\n","protected":false},"excerpt":{"rendered":"<p>Prezydent Duda jest w z\u0142ej formie.<\/p>\n","protected":false},"author":4,"featured_media":4227,"comment_status":"open","ping_status":"closed","sticky":false,"template":"","format":"standard","meta":{"footnotes":""},"categories":[1],"tags":[],"_links":{"self":[{"href":"https:\/\/blog.polityka.pl\/passent\/wp-json\/wp\/v2\/posts\/4222"}],"collection":[{"href":"https:\/\/blog.polityka.pl\/passent\/wp-json\/wp\/v2\/posts"}],"about":[{"href":"https:\/\/blog.polityka.pl\/passent\/wp-json\/wp\/v2\/types\/post"}],"author":[{"embeddable":true,"href":"https:\/\/blog.polityka.pl\/passent\/wp-json\/wp\/v2\/users\/4"}],"replies":[{"embeddable":true,"href":"https:\/\/blog.polityka.pl\/passent\/wp-json\/wp\/v2\/comments?post=4222"}],"version-history":[{"count":4,"href":"https:\/\/blog.polityka.pl\/passent\/wp-json\/wp\/v2\/posts\/4222\/revisions"}],"predecessor-version":[{"id":4226,"href":"https:\/\/blog.polityka.pl\/passent\/wp-json\/wp\/v2\/posts\/4222\/revisions\/4226"}],"wp:featuredmedia":[{"embeddable":true,"href":"https:\/\/blog.polityka.pl\/passent\/wp-json\/wp\/v2\/media\/4227"}],"wp:attachment":[{"href":"https:\/\/blog.polityka.pl\/passent\/wp-json\/wp\/v2\/media?parent=4222"}],"wp:term":[{"taxonomy":"category","embeddable":true,"href":"https:\/\/blog.polityka.pl\/passent\/wp-json\/wp\/v2\/categories?post=4222"},{"taxonomy":"post_tag","embeddable":true,"href":"https:\/\/blog.polityka.pl\/passent\/wp-json\/wp\/v2\/tags?post=4222"}],"curies":[{"name":"wp","href":"https:\/\/api.w.org\/{rel}","templated":true}]}}