
{"id":423,"date":"2008-03-18T23:30:40","date_gmt":"2008-03-18T22:30:40","guid":{"rendered":"http:\/\/passent.blog.polityka.pl\/?p=423"},"modified":"2008-03-18T23:37:42","modified_gmt":"2008-03-18T22:37:42","slug":"wytwornia-filmowa-pis","status":"publish","type":"post","link":"https:\/\/blog.polityka.pl\/passent\/2008\/03\/18\/wytwornia-filmowa-pis\/","title":{"rendered":"Wytw\u00f3rnia filmowa PiS"},"content":{"rendered":"<p><img loading=\"lazy\" decoding=\"async\" src=\"http:\/\/passent.blog.polityka.pl\/wp-content\/uploads\/0kaczOR450.jpg\" alt=\"0kaczOR450.jpg\" title=\"0kaczOR450.jpg\" align=\"middle\" border=\"0\" height=\"316\" hspace=\"5\" vspace=\"5\" width=\"450\" \/><\/p>\n<p><em>Fot. Witold Rozbicki \/ REPORTER<\/em><\/p>\n<p>Reklam\u00f3wka pt. \u201eOr\u0119dzie Prezydenta\u201d emitowana by\u0142a przez TVP w najlepszym mo\u017cliwym czasie antenowym, tu\u017c po Wiadomo\u015bciach, a przed prognoz\u0105 pogody i sportem. Kiedy prezydent zacz\u0105\u0142 przemawia\u0107, wydawa\u0142o si\u0119, \u017ce b\u0119dzie to dr\u0119twa mowa, jak zwykle. (Jego brat m\u00f3wi z du\u017co wi\u0119kszym temperamentem i od siebie, a nie z promptera, ale \u201enobles obli\u017c\u201d \u2013 jak m\u00f3wi\u0105 Francuzi). Gdy po kilku s\u0142owach dyskursu prezydenckiego rozleg\u0142a si\u0119 muzyka, s\u0105dzi\u0142em, \u017ce to s\u0105siedzi na znak protestu demonstracyjnie w\u0142\u0105czyli radio. Ali\u015bci po chwili okaza\u0142o si\u0119, \u017ce to \u017cadna awaria, a \u201eor\u0119dzie\u201d zacz\u0119\u0142o przypomina\u0107 Polsk\u0105 Kronik\u0119 Filmow\u0105 z jej gorszych czas\u00f3w, tj. po odej\u015bciu p.Lema\u0144skiej i Andrzeja \u0141apickiego, kt\u00f3ry nawet je\u017celi czyta\u0142 n\u0119dzny tekst, to g\u0142os mia\u0142 czysty jak dzwon.<\/p>\n<p>Wytw\u00f3rnia filmowa PIS okaza\u0142a si\u0119 gorsza ni\u017c WFD, ale si\u0119 nie dziwi\u0119, gdy\u017c Wytw\u00f3rnia Film\u00f3w Dokumentalnych to kawa\u0142 historii kina, a wytw\u00f3rnia filmowa PIS to tylko kawa\u0142. Pokazano niemieckich odwetowc\u00f3w, a tak\u017ce hitlerowsk\u0105 map\u0119. Kanclerz co prawda wygl\u0105da dzi\u015b inaczej ni\u017c Adenauer, a zamiast Czai i Hupki jest teraz Erika Steinbach, ale przekaz &#8211; ten sam. Niemcy nam zn\u00f3w zagra\u017caj\u0105. Potomkowie dziadka z Wehrmachtu chc\u0105 sprzeda\u0107 Szwabom Ziemie Zachodnie.<\/p>\n<p>Inne, obok Niemc\u00f3w, niebezpiecze\u0144stwo, jakie nam zagra\u017ca, to Unia Europejska i homoseksuali\u015bci. Co do Unii Europejskiej, to partia rz\u0105dz\u0105ca przestrzega\u0142a przed ni\u0105 ju\u017c u jej zarania, kiedy ja chodzi\u0142em pod sto\u0142em. Jak pami\u0119tam, mia\u0142 to by\u0107 ko\u0144 troja\u0144ski imperializmu ameryka\u0144skiego w Europie. Teraz Unia czyha na nas w ten spos\u00f3b, \u017ce je\u017celi s\u0105d europejski, kt\u00f3ry jest podobno nieobliczalny, wyda niekorzystne dla nas orzeczenie, i je\u017celi wszystkie kraje cz\u0142onkowskie si\u0119 na to zgodz\u0105, to jeden homoseksualista odbierze nam Szczecin, a drugi \u2013 Wroc\u0142aw, potem zawr\u0105 zwi\u0105zek ma\u0142\u017ce\u0144ski i tyle nam zostanie po ziemiach odzyskanych.<\/p>\n<p>Pisz\u0105c bardziej powa\u017cnie, najnowsze \u201eor\u0119dzie\u201d to karykatura tego, czego normalny cz\u0142owiek oczekuje od powa\u017cnego prezydenta. W wa\u017cnym momencie g\u0142owa pa\u0144stwa zabiera g\u0142os i dzieli si\u0119 swoimi my\u015blami ze spo\u0142ecze\u0144stwem. Na przyk\u0142ad ubolewa, \u017ce nie uda\u0142o si\u0119 w Brukseli, wesp\u00f3\u0142 z p. Fotyg\u0105 i amb. Tombi\u0144skim, wynegocjowa\u0107 pierwiastka, zachowa\u0107 mocnej pozycji Polski z Nicei, wpisa\u0107 Joaniny do traktatu itd, itp., i to wszystko pomimo telefonicznej interwencji brata. I teraz \u2013 m\u00f3wi prezydent \u2013 musimy pomy\u015ble\u0107 jak si\u0119 zabezpieczy\u0107 przed tym sukcesem.<\/p>\n<p>Zamiast tego otrzymali\u015bmy spot reklamowy, z kt\u00f3rego mia\u0142o wynika\u0107, \u017ce LK wynegocjowa\u0142 dobry traktat, ale teraz to porozumienie jest zagro\u017cone przez Niemcy oraz Uni\u0119 (nie wszystko, co jest dobre dla Unii, jest dobre dla Polski!) i trzeba zapobiec niebezpiecze\u0144stwu, zagro\u017cone s\u0105 nasze ziemie (przez Niemcy) i nasze warto\u015bci (przez homoseksualist\u00f3w). Trzeba przyzna\u0107, \u017ce homoseksuali\u015bci maj\u0105 kiepsko: zwalczali ich faszy\u015bci, potem komuni\u015bci, a teraz demokraci, a Niemcy to nasz wr\u00f3g odwieczny. Sojusz Niemc\u00f3w i homoseksualist\u00f3w najbardziej uwidacznia si\u0119 podczas parady mi\u0142o\u015bci w Berlinie.<\/p>\n<p>Reklam\u00f3wka pt. \u201eOr\u0119dzie prezydenta\u201d pozbawia resztek majestatu najwy\u017cszy urz\u0105d w kraju. Prezydent zamiast by\u0107 oratorem \u2013 staje si\u0119 narratorem politycznego komiksu. Zamiast or\u0119dzia otrzymali\u015bmy felieton filmowy, zamiast argument\u00f3w \u2013 skojarzenia i sugestie. Tre\u015b\u0107 tego komiksu jest szkodliwa zar\u00f3wno w kraju, jak i za granic\u0105, gdy\u017c si\u0119ga po niemiecki straszak, o\u015bmiesza te\u017c Polsk\u0119 jako kraj, kt\u00f3rego prezydentowi sp\u0119dza sen z powiek widmo zwi\u0105zk\u00f3w gejowskich.<\/p>\n<p>Kiedy to wszystko ogl\u0105da\u0142em w Telewizji zwanej niewiadomo dlaczego Publiczn\u0105, s\u0105dzi\u0142em, \u017ce ogl\u0105dam telewizj\u0119 \u201eTrwam\u201d.<\/p>\n","protected":false},"excerpt":{"rendered":"<p>Fot. Witold Rozbicki \/ REPORTER Reklam\u00f3wka pt. \u201eOr\u0119dzie Prezydenta\u201d emitowana by\u0142a przez TVP w najlepszym mo\u017cliwym czasie antenowym, tu\u017c po Wiadomo\u015bciach, a przed prognoz\u0105 pogody i sportem. Kiedy prezydent zacz\u0105\u0142 przemawia\u0107, wydawa\u0142o si\u0119, \u017ce b\u0119dzie to dr\u0119twa mowa, jak zwykle. (Jego brat m\u00f3wi z du\u017co wi\u0119kszym temperamentem i od siebie, a nie z promptera, ale [&hellip;]<\/p>\n","protected":false},"author":4,"featured_media":0,"comment_status":"open","ping_status":"open","sticky":false,"template":"","format":"standard","meta":{"footnotes":""},"categories":[1],"tags":[],"_links":{"self":[{"href":"https:\/\/blog.polityka.pl\/passent\/wp-json\/wp\/v2\/posts\/423"}],"collection":[{"href":"https:\/\/blog.polityka.pl\/passent\/wp-json\/wp\/v2\/posts"}],"about":[{"href":"https:\/\/blog.polityka.pl\/passent\/wp-json\/wp\/v2\/types\/post"}],"author":[{"embeddable":true,"href":"https:\/\/blog.polityka.pl\/passent\/wp-json\/wp\/v2\/users\/4"}],"replies":[{"embeddable":true,"href":"https:\/\/blog.polityka.pl\/passent\/wp-json\/wp\/v2\/comments?post=423"}],"version-history":[{"count":0,"href":"https:\/\/blog.polityka.pl\/passent\/wp-json\/wp\/v2\/posts\/423\/revisions"}],"wp:attachment":[{"href":"https:\/\/blog.polityka.pl\/passent\/wp-json\/wp\/v2\/media?parent=423"}],"wp:term":[{"taxonomy":"category","embeddable":true,"href":"https:\/\/blog.polityka.pl\/passent\/wp-json\/wp\/v2\/categories?post=423"},{"taxonomy":"post_tag","embeddable":true,"href":"https:\/\/blog.polityka.pl\/passent\/wp-json\/wp\/v2\/tags?post=423"}],"curies":[{"name":"wp","href":"https:\/\/api.w.org\/{rel}","templated":true}]}}