
{"id":4230,"date":"2017-12-13T22:25:33","date_gmt":"2017-12-13T21:25:33","guid":{"rendered":"https:\/\/passent.blog.polityka.pl\/?p=4230"},"modified":"2017-12-13T23:32:08","modified_gmt":"2017-12-13T22:32:08","slug":"duet-marzen","status":"publish","type":"post","link":"https:\/\/blog.polityka.pl\/passent\/2017\/12\/13\/duet-marzen\/","title":{"rendered":"Duet marze\u0144"},"content":{"rendered":"<p> &#8211; Dlaczego restrukturyzacja trwa kilka miesi\u0119cy i jeszcze si\u0119 nie sko\u0144czy\u0142a?<br \/>\n &#8211; Dlatego, \u017ce nie mog\u0105 si\u0119 dogada\u0107. Ambicje, interesy, pieni\u0105dze (w sp\u00f3\u0142kach skarbu pa\u0144stwa, w przemy\u015ble zbrojeniowym) s\u0105 wielkie. Stanowiska do rozdania niezliczone. Prezes jest co roku starszy, ka\u017cdy usi\u0142uje zaj\u0105\u0107 najlepsz\u0105 pozycj\u0119.<br \/>\n<!--more--><br \/>\n &#8211; Dlaczego musia\u0142a odej\u015b\u0107 ze stanowiska Beata Szyd\u0142o?<br \/>\n &#8211; Nie dawa\u0142a rady. W warunkach ostrej rywalizacji i konflikt\u00f3w ministrowie szukali rozstrzygni\u0119cia na Nowogrodzkiej. Nie traktowali jej powa\u017cnie. Poza tym \u201enasza Beatka\u201d by\u0142a bezradna za granic\u0105, gdzie reputacja Polski PiS jest coraz gorsza. Nie jest przesadnie wygl\u0119dna.<br \/>\n &#8211; Orban te\u017c nie wygl\u0105da jak Paul Newman. I te\u017c prowincja, nie pochodzi z Budapesztu.<br \/>\n &#8211; Ale ma to co\u015b, czego ona nie ma.<br \/>\n &#8211; Polki i Polacy j\u0105 polubili. Polki i Polacy to, Polki i Polacy tamto.<br \/>\n &#8211; Dlaczego Kaczy\u0144ski tak przeczo\u0142ga\u0142 i poni\u017cy\u0142 \u201enajlepsz\u0105 premier od 1989 roku\u201d? Dlaczego miesi\u0105cami trzyma w zawieszeniu cz\u0142onk\u00f3w rz\u0105du?<br \/>\n &#8211; \u017beby nie znali dnia ani godziny. \u017beby wiedzieli, kto tu rz\u0105dzi. Podobne metody stosowano na Kremlu. Zawsze trzeba mie\u0107 walizeczk\u0119 pod \u0142\u00f3\u017ckiem.<br \/>\n &#8211; Dlaczego zgodzi\u0142a si\u0119 na degradacj\u0119? To upokarzaj\u0105ce, nie do honoru.<br \/>\n &#8211; Do czego?<br \/>\n &#8211; Do honoru.<br \/>\n &#8211; Czy Morawiecki za Szyd\u0142o to jest dobra zmiana?<br \/>\n &#8211; Tak. On jest inteligentniejszy, lepiej wykszta\u0142cony, m\u0142odszy i wy\u017cszy, nieskompromitowany w Brukseli ani w Waszyngtonie, nawet wygl\u0105da na umys\u0142owego. Nie zb\u0142a\u017ani\u0142 si\u0119 w Parlamencie Europejskim. A pogl\u0105dy ma, jak trzeba: reforma wymiaru sprawiedliwo\u015bci mu si\u0119 podoba. Nie ma co prawda syna ksi\u0119dza, ale chce rechrystianizowa\u0107 Europ\u0119. Nie zapomnia\u0142 o JP II. Pami\u0119\u0107 ma dobr\u0105: pami\u0119ta\u0142 zapomnie\u0107 o Wa\u0142\u0119sie.<br \/>\n &#8211; O Smole\u0144sku te\u017c zapomnia\u0142?<br \/>\n &#8211; Trzyma si\u0119 daleko od Macierewicza. Za to pami\u0119ta o Lechu Kaczy\u0144skim.<br \/>\n &#8211; Morawiecki to chodz\u0105ca elita: bogaty, kszta\u0142cony za granic\u0105, prezes w banku zagranicznym, wiersze recytuje z pami\u0119ci. Przecie\u017c to uosobienie z\u0142a.<br \/>\n &#8211; Za to Kaczy\u0144ski to samo dobro.<br \/>\n &#8211; Dlaczego prezes go wybra\u0142, skoro mia\u0142 do dyspozycji tylu zwyk\u0142ych, prostych ludzi, cho\u0107by Brudzi\u0144skiego? Nie m\u00f3wi\u0105c o samej Szyd\u0142o.<br \/>\n &#8211; A czym oni mog\u0105 Kaczy\u0144skiemu zaimponowa\u0107? Ona nawet nie wie, co to jest hub. Kto si\u0119 b\u0119dzie z nimi liczy\u0142 w Pary\u017cu, w Waszyngtonie? Morawiecki przynajmniej umie si\u0119 znale\u017a\u0107. I ta legenda tatusia&#8230;<br \/>\n &#8211; Niezapisana karta?<br \/>\n &#8211; Bez przesady, by\u0142 \u015bwiadkiem rozwalania Trybuna\u0142u, KRS, smole\u0144skich szalbierstw, 27:1, nocnych nominacji, wiedzia\u0142, co si\u0119 dzia\u0142o na komisariacie we Wroc\u0142awiu \u2013 wszystko to prze\u0142yka\u0142. No, ale w Berlinie b\u0119dzie nowy, nowocze\u015bniejszy ni\u017c madame z Brzeszcza. Morawiecki to taki lepszy Duda. To najlepszy, jaki mamy duet marze\u0144. Na \u0142adnych kilka lat.<br \/>\n &#8211; \u0141adnych? Jak dla kogo.<\/p>\n","protected":false},"excerpt":{"rendered":"<p>Morawiecki to chodz\u0105ca elita: bogaty, kszta\u0142cony za granic\u0105, prezes w banku zagranicznym, wiersze recytuje z pami\u0119ci. Przecie\u017c to uosobienie z\u0142a.<\/p>\n","protected":false},"author":4,"featured_media":4234,"comment_status":"open","ping_status":"closed","sticky":false,"template":"","format":"standard","meta":{"footnotes":""},"categories":[1],"tags":[],"_links":{"self":[{"href":"https:\/\/blog.polityka.pl\/passent\/wp-json\/wp\/v2\/posts\/4230"}],"collection":[{"href":"https:\/\/blog.polityka.pl\/passent\/wp-json\/wp\/v2\/posts"}],"about":[{"href":"https:\/\/blog.polityka.pl\/passent\/wp-json\/wp\/v2\/types\/post"}],"author":[{"embeddable":true,"href":"https:\/\/blog.polityka.pl\/passent\/wp-json\/wp\/v2\/users\/4"}],"replies":[{"embeddable":true,"href":"https:\/\/blog.polityka.pl\/passent\/wp-json\/wp\/v2\/comments?post=4230"}],"version-history":[{"count":3,"href":"https:\/\/blog.polityka.pl\/passent\/wp-json\/wp\/v2\/posts\/4230\/revisions"}],"predecessor-version":[{"id":4233,"href":"https:\/\/blog.polityka.pl\/passent\/wp-json\/wp\/v2\/posts\/4230\/revisions\/4233"}],"wp:featuredmedia":[{"embeddable":true,"href":"https:\/\/blog.polityka.pl\/passent\/wp-json\/wp\/v2\/media\/4234"}],"wp:attachment":[{"href":"https:\/\/blog.polityka.pl\/passent\/wp-json\/wp\/v2\/media?parent=4230"}],"wp:term":[{"taxonomy":"category","embeddable":true,"href":"https:\/\/blog.polityka.pl\/passent\/wp-json\/wp\/v2\/categories?post=4230"},{"taxonomy":"post_tag","embeddable":true,"href":"https:\/\/blog.polityka.pl\/passent\/wp-json\/wp\/v2\/tags?post=4230"}],"curies":[{"name":"wp","href":"https:\/\/api.w.org\/{rel}","templated":true}]}}