
{"id":4235,"date":"2017-12-18T23:41:05","date_gmt":"2017-12-18T22:41:05","guid":{"rendered":"https:\/\/passent.blog.polityka.pl\/?p=4235"},"modified":"2017-12-19T08:12:17","modified_gmt":"2017-12-19T07:12:17","slug":"rasia-klapa-gozdzik","status":"publish","type":"post","link":"https:\/\/blog.polityka.pl\/passent\/2017\/12\/18\/rasia-klapa-gozdzik\/","title":{"rendered":"R\u0105sia, klapa, go\u017adzik"},"content":{"rendered":"<p>Poniedzia\u0142ek. Pierwszy etap rekonstrukcji rz\u0105du \u2013 zmiana na stanowisku premiera. Na razie za wcze\u015bnie m\u00f3wi\u0107, czy ta zmiana oznacza korekt\u0119 polityki czy tylko bardziej nowoczesny, wielkomiejski wizerunek premiera, \u015bwiatowca i milionera, ostrego krytyka III RP, kt\u00f3r\u0105 uwa\u017ca (nie on jeden) za kontynuacj\u0119 PRL, np. w wymiarze sprawiedliwo\u015bci. Ciekawe, dlaczego b\u0119d\u0105c przedtem dwa lata ministrem i wicepremierem, Mateusz Morawiecki sprzeda\u0142 swoje akcje WBK dopiero gdy zosta\u0142 premierem?<br \/>\n<!--more--><br \/>\nRozpocz\u0105\u0142 si\u0119 drugi etap rekonstrukcji, osoby odwo\u0142ane &#8211; pp. Kowalczyk, Kempa, Bochenek, Witek &#8211; maj\u0105 otrzyma\u0107 ciep\u0142e posady, a ich nast\u0119pcy, pp. Marek Suski, Micha\u0142 Dworczyk, Joanna Kopci\u0144ska, wywodz\u0105 si\u0119 z tej samej talii kart. Same nazwiska nie m\u00f3wi\u0105 wiele. Podobnie jak oczekiwana zmiana ministra Waszczykowskiego na ministra Szczerskiego. Chocia\u017c mo\u017ce b\u0119dzie wi\u0119cej gaf, bo nawet europose\u0142 Marek Jurek nie m\u00f3g\u0142 powstrzyma\u0107 si\u0119 od \u015bmiechu, gdy us\u0142ysza\u0142, kto b\u0119dzie doradza\u0142 politycznie premierowi.<\/p>\n<p>Wtorek. Posiedzenie rz\u0105du. Dla niekt\u00f3rych \u2013 ostatnie. Poza z g\u00f3ry ustalonym porz\u0105dkiem \u2013 gaszenie po\u017car\u00f3w. Na szcz\u0119\u015bcie pilot prze\u017cy\u0142, ale samolot run\u0105\u0142. Pierwsza katastrofa samolotu tego typu po ponad 20 latach s\u0142u\u017cby. Komisje do spraw wypadk\u00f3w lotniczych maj\u0105 stanowczo za du\u017co pracy. A wkr\u00f3tce mamy pozna\u0107 ostateczn\u0105, prawdziw\u0105 prawd\u0119 o Smole\u0144sku. Ju\u017c bez by\u0142ego przewodnicz\u0105cego specpodkomisji prof. Berczy\u0144skiego. To kolejna ofiara katastrofy.<\/p>\n<p>S\u0119dzia Igor Tuleya nie po raz pierwszy (patrz sprawa dr. G.) ratuje honor wymiaru sprawiedliwo\u015bci i nakazuje wznowi\u0107 dochodzenie w sprawie obrad Sejmu w Sali Kolumnowej 16 grudnia 2016 roku. Jak wynika z zezna\u0144 m.in. pos\u0142\u00f3w PiS, R. Terleckiego i K. Paw\u0142owicz, przeniesienie obrad do Sali Kolumnowej i blokada dost\u0119pu do sto\u0142u prezydium nie by\u0142y spontaniczn\u0105 reakcj\u0105 po wykluczeniu z obrad pos\u0142a Platformy, lecz by\u0142o planowane od rana, by zapobiec obl\u0119\u017ceniu prezydium przez opozycj\u0119. Decyzja s\u0119dziego jest nie po my\u015bli PiS, kt\u00f3ry chcia\u0142 zamkn\u0105\u0107 spraw\u0119. \u201eS\u0105 jeszcze s\u0119dziowie w Warszawie\u201d, ale jak d\u0142ugo? Niebawem taka sprawa nie b\u0119dzie ju\u017c trafia\u0142a w niepewne r\u0119ce.<\/p>\n<p>\u015aroda. Komisja Europejska zdecyduje o mo\u017cliwo\u015bci si\u0119gni\u0119cia po art. 7 Traktatu w sprawie powa\u017cnego ryzyka naruszenia praworz\u0105dno\u015bci w Polsce. Merkel i Macron \u2013 dwie lokomotywy Unii &#8211; zapowiedzieli, \u017ce popr\u0105 Komisj\u0119, je\u015bli ta uzna za stosowne wszcz\u0119cie procedury. Dla polskiego rz\u0105du by\u0142by to cios, bo to pierwszy taki przypadek w historii Unii. Premier Morawiecki by\u0142 w Brukseli (moim zdaniem z misj\u0105 ostatniej szansy), ale jego przyspieszony powr\u00f3t (po rozmowie z prezydentem Francji) \u015bwiadczy o tym, \u017ce nic nie wsk\u00f3ra\u0142. Ma\u0142o prawdopodobne, by Komisja da\u0142a Polsce jeszcze jedn\u0105 szans\u0119 \u2013 z powodu zmiany rz\u0105du. Premier Morawiecki powtarza, \u017ce reforma s\u0105downictwa to wewn\u0119trzna sprawa Polski. Zobaczymy, kto jeszcze jest tego zdania.<\/p>\n<p>Czwartek. Rekonstrukcja na ca\u0142ego. Premier pomi\u0119dzy Macierewiczem (i Kaczy\u0144skim) z jednej strony, a prezydentem Dud\u0105 z drugiej. Obaj nie mog\u0105 wygra\u0107. \u017baden nie jest moim faworytem. Ka\u017cdy jest szkodnikiem. O dzia\u0142alno\u015bci tego pierwszego opowiadaj\u0105 \u201eGenera\u0142owie\u201d w ksi\u0105\u017cce Juliusza \u0106wielucha pod tym tytu\u0142em. Dzia\u0142alno\u015b\u0107 pana prezydenta zacz\u0119\u0142a si\u0119 od mianowania dubler\u00f3w, poprzez podpisanie ustawy o ustroju s\u0105d\u00f3w powszechnych, a\u017c po dwa projekty jego (plus PiS) autorstwa. Podobnie jak z rekonstrukcj\u0105 rz\u0105du \u2013 dobrego wyj\u015bcia nie ma. Albo Duda zawetuje \u201eswoje\u201d ustawy, albo przekre\u015bli swoje weta i podpisze si\u0119 pod deform\u0105 Ziobry i Kaczy\u0144skiego.<\/p>\n<p>Pi\u0105tek. Og\u00f3lne \u201ekochajmy si\u0119\u201d. \u017be zacytuj\u0119 samego siebie z kabaretu: r\u0105sia, klapa, go\u017adzik. R\u0105sia, klapa, go\u017adzik. R\u0105sia, klapa&#8230;<\/p>\n<p>Wszystkiego najlepszego!<\/p>\n<p><strong>Zaproszenie<\/strong><br \/>\n&#8222;Polityka nie zna \u015awi\u0105t&#8221; &#8211; Andrzej Celi\u0144ski, Jaros\u0142aw Guga\u0142a i dr Renata Mie\u0144kowska-Norkiene b\u0119d\u0105 naszymi go\u015b\u0107mi w radiu TOK FM we wtorek, 19 grudnia, godz. 20.05.<\/p>\n","protected":false},"excerpt":{"rendered":"<p>Poniedzia\u0142ek. Pierwszy etap rekonstrukcji rz\u0105du \u2013 zmiana na stanowisku premiera. Na razie za wcze\u015bnie m\u00f3wi\u0107, czy ta zmiana oznacza korekt\u0119 polityki czy tylko bardziej nowoczesny, wielkomiejski wizerunek premiera, \u015bwiatowca i milionera, ostrego krytyka III RP, kt\u00f3r\u0105 uwa\u017ca (nie on jeden) za kontynuacj\u0119 PRL, np. w wymiarze sprawiedliwo\u015bci. Ciekawe, dlaczego b\u0119d\u0105c przedtem dwa lata ministrem i [&hellip;]<\/p>\n","protected":false},"author":4,"featured_media":0,"comment_status":"open","ping_status":"closed","sticky":false,"template":"","format":"standard","meta":{"footnotes":""},"categories":[1],"tags":[],"_links":{"self":[{"href":"https:\/\/blog.polityka.pl\/passent\/wp-json\/wp\/v2\/posts\/4235"}],"collection":[{"href":"https:\/\/blog.polityka.pl\/passent\/wp-json\/wp\/v2\/posts"}],"about":[{"href":"https:\/\/blog.polityka.pl\/passent\/wp-json\/wp\/v2\/types\/post"}],"author":[{"embeddable":true,"href":"https:\/\/blog.polityka.pl\/passent\/wp-json\/wp\/v2\/users\/4"}],"replies":[{"embeddable":true,"href":"https:\/\/blog.polityka.pl\/passent\/wp-json\/wp\/v2\/comments?post=4235"}],"version-history":[{"count":3,"href":"https:\/\/blog.polityka.pl\/passent\/wp-json\/wp\/v2\/posts\/4235\/revisions"}],"predecessor-version":[{"id":4238,"href":"https:\/\/blog.polityka.pl\/passent\/wp-json\/wp\/v2\/posts\/4235\/revisions\/4238"}],"wp:attachment":[{"href":"https:\/\/blog.polityka.pl\/passent\/wp-json\/wp\/v2\/media?parent=4235"}],"wp:term":[{"taxonomy":"category","embeddable":true,"href":"https:\/\/blog.polityka.pl\/passent\/wp-json\/wp\/v2\/categories?post=4235"},{"taxonomy":"post_tag","embeddable":true,"href":"https:\/\/blog.polityka.pl\/passent\/wp-json\/wp\/v2\/tags?post=4235"}],"curies":[{"name":"wp","href":"https:\/\/api.w.org\/{rel}","templated":true}]}}