
{"id":4239,"date":"2017-12-20T18:57:39","date_gmt":"2017-12-20T17:57:39","guid":{"rendered":"https:\/\/passent.blog.polityka.pl\/?p=4239"},"modified":"2017-12-20T19:14:05","modified_gmt":"2017-12-20T18:14:05","slug":"polska-pod-sciana","status":"publish","type":"post","link":"https:\/\/blog.polityka.pl\/passent\/2017\/12\/20\/polska-pod-sciana\/","title":{"rendered":"Polska pod \u015bcian\u0105"},"content":{"rendered":"<p>Tego samego dnia, 20 grudnia 2017 roku, prezydent Duda zapowiedzia\u0142, \u017ce podpisze ustawy swojego (i PiS) autorstwa o S\u0105dzie Najwy\u017cszym i KRS, natomiast Komisja Europejska uruchomi\u0142a przeciwko Polsce (po raz pierwszy w historii Unii) post\u0119powanie z artyku\u0142u 7.1 traktatu.<br \/>\n<!--more--><br \/>\nTeraz sprawa zostanie przekazana Radzie Unii Europejskiej. Wszystko to b\u0119dzie trwa\u0142o i mam nadziej\u0119, \u017ce nie sko\u0144czy si\u0119 na\u0142o\u017ceniem sankcji na Polsk\u0119, ale sytuacja jest fatalna. Nasz kraj znalaz\u0142 si\u0119 w otwartym konflikcie z warto\u015bciami, pod jakimi si\u0119 podpisa\u0142, a tak\u017ce Uni\u0105, a przynajmniej z du\u017c\u0105 jej wi\u0119kszo\u015bci\u0105. W tej sytuacji m\u00f3wienie, \u017ce Polska wstaje z kolan i odgrywa coraz wa\u017cniejsz\u0105 rol\u0119 w Europie, jest wierutn\u0105 bzdur\u0105. <\/p>\n<p>Najwa\u017cniejsze pa\u0144stwa Europy \u2013 Francja i Niemcy \u2013 popar\u0142y Komisj\u0119, tylko wicepremier W\u0119gier powiedzia\u0142: \u201eObronimy Polsk\u0119\u201d.<\/p>\n<p>Konflikt z Uni\u0105, a tak\u017ce ze \u015brodowiskiem prawniczym i innymi w Polsce, by\u0142 do unikni\u0119cia, gdyby Prawo i Sprawiedliwo\u015b\u0107 prowadzi\u0142o reform\u0119 zgodn\u0105 z konstytucj\u0105. Nie by\u0142o to jednak mo\u017cliwe, poniewa\u017c w tej reformie (?) chodzi nie o sprawniejsze dzia\u0142anie s\u0105d\u00f3w i o sprawiedliwsze wyroki, ale o kadry, kadry i jeszcze raz kadry. Prawo i Sprawiedliwo\u015b\u0107 nie ukrywa, \u017ce czystka w sadownictwie jest tak samo potrzebna jak w administracji, w wojsku, w s\u0142u\u017cbie cywilnej, w mediach publicznych, w s\u0142u\u017cbie zagranicznej. Faktycznie mamy do czynienia z pe\u0142zaj\u0105cym zamachem stanu, demokratycznie wybrana wi\u0119kszo\u015b\u0107 stawia siebie ponad prawem, nie czuje si\u0119 w swoich decyzjach skr\u0119powana niczym.<\/p>\n<p>Prezydent Duda rozbudzi\u0142 nadzieje, kiedy w lipcu zawetowa\u0142 dwie ustawy (acz, niestety, podpisa\u0142 t\u0119 o ustroju s\u0105d\u00f3w powszechnych, z czego minister-prokurator Ziobro korzysta ju\u017c obiema r\u0119kami, zwalniaj\u0105c s\u0119dzi\u00f3w \u201eper fax et nefax\u201d). Zobowi\u0105zuj\u0105c si\u0119 do przedstawienia w\u0142asnych projekt\u00f3w ustaw, kt\u00f3re nast\u0119pnie negocjowa\u0142 z prezesem Kaczy\u0144skim, prezydent dba\u0142 tylko o jedno: o swoje wp\u0142ywy, a nie o niezawis\u0142o\u015b\u0107 s\u0105d\u00f3w. Najwi\u0119ksze autorytety prawnicze w kraju i za granic\u0105, organizacje mi\u0119dzynarodowe, stowarzyszenia prawnicze apelowa\u0142y do prezydenta, \u017ceby nie podpisywa\u0142 sprzecznej z prawem i z tr\u00f3jpodzia\u0142em w\u0142adz reformy, nie podporz\u0105dkowywa\u0142 s\u0105d\u00f3w politykom. Prezydent sam siebie postawi\u0142 pod \u015bcian\u0105. Podpisa\u0107 ustawy &#8211; to znaczy wzi\u0105\u0107 odpowiedzialno\u015b\u0107 za reform\u0119 PiS i przej\u015b\u0107 do historii jako niszczyciel pa\u0144stwa prawa. Odm\u00f3wi\u0107 podpisania &#8211; oznacza\u0142o utrat\u0119 poparcia Prawa i Sprawiedliwo\u015bci, czyli znacznie zmniejszy\u0107 swoje szanse wyboru na drug\u0105 kadencj\u0119.<\/p>\n<p>Prezydent Andrzej Duda post\u0105pi\u0142 l\u0119kliwie, zabrak\u0142o mu nawet tej odwagi, jak\u0105 mia\u0142 w lipcu, gdy wetowa\u0142 ustawy. W oczach Prawa i Sprawiedliwo\u015bci teraz naprawi\u0142 sw\u00f3j b\u0142\u0105d. Wed\u0142ug mnie pope\u0142ni\u0142 \u017cyciowy b\u0142\u0105d. Bo w \u017cyciu cz\u0142owieka jest tak, \u017ce nieraz jeden uczynek lub jego zaniechanie stygmatyzuje go nieodwracalnie.<\/p>\n<p>Sytuacja wewn\u0119trzna i mi\u0119dzynarodowa Polski wyra\u017anie si\u0119 dzi\u015b pogorszy\u0142a. Odrabianie szk\u00f3d potrwa latami. Jedyna pociecha: nie trzeba ustala\u0107 sprawc\u00f3w.<\/p>\n","protected":false},"excerpt":{"rendered":"<p>Faktycznie mamy do czynienia z pe\u0142zaj\u0105cym zamachem stanu.<\/p>\n","protected":false},"author":4,"featured_media":4244,"comment_status":"open","ping_status":"closed","sticky":false,"template":"","format":"standard","meta":{"footnotes":""},"categories":[1],"tags":[],"_links":{"self":[{"href":"https:\/\/blog.polityka.pl\/passent\/wp-json\/wp\/v2\/posts\/4239"}],"collection":[{"href":"https:\/\/blog.polityka.pl\/passent\/wp-json\/wp\/v2\/posts"}],"about":[{"href":"https:\/\/blog.polityka.pl\/passent\/wp-json\/wp\/v2\/types\/post"}],"author":[{"embeddable":true,"href":"https:\/\/blog.polityka.pl\/passent\/wp-json\/wp\/v2\/users\/4"}],"replies":[{"embeddable":true,"href":"https:\/\/blog.polityka.pl\/passent\/wp-json\/wp\/v2\/comments?post=4239"}],"version-history":[{"count":4,"href":"https:\/\/blog.polityka.pl\/passent\/wp-json\/wp\/v2\/posts\/4239\/revisions"}],"predecessor-version":[{"id":4243,"href":"https:\/\/blog.polityka.pl\/passent\/wp-json\/wp\/v2\/posts\/4239\/revisions\/4243"}],"wp:featuredmedia":[{"embeddable":true,"href":"https:\/\/blog.polityka.pl\/passent\/wp-json\/wp\/v2\/media\/4244"}],"wp:attachment":[{"href":"https:\/\/blog.polityka.pl\/passent\/wp-json\/wp\/v2\/media?parent=4239"}],"wp:term":[{"taxonomy":"category","embeddable":true,"href":"https:\/\/blog.polityka.pl\/passent\/wp-json\/wp\/v2\/categories?post=4239"},{"taxonomy":"post_tag","embeddable":true,"href":"https:\/\/blog.polityka.pl\/passent\/wp-json\/wp\/v2\/tags?post=4239"}],"curies":[{"name":"wp","href":"https:\/\/api.w.org\/{rel}","templated":true}]}}