
{"id":424,"date":"2008-03-20T12:15:23","date_gmt":"2008-03-20T11:15:23","guid":{"rendered":"http:\/\/passent.blog.polityka.pl\/?p=424"},"modified":"2008-03-20T12:15:23","modified_gmt":"2008-03-20T11:15:23","slug":"ach-jak-przyjemnie","status":"publish","type":"post","link":"https:\/\/blog.polityka.pl\/passent\/2008\/03\/20\/ach-jak-przyjemnie\/","title":{"rendered":"Ach, jak przyjemnie!"},"content":{"rendered":"<p>&#8222;Ach, jak przyjemnie, ko\u0142ysa\u0107 si\u0119 w\u015br\u00f3d fal!&#8221;. Jedna po drugiej docieraj\u0105 do nas dobre wiadomo\u015bci. Pan prezydent rozbawi\u0142 nar\u00f3d swoim or\u0119dziem. W normalnym kraju, w normalnych czasach, taka wpadka to by\u0142aby wiadomo\u015b\u0107 smutna, mo\u017cna powiedzie\u0107 wstyd. Ale nie ma tego z\u0142ego, co by na dobre nie wysz\u0142o.<\/p>\n<p>Wed\u0142ug bada\u0144 og\u0142oszonych przez pro-kaczy\u0144skie do niedawna gazety (&#8222;Rz&#8221;), na p\u00f3\u0142metku kadencji prezydenta Lecha Kaczy\u0144skiego, 32 % Polak\u00f3w stawia mu dw\u00f3j\u0119 ze sprawowania, 20%\u00a0&#8211; pa\u0142\u0119, 13 %\u00a0&#8211; czw\u00f3rk\u0119, 4 %\u00a0&#8211; pi\u0105tk\u0119, pozostali nie maj\u0105 zdania. Prawie po\u0142owa Polak\u00f3w uwa\u017ca, \u017ce LK jest gorszym prezydentem od Kwa\u015bniewskiego.<\/p>\n<p>W\u00a0 normalnych warunkach takie wyniki by\u0142yby przygn\u0119biaj\u0105ce dla ka\u017cdego, komu drogi jest autorytet g\u0142owy pa\u0144stwa,\u00a0 ale nie ma tego z\u0142ego&#8230; Spo\u0142ecze\u0144stwo rozpozna\u0142o &#8222;who is who&#8221; i reelekcji LK zapewne nie b\u0119dzie. A o to chodzi, \u017ceby trzyma\u0107 Braci jak najdalej od w\u0142adzy, poniewa\u017c szkodz\u0105 naszemu krajowi.<\/p>\n<p>Nar\u00f3d zrozumia\u0142, \u017ce nie jest powa\u017cny prezydent, kt\u00f3ry w poniedzia\u0142ek w po\u017cal si\u0119 Bo\u017ce reklamowym &#8222;or\u0119dziu&#8221; straszy Niemcami i homoseksualistami, m\u00f3wi, \u017ce nie wszystko, co jest dobre dla Unii Europejskiej jest dobre dla Polski, i \u017ce s\u0105 takie momenty trzeba si\u0119 postawi\u0107, a we czwartek, w wywiadzie prasowym powiada, \u017ce &#8222;Wmawianie spo\u0142ecze\u0144stwu, i\u017c kto\u015b chce zablokowa\u0107 umow\u0119 z Lizbony, to oszustwo&#8221;.\u00a0<\/p>\n<p>A przecie\u017c kilka dni temu wielki brat prezydenta zapowiada\u0142, \u017ce w referendum wezwie do g\u0142osowania &#8222;nie&#8221;. Braciszkowie zmieniaj\u0105 stanowisko z dnia na dzie\u0144 i jak jeden zaczyna kr\u0105\u017cy\u0107, to drugi nie mo\u017ce zd\u0105\u017cy\u0107. Jaros\u0142aw Kaczy\u0144ski zrobi\u0142 z prezydenta figuranta, najpierw telefonicznie za\u0142atwi\u0142 za niego &#8222;sukces&#8221; w Brukseli, a potem obaj zacz\u0119li\u00a0ten sukces podkopywa\u0107.\u00a0<\/p>\n<p>Kto winien? Oczywi\u015bcie media. LK powiedzia\u0142, \u017ce media nieprawdziwie przedstawiaj\u0105 sytuacj\u0119, a JK na spotkaniu ze studentami kolejny raz pot\u0119pi\u0142 Michnika, TVN i Radio TOK FM, czyni\u0105c im niebywa\u0142\u0105 reklam\u0119. Michnik i TVN reklamy nie potrzebuj\u0105, ale dla Radia TOK w pi\u0105t\u0105 rocznic\u0119 jego powstanie to zas\u0142u\u017cony komplement.<\/p>\n<p>Od czasu do czasu bywam go\u015bciem tych medi\u00f3w, gospodarze na og\u00f3\u0142 zapraszaj\u0105 publicyst\u00f3w parami, mnie zawsze daj\u0105 do pary kogo\u015b na prawo ode mnie\u00a0&#8211;\u00a0Maciej \u0141\u0119towski (Tygodnik Solidarno\u015b\u0107),\u00a0 Tomasz Terlikowski (Rz),\u00a0 Tomasz Sakiewicz (Gazeta Polska)\u00a0&#8211; wsp\u00f3lnie ka\u017c\u0105 nam uprawia\u0107 pluralizm do znudzenia,\u00a0 ale dla prezesa PiS to wszystko ma\u0142o, on ma alergi\u0119 na wszelkie opinie inne ni\u017c jego w\u0142asne, od pewnego czasu nie omieszkuje zaznaczy\u0107, \u017ce &#8222;Dziennik&#8221; zszed\u0142 na z\u0142a drog\u0119.<\/p>\n<p>JK\u00a0wszystko ma mediom za z\u0142e. Zosta\u0142a mu tylko \u201eGazeta Polska\u201d, kt\u00f3rej szefa uczyni\u0142 felietonist\u0105 Polskiego Radia, no i Radio Maryja.\u00a0<\/p>\n<p>Nigdy nie s\u0142ysza\u0142em od \u017cadnego z braci cho\u0107by pytania: Dlaczego media si\u0119 od nich dystansuj\u0105? Dlaczego nawet gazety i publicy\u015bci, kt\u00f3rzy odnosili si\u0119 do PiS, jego lider\u00f3w i programu z entuzjazmem\u00a0&#8211; dzi\u015b patrz\u0105 na nich krzywo? To pytanie braci nie interesuje, bo przyczyn musieliby szuka\u0107 w sobie.<\/p>\n<p>Je\u015bli ju\u017c &#8222;Dziennik&#8221;, kt\u00f3ry zamie\u015bci\u0142 pami\u0119tny panegiryk Micha\u0142a Karnowskiego na cze\u015b\u0107 JK, prezes PIS okre\u015bla jako organ Platformy, je\u015bli zas\u0142u\u017cona dla IV RP &#8222;Rzepa&#8221;, teraz demaskuje kulisy pora\u017cki Lecha Kaczy\u0144skiego w Brukseli, gdy odrabiano najwi\u0119kszy podobno\u00a0sukces polskiej dyplomacji od czasu Unii Lubelskiej, to \u015bwiat si\u0119 wali, to Bracia powinni si\u0119 zastanowi\u0107 dlaczego tak si\u0119 dzieje.<\/p>\n<p>Jedyne, co umiej\u0105, to por\u00f3wna\u0107 dziennikarzy do &#8222;ch\u0142op\u00f3w pa\u0144szczy\u017anianych&#8221;, &#8222;pracownik\u00f3w medi\u00f3w&#8221;, kt\u00f3re &#8222;fa\u0142szuj\u0105 rzeczywisto\u015b\u0107&#8221;. Szkoda, prawdziwa szkoda, \u017ce Bracia tak s\u0142abo znaj\u0105 \u015bwiat, cho\u0107by pras\u0119 brytyjsk\u0105, kt\u00f3rej cz\u0119\u015b\u0107 nie zostawia na rz\u0105dzie suchej nitki.<\/p>\n<p>W dalekim Chile, gdzie od upadku Pinocheta rz\u0105dzi lewica, media opanowane s\u0105 przez prawic\u0119, najlepszy, najwi\u0119kszy i najstarszy dziennik &#8222;El Mercurio&#8221;, kt\u00f3ry by\u0142 tub\u0105 dyktatora, ka\u017cdego dnia (ukazuje si\u0119 7 razy w tygodniu) prowadzi kanonad\u0119 wobec rz\u0105dz\u0105cych, ale kolejni prezydenci\u00a0&#8211; Frei, Lagos, Bachelet\u00a0&#8211; nigdy nie mieli tego za z\u0142e, tylko nieprzerwanie od 1989 roku wygrywaj\u0105\u00a0 wybory. Nie maj\u0105c swojej gazety, radia ani telewizji!<\/p>\n<p>Moja rada: Bracia powinni z\u0142o\u017cy\u0107 wizyt\u0119 w Chile, mo\u017ce tam zrozumiej\u0105, \u017ce mo\u017cna rz\u0105dzi\u0107 nie rz\u0105dz\u0105c mediami, a nawet mediom wbrew.<\/p>\n<p>Korzysta na tym wszystkim Platforma, kt\u00f3ra\u00a0&#8211; wedle innych bada\u0144\u00a0&#8211; cieszy si\u0119 ju\u017c poparciem po\u0142owy spo\u0142ecze\u0144stwa (PiS\u00a0&#8211; 18 %). Sukces Platformy jest\u00a0 nagrod\u0105 za styl, za rozs\u0105dek (np. Donald Tusk\u00a0 nie prze do referendum w sprawie traktatu unijnego, cho\u0107 jest du\u017ca pokusa, \u017ce by\u0142by to gw\u00f3\u017ad\u017a do trumny PiS),\u00a0a tak\u017ce za polityczne harakiri, jakie pope\u0142niaj\u0105 Bracia, w mniejszym stopniu jest to premia za program i jego wykonanie.<\/p>\n<p>Szczeg\u00f3lnie wida\u0107 to przy ustawie o mediach i s\u0142u\u017cbie zdrowia. Dwa ostatnie osi\u0105gni\u0119cia Platformy: Ustawa o mediach i &#8222;bia\u0142y szczyt&#8221; s\u0105 dwuznaczne.\u00a0Nowa ustawa o mediach (w dalszej perspektywie, po ewentualnym veto prezydenta i odrzucenie go przez PO+PSL+LiD) ma jedn\u0105 zalet\u0119: pozwala uwolni\u0107\u00a0media publiczne z monopolu PiS: od Polskiej Agencji Prasowej po najmniejsz\u0105 redakcj\u0119 TVP i Polskiego Radia\u00a0&#8211; wsz\u0119dzie panoszy\u0142 si\u0119 uk\u0142ad PiS i jego rozbicie Tusk s\u0142usznie traktuje jako pilne.<\/p>\n<p>Ale nowy ustr\u00f3j medi\u00f3w publicznych, jaki uchwalono, nie zapewnia ich niezale\u017cno\u015bci, a w sprawie abonamentu mamy taki sam ba\u0142agan, jak w sprawie odp\u0142atno\u015bci za \u015bwiadczenia medyczne\u00a0&#8211; raz jest, innym\u00a0razem jej nie ma. Potwierdza to tylko podejrzenia, \u017ce Platforma nie by\u0142a dobrze przygotowana do rz\u0105dzenia. Je\u017celi to mia\u0142a by\u0107 cena za odsuni\u0119cie od w\u0142adzy PiS\u00a0&#8211; to warto by\u0142o. A przyk\u0142ad\u00a0Jose Luis Zapatero, kt\u00f3ry 4 lata temu by\u0142 jeszcze bardziej zaskoczony, \u017ce zosta\u0142 premierem Hiszpanii , i\u00a0&#8211; wybrany ponownie\u00a0&#8211; daje sobie dobrze rad\u0119, napawa optymizmem.<\/p>\n<p>Przepraszam, \u017ce si\u0119 rozpisa\u0142em. Przyjemnej lektury! Weso\u0142ych \u015awi\u0105t Blogowiczom rozsianym po kraju i zagranicy \u017cyczy gospodarz bloga.\u00a0<\/p>\n","protected":false},"excerpt":{"rendered":"<p>&#8222;Ach, jak przyjemnie, ko\u0142ysa\u0107 si\u0119 w\u015br\u00f3d fal!&#8221;. Jedna po drugiej docieraj\u0105 do nas dobre wiadomo\u015bci. Pan prezydent rozbawi\u0142 nar\u00f3d swoim or\u0119dziem. W normalnym kraju, w normalnych czasach, taka wpadka to by\u0142aby wiadomo\u015b\u0107 smutna, mo\u017cna powiedzie\u0107 wstyd. Ale nie ma tego z\u0142ego, co by na dobre nie wysz\u0142o. Wed\u0142ug bada\u0144 og\u0142oszonych przez pro-kaczy\u0144skie do niedawna gazety [&hellip;]<\/p>\n","protected":false},"author":4,"featured_media":0,"comment_status":"open","ping_status":"open","sticky":false,"template":"","format":"standard","meta":{"footnotes":""},"categories":[1],"tags":[],"_links":{"self":[{"href":"https:\/\/blog.polityka.pl\/passent\/wp-json\/wp\/v2\/posts\/424"}],"collection":[{"href":"https:\/\/blog.polityka.pl\/passent\/wp-json\/wp\/v2\/posts"}],"about":[{"href":"https:\/\/blog.polityka.pl\/passent\/wp-json\/wp\/v2\/types\/post"}],"author":[{"embeddable":true,"href":"https:\/\/blog.polityka.pl\/passent\/wp-json\/wp\/v2\/users\/4"}],"replies":[{"embeddable":true,"href":"https:\/\/blog.polityka.pl\/passent\/wp-json\/wp\/v2\/comments?post=424"}],"version-history":[{"count":0,"href":"https:\/\/blog.polityka.pl\/passent\/wp-json\/wp\/v2\/posts\/424\/revisions"}],"wp:attachment":[{"href":"https:\/\/blog.polityka.pl\/passent\/wp-json\/wp\/v2\/media?parent=424"}],"wp:term":[{"taxonomy":"category","embeddable":true,"href":"https:\/\/blog.polityka.pl\/passent\/wp-json\/wp\/v2\/categories?post=424"},{"taxonomy":"post_tag","embeddable":true,"href":"https:\/\/blog.polityka.pl\/passent\/wp-json\/wp\/v2\/tags?post=424"}],"curies":[{"name":"wp","href":"https:\/\/api.w.org\/{rel}","templated":true}]}}