
{"id":4253,"date":"2017-12-28T18:44:24","date_gmt":"2017-12-28T17:44:24","guid":{"rendered":"https:\/\/passent.blog.polityka.pl\/?p=4253"},"modified":"2017-12-28T23:37:40","modified_gmt":"2017-12-28T22:37:40","slug":"dal-nam-przyklad-zagajewski","status":"publish","type":"post","link":"https:\/\/blog.polityka.pl\/passent\/2017\/12\/28\/dal-nam-przyklad-zagajewski\/","title":{"rendered":"Da\u0142 nam przyk\u0142ad Zagajewski"},"content":{"rendered":"<p>Adam Zagajewski, wybitny poeta, kt\u00f3rego nazwisko pojawia si\u0119 co roku na gie\u0142dzie noblowskiej, powiedzia\u0142 kiedy\u015b, \u017ce talent \u201enie zwalnia od odpowiedzialno\u015bci moralnej\u201d. Zgodnie z t\u0105 dewiz\u0105 ostatnio nie pierwszy raz zabra\u0142 g\u0142os w sprawie tego, co si\u0119 wyprawia w naszym kraju.<br \/>\n<!--more--><br \/>\nB\u0119d\u0105c go\u015bciem wyborcza.pl powiedzia\u0142, co my\u015bli o retoryce Jaros\u0142awa Kaczy\u0144skiego: \u201eTo obrzydliwy s\u0142ownik histerycznego dziecka, dziwi\u0119 si\u0119, \u017ce kto\u015b taki mo\u017ce wci\u0105\u017c cieszy\u0107 si\u0119 szacunkiem\u201d.<\/p>\n<p>\u201eJestem nieszcz\u0119\u015bliwy, dolega mi to odchodzenie od pa\u0144stwa prawa, od pa\u0144stwa prawdy, od Europy. Jest to dla mnie wielki wstrz\u0105s\u201d.<\/p>\n<p>\u201eTo, \u017ce kto\u015b hajluje, to jest g\u0142upota wstrz\u0105saj\u0105ca, wygl\u0105da to strasznie, ten marsz, te dymi\u0105ce pochodnie, to tak jak Hitlerjugend, to s\u0105 obrazy, kt\u00f3re pami\u0119tamy z lat 30. Fina\u0142 by\u0142 tragiczny\u201d.<\/p>\n<p>\u201eStrasznie mnie boli, \u017ce aura prawdziwo\u015bci zosta\u0142a w Polsce zaburzona, b\u0119d\u0119 walczy\u0142 z k\u0142amstwem, nie schowam si\u0119 przed obywatelskim obowi\u0105zkiem\u201d \u2013 powiedzia\u0142 poeta Dorocie Wysockiej-Schnepf.<\/p>\n<p>Kilka miesi\u0119cy temu Zagajewski ostrzega\u0142, \u017ce \u201eto jest zapowied\u017a faszyzmu. Mo\u017cliwo\u015b\u0107 faszyzmu. (\u2026) Ja was nie lubi\u0119, ale nie m\u00f3wi\u0119, \u017ce jeste\u015bcie faszystami. A jednak weszli\u015bcie na drog\u0119, kt\u00f3ra prowadzi do faszyzmu\u201d.<\/p>\n<p>Kto\u015b mo\u017ce uzna\u0107, \u017ce to jest ton przesadny, jeszcze nie bij\u0105 (chyba \u017ce na komisariacie), jeszcze nie wtr\u0105caj\u0105 do wi\u0119zie\u0144 (cho\u0107 nie ukrywaj\u0105, \u017ce kr\u0119c\u0105 bicz na przeciwnik\u00f3w, a TVN skazali na prawie 1,5 mln grzywny), ale jak d\u0142ugo mamy czeka\u0107, zanim odwa\u017cymy si\u0119 nazwa\u0107 po imieniu to, co si\u0119 wok\u00f3\u0142 nas dzieje? Temu, kto nie widzi powod\u00f3w, przypomn\u0119, \u017ce lepiej dmucha\u0107 na zimne.<\/p>\n<p>W kilka miesi\u0119cy zmieniony zosta\u0142 ustr\u00f3j, ka\u017cdy, zw\u0142aszcza ten, kto ma autorytet i cieszy si\u0119 zaufaniem publicznym, powinien zachowa\u0107 si\u0119 jak Adam Zagajewski. Daje przyk\u0142ad i dodaje odwagi innym.<\/p>\n<p>Mistrzu, \u017cycz\u0119 wielu powod\u00f3w do satysfakcji w nowym roku!<\/p>\n","protected":false},"excerpt":{"rendered":"<p>Adam Zagajewski, wybitny poeta, kt\u00f3rego nazwisko pojawia si\u0119 co roku na gie\u0142dzie noblowskiej, powiedzia\u0142 kiedy\u015b, \u017ce talent \u201enie zwalnia od odpowiedzialno\u015bci moralnej\u201d. Zgodnie z t\u0105 dewiz\u0105 ostatnio nie pierwszy raz zabra\u0142 g\u0142os w sprawie tego, co si\u0119 wyprawia w naszym kraju.<\/p>\n","protected":false},"author":4,"featured_media":0,"comment_status":"open","ping_status":"closed","sticky":false,"template":"","format":"standard","meta":{"footnotes":""},"categories":[1],"tags":[],"_links":{"self":[{"href":"https:\/\/blog.polityka.pl\/passent\/wp-json\/wp\/v2\/posts\/4253"}],"collection":[{"href":"https:\/\/blog.polityka.pl\/passent\/wp-json\/wp\/v2\/posts"}],"about":[{"href":"https:\/\/blog.polityka.pl\/passent\/wp-json\/wp\/v2\/types\/post"}],"author":[{"embeddable":true,"href":"https:\/\/blog.polityka.pl\/passent\/wp-json\/wp\/v2\/users\/4"}],"replies":[{"embeddable":true,"href":"https:\/\/blog.polityka.pl\/passent\/wp-json\/wp\/v2\/comments?post=4253"}],"version-history":[{"count":3,"href":"https:\/\/blog.polityka.pl\/passent\/wp-json\/wp\/v2\/posts\/4253\/revisions"}],"predecessor-version":[{"id":4256,"href":"https:\/\/blog.polityka.pl\/passent\/wp-json\/wp\/v2\/posts\/4253\/revisions\/4256"}],"wp:attachment":[{"href":"https:\/\/blog.polityka.pl\/passent\/wp-json\/wp\/v2\/media?parent=4253"}],"wp:term":[{"taxonomy":"category","embeddable":true,"href":"https:\/\/blog.polityka.pl\/passent\/wp-json\/wp\/v2\/categories?post=4253"},{"taxonomy":"post_tag","embeddable":true,"href":"https:\/\/blog.polityka.pl\/passent\/wp-json\/wp\/v2\/tags?post=4253"}],"curies":[{"name":"wp","href":"https:\/\/api.w.org\/{rel}","templated":true}]}}