
{"id":4258,"date":"2017-12-30T23:15:23","date_gmt":"2017-12-30T22:15:23","guid":{"rendered":"https:\/\/passent.blog.polityka.pl\/?p=4258"},"modified":"2017-12-31T01:01:27","modified_gmt":"2017-12-31T00:01:27","slug":"ducha-nie-gascie-2","status":"publish","type":"post","link":"https:\/\/blog.polityka.pl\/passent\/2017\/12\/30\/ducha-nie-gascie-2\/","title":{"rendered":"Ducha nie ga\u015bcie!"},"content":{"rendered":"<p>Gdyby mnie kto\u015b zapyta\u0142, co przyniesie rok 2018, tobym odpowiedzia\u0142: \u201eWi\u0119cej tego samego\u201d.<br \/>\n<!--more--><br \/>\nRok odchodz\u0105cy ko\u0144czy si\u0119 pod znakiem bezapelacyjnego zwyci\u0119stwa Jaros\u0142awa Kaczy\u0144skiego i jego populistycznej partii narodowo-konserwatywno-socjalistycznej. Okazuje si\u0119, \u017ce to nie libera\u0142owie (kt\u00f3rzy cieszyli si\u0119 z praw obywatelskich, cz\u0142onkostwa w Unii i NATO, i z dum\u0105 obserwowali wska\u017aniki, nie widz\u0105c takich zagro\u017ce\u0144 jak rozwarstwienie i korupcja towarzysz\u0105ca prywatyzacji), ale ich krytycy, narodowi i etatystyczni, wierz\u0105cy i patriotyczni, wra\u017cliwsi na poczucie krzywdy i niesprawiedliwo\u015bci, podatni na ideologi\u0119 \u201ePoland First\u201d i wstawanie z kolan, lepiej wyczuli potrzeby znacznej cz\u0119\u015bci spo\u0142ecze\u0144stwa, cz\u0119sto odleg\u0142ej od du\u017cych miast, rzadziej wyje\u017cd\u017caj\u0105cej za granic\u0119.<\/p>\n<p>Dzi\u0119ki dobrej koniunkturze i jako takiej polityce gospodarczej rz\u0105dz\u0105cy dali ludziom chleb, a poza tym zapewnili igrzyska: dyskredytacj\u0119 elit, kompromitowanie s\u0119dzi\u00f3w, niszczenie instytucji, miesi\u0119cznice, \u017co\u0142nierzy wykl\u0119tych, z kt\u00f3rymi \u0142atwo si\u0119 uto\u017csami\u0107. \u201eCiemny lud\u201d ma chleb i igrzyska, jest zadowolony, \u017ce wreszcie kto\u015b robi porz\u0105dek w stajni Augiasza na ulicy Noakowskiego, ma\u0142o go wzrusza \u201eKl\u0105twa\u201d w teatrze, los organizacji pozarz\u0105dowych i grymasy unijnych \u201eurz\u0119dnik\u00f3w\u201d.<\/p>\n<p>Groteskowa rekonstrukcja nie okaza\u0142a si\u0119 kompromitacj\u0105, poniewa\u017c na miejsce prowincjonalnej Beaty Szyd\u0142o przyszed\u0142 cz\u0142owiek nowocze\u015bniejszy i bardziej reprezentacyjny. Teraz Kaczy\u0144ski ma do dyspozycji duet marze\u0144 &#8211; dw\u00f3ch reprezentacyjnych egzekutor\u00f3w i kandydat\u00f3w na swojego sukcesora, w tym bezwolnego prezydenta, kt\u00f3remu prezes i minister obrony nie podlegaj\u0105. Minister edukacji, pani Zalewska, czuje si\u0119 pewnie na swoim stanowisku, chocia\u017c nie wie, kto kogo mordowa\u0142 w Kielcach i w Jedwabnem.<\/p>\n<p>Przed nimi ta sama agenda co w roku odchodz\u0105cym. Dworskie rozgrywki Kaczy\u0144ski &#8211; Duda \u2013 Ziobro \u2013 Macierewicz. \u017badnych uchod\u017ac\u00f3w. Kasa bez ogranicze\u0144 dla ojca dyrektora. Zamiast akademii dyplomatycznej &#8211; szko\u0142a kadr w Toruniu. Czystka w s\u0105dach. Dwa i p\u00f3\u0142 samolotu dla VIP. Minister obrony dotrwa zapewne do 10 kwietnia, bo kto\u015b musi zakomunikowa\u0107 narodowi wyniki prac podkomisji smole\u0144skiej, a profesor B. czmychn\u0105\u0142 ze wszystkimi sekretami do Ameryki. Ziobro dotychczas nie wyst\u0105pi\u0142 o jego ekstradycj\u0119. Gigantyczne obchody stulecia odzyskania niepodleg\u0142o\u015bci, w czasie kt\u00f3rych oka\u017ce si\u0119, \u017ce jej ojcem by\u0142 Lech Kaczy\u0144ski, a jego kontynuatorem jest genialny strateg, Jaros\u0142aw Kaczy\u0144ski (ten od \u201ekanalii\u201d i \u201ezdradzieckich mord\u201d).<\/p>\n<p>Na razie nic nie wskazuje, by w nowym roku uk\u0142ad si\u0142 mia\u0142 si\u0119 zmieni\u0107. Alternatywa dla IV RP jeszcze si\u0119 nie wy\u0142oni\u0142a. Czeka nas wi\u0119cej tego samego. Niech ka\u017cdy czyni, co mo\u017ce, \u017ceby tak si\u0119 nie sta\u0142o. Ducha nie ga\u015bcie!<\/p>\n<p><strong>Zaproszenie<\/strong><br \/>\nCo to b\u0119dzie, co to b\u0119dzie? Jerzy Baczy\u0144ski (redaktor naczelny POLITYKI), dr Anna Materska-Sosnowska (UW), Robert Felu\u015b (redaktor naczelny &#8222;Faktu&#8221;) b\u0119d\u0105 go\u015b\u0107mi Radia TOK FM we wtorek, 2 stycznia, o godz. 20.05.<\/p>\n","protected":false},"excerpt":{"rendered":"<p>Gdyby mnie kto\u015b zapyta\u0142, co przyniesie rok 2018, tobym odpowiedzia\u0142&#8230;<\/p>\n","protected":false},"author":4,"featured_media":4263,"comment_status":"open","ping_status":"closed","sticky":false,"template":"","format":"standard","meta":{"footnotes":""},"categories":[1],"tags":[],"_links":{"self":[{"href":"https:\/\/blog.polityka.pl\/passent\/wp-json\/wp\/v2\/posts\/4258"}],"collection":[{"href":"https:\/\/blog.polityka.pl\/passent\/wp-json\/wp\/v2\/posts"}],"about":[{"href":"https:\/\/blog.polityka.pl\/passent\/wp-json\/wp\/v2\/types\/post"}],"author":[{"embeddable":true,"href":"https:\/\/blog.polityka.pl\/passent\/wp-json\/wp\/v2\/users\/4"}],"replies":[{"embeddable":true,"href":"https:\/\/blog.polityka.pl\/passent\/wp-json\/wp\/v2\/comments?post=4258"}],"version-history":[{"count":4,"href":"https:\/\/blog.polityka.pl\/passent\/wp-json\/wp\/v2\/posts\/4258\/revisions"}],"predecessor-version":[{"id":4262,"href":"https:\/\/blog.polityka.pl\/passent\/wp-json\/wp\/v2\/posts\/4258\/revisions\/4262"}],"wp:featuredmedia":[{"embeddable":true,"href":"https:\/\/blog.polityka.pl\/passent\/wp-json\/wp\/v2\/media\/4263"}],"wp:attachment":[{"href":"https:\/\/blog.polityka.pl\/passent\/wp-json\/wp\/v2\/media?parent=4258"}],"wp:term":[{"taxonomy":"category","embeddable":true,"href":"https:\/\/blog.polityka.pl\/passent\/wp-json\/wp\/v2\/categories?post=4258"},{"taxonomy":"post_tag","embeddable":true,"href":"https:\/\/blog.polityka.pl\/passent\/wp-json\/wp\/v2\/tags?post=4258"}],"curies":[{"name":"wp","href":"https:\/\/api.w.org\/{rel}","templated":true}]}}