
{"id":4265,"date":"2018-01-03T23:38:36","date_gmt":"2018-01-03T22:38:36","guid":{"rendered":"https:\/\/passent.blog.polityka.pl\/?p=4265"},"modified":"2018-01-04T09:00:03","modified_gmt":"2018-01-04T08:00:03","slug":"os-maruderow","status":"publish","type":"post","link":"https:\/\/blog.polityka.pl\/passent\/2018\/01\/03\/os-maruderow\/","title":{"rendered":"O\u015b maruder\u00f3w"},"content":{"rendered":"<p>Zakaz wsp\u00f3\u0142pracy wojska i ambasador\u00f3w polskich za granic\u0105 z Wielk\u0105 Orkiestr\u0105 \u015awi\u0105tecznej Pomocy to wstyd i ha\u0144ba. Im wi\u0119cej takich wiadomo\u015bci, tym wi\u0119cej przelewam na konto Orkiestry. Poza tym szkoda s\u0142\u00f3w.<br \/>\n<!--more--><br \/>\nWizyta premiera Morawieckiego w Budapeszcie to ani klapa (na szcz\u0119\u015bcie, bo nikomu rozs\u0105dnemu nie zale\u017cy na kompromitacji w\u0142asnego kraju, niech inni go kompromituj\u0105), ani \u201esukces\u201d dobrej zmiany (te\u017c na szcz\u0119\u015bcie). To nie by\u0142a klapa, poniewa\u017c \u2013 przynajmniej na zewn\u0105trz \u2013 nie dosz\u0142o do \u017cadnego sporu ani do widocznej r\u00f3\u017cnicy zda\u0144. Morawiecki dobrze wybra\u0142 cel swojej pierwszej wizyty \u201edwustronnej\u201d. Tylko na W\u0119grzech m\u00f3g\u0142 liczy\u0107 na tak ciep\u0142e przyj\u0119cie z najwy\u017cszymi honorami. Gdyby zatrzyma\u0142 si\u0119 po drodze, w Czechach lub na S\u0142owacji, nie by\u0142oby tak \u0142atwo.<\/p>\n<p>Wizyta nie by\u0142a te\u017c widocznym sukcesem, poniewa\u017c zobowi\u0105zania Orb\u00e1na w sprawie obrony Polski przed artyku\u0142em 7 traktatu lizbo\u0144skiego, je\u015bli by\u0142y, to niepubliczne, co by\u0142oby bardziej zobowi\u0105zuj\u0105ce. By\u0107 mo\u017ce jednak sta\u0142o si\u0119 tak na pro\u015bb\u0119 strony polskiej, kt\u00f3ra nie chcia\u0142a, \u017ceby pierwsza wizyta Morawieckiego mia\u0142a \u201eproszalny\u201d (jak m\u00f3wi red. Pawel Wro\u0144ski z &#8222;GW&#8221;) charakter. Osobi\u015bcie nie wierz\u0119 w takie wyrafinowanie naszej dyplomacji, ale Bielan lub Szczerski s\u0105 do czego\u015b takiego zdolni.<\/p>\n<p>Orb\u00e1n m\u00f3g\u0142 posun\u0105\u0107 si\u0119 dalej, popieraj\u0105c wprost deformy w Polsce, ale w zamian nie szcz\u0119dzi\u0142 bana\u0142\u00f3w, \u017ce Polska jest najwi\u0119kszym, najwa\u017cniejszym krajem regionu, \u017ce nale\u017cy wzmacnia\u0107 Grup\u0119 Wyszehradzk\u0105 i Tr\u00f3jmorze, \u017ce Europa Wschodnia przybiera na znaczeniu, \u017ceby Europa by\u0142a Europ\u0105, suwerenno\u015b\u0107, chrze\u015bcija\u0144stwo, uchod\u017acy i korzy\u015bci Zachodu z Unii Europejskiej. W sumie rozgrzewka polskiego premiera przebieg\u0142a bez sensacji. Politycy PiS zapewniaj\u0105, \u017ce Orb\u00e1n zobowi\u0105za\u0142 si\u0119 obroni\u0107 Polsk\u0119 w sprawie art. 7, ale czarno na bia\u0142ym tego nie ma, cho\u0107 jest to ca\u0142kiem prawdopodobne.<\/p>\n<p>Za tydzie\u0144, 9 maja w Brukseli, b\u0119dzie du\u017co trudniej. Wtedy oka\u017ce si\u0119, jak zr\u0119cznym dyplomat\u0105 jest polski premier w odr\u00f3\u017cnieniu od swojej poprzedniczki, kt\u00f3ra pohukiwa\u0142a na Europ\u0119 i przekonywa\u0142a, \u017ce w Polsce wszystko jest OK. Premier Morawiecki jedzie do jaskini z\u0142a, gdzie spo\u017cyje lunch z tym pijakiem Junckerem (kt\u00f3ry powinien najpierw uporz\u0105dkowa\u0107 swoje podw\u00f3rko) oraz z zaciek\u0142ym polako\u017cerc\u0105 i przegranym socjalist\u0105, Holendrem Timmermansem. To s\u0105 politycy z innej parafii ni\u017c Orb\u00e1n \u2013 nie zaprowadzili rz\u0105d\u00f3w autokratycznych w swoich krajach, nie pogonili s\u0119dzi\u00f3w na wcze\u015bniejsz\u0105 emerytur\u0119, nie spacyfikowali organizacji pozarz\u0105dowych jako obcych agentur, wiedz\u0105, co robi Soros, co dzieje si\u0119 na W\u0119grzech, w\u0142\u0105cznie z ich flirtem z Rosj\u0105, maj\u0105 za sob\u0105 znaczn\u0105 wi\u0119kszo\u015b\u0107 pa\u0144stw Unii Europejskiej, parlamentu, Komisji Europejskiej, na czele kt\u00f3rej obaj stoj\u0105, a tak\u017ce Komisji Weneckiej, organizacji prawniczych, opinii publicznej i medi\u00f3w, a za oceanem \u2013 Departamentu Stanu.<\/p>\n<p>Co prawda ko\u015bci zosta\u0142y rzucone i prezydent Duda podpisa\u0142 fatalne ustawy ko\u0144cz\u0105ce niezawis\u0142o\u015b\u0107 s\u0105downictwa dos\u0142ownie kilka godzin po wdro\u017ceniu art. 7 przez Uni\u0119 wobec Polski, ale to sprawy nie zamyka. Na razie Warszawa ma trzy miesi\u0105ce na odpowied\u017a, a potem si\u0119 zobaczy. Niezale\u017cny ekspert, konstytucjonalista, dr Maciej Taborowski (INP PAN), przekonuje w Archiwum Osiaty\u0144skiego (OKO.press), \u017ce Komisja wycofuje cz\u0119\u015b\u0107 zarzut\u00f3w wobec Polski i przed Trybuna\u0142em wybierze wariant \u0142agodniejszy.<\/p>\n<p>O\u015b Warszawa \u2013 Budapeszt pozostanie co prawda kr\u00f3tka, ale wiod\u0105ce pa\u0144stwa Unii, zaprz\u0105tni\u0119te swoimi planami dalszej szybszej integracji w strefie euro, nie zechc\u0105 zawraca\u0107 sobie g\u0142owy maruderami.<\/p>\n<p>PS Jak ju\u017c wspomnia\u0142em, zakaz wsp\u00f3\u0142pracy wojska i ambasador\u00f3w polskich za granic\u0105 z Wielk\u0105 Orkiestr\u0105 \u015awi\u0105tecznej Pomocy to wstyd i ha\u0144ba.<\/p>\n","protected":false},"excerpt":{"rendered":"<p>Tylko na W\u0119grzech premier m\u00f3g\u0142 liczy\u0107 na tak ciep\u0142e przyj\u0119cie z najwy\u017cszymi honorami.<\/p>\n","protected":false},"author":4,"featured_media":4272,"comment_status":"open","ping_status":"closed","sticky":false,"template":"","format":"standard","meta":{"footnotes":""},"categories":[1],"tags":[],"_links":{"self":[{"href":"https:\/\/blog.polityka.pl\/passent\/wp-json\/wp\/v2\/posts\/4265"}],"collection":[{"href":"https:\/\/blog.polityka.pl\/passent\/wp-json\/wp\/v2\/posts"}],"about":[{"href":"https:\/\/blog.polityka.pl\/passent\/wp-json\/wp\/v2\/types\/post"}],"author":[{"embeddable":true,"href":"https:\/\/blog.polityka.pl\/passent\/wp-json\/wp\/v2\/users\/4"}],"replies":[{"embeddable":true,"href":"https:\/\/blog.polityka.pl\/passent\/wp-json\/wp\/v2\/comments?post=4265"}],"version-history":[{"count":7,"href":"https:\/\/blog.polityka.pl\/passent\/wp-json\/wp\/v2\/posts\/4265\/revisions"}],"predecessor-version":[{"id":4273,"href":"https:\/\/blog.polityka.pl\/passent\/wp-json\/wp\/v2\/posts\/4265\/revisions\/4273"}],"wp:featuredmedia":[{"embeddable":true,"href":"https:\/\/blog.polityka.pl\/passent\/wp-json\/wp\/v2\/media\/4272"}],"wp:attachment":[{"href":"https:\/\/blog.polityka.pl\/passent\/wp-json\/wp\/v2\/media?parent=4265"}],"wp:term":[{"taxonomy":"category","embeddable":true,"href":"https:\/\/blog.polityka.pl\/passent\/wp-json\/wp\/v2\/categories?post=4265"},{"taxonomy":"post_tag","embeddable":true,"href":"https:\/\/blog.polityka.pl\/passent\/wp-json\/wp\/v2\/tags?post=4265"}],"curies":[{"name":"wp","href":"https:\/\/api.w.org\/{rel}","templated":true}]}}