
{"id":4275,"date":"2018-01-07T23:32:33","date_gmt":"2018-01-07T22:32:33","guid":{"rendered":"https:\/\/passent.blog.polityka.pl\/?p=4275"},"modified":"2018-01-08T08:49:49","modified_gmt":"2018-01-08T07:49:49","slug":"lepszy-bandyta-niz-rasista","status":"publish","type":"post","link":"https:\/\/blog.polityka.pl\/passent\/2018\/01\/07\/lepszy-bandyta-niz-rasista\/","title":{"rendered":"Lepszy bandyta ni\u017c rasista"},"content":{"rendered":"<p>M\u00f3wi\u0105c o napadach i innych ekscesach rasistowskich, minister spraw wewn\u0119trznych Mariusz B\u0142aszczak woli m\u00f3wi\u0107 o bandytach ni\u017c o rasistach. \u201eBandyta\u201d brzmi jak gdyby bardziej og\u00f3lnie, bandyci trafiaj\u0105 si\u0119 wsz\u0119dzie, w ka\u017cdym kraju jeden bandyta to nic strasznego, gorzej z rasist\u0105, bo ten rzuca cie\u0144 na swoje otoczenie, zapewne nie jest osamotniony.<br \/>\n<!--more--><br \/>\nW Lo\u017cy Prasowej\u201d (TVN 24) red. Pawe\u0142 Lisicki usi\u0142owa\u0142 stonowa\u0107 wypowiedzi na temat pobicia 14-letniej uczennicy w Warszawie przez osobnika krzycz\u0105cego \u201ePolska dla Polak\u00f3w!\u201d. Zdaniem redaktora nie jest pewne, czy dziewczynka by\u0142a ciemnosk\u00f3ra, czy napastnik wznosi\u0142 ten okrzyk, na razie niczego nie wiemy. A jak (i je\u015bli) si\u0119 dowiemy, to b\u0119dzie za p\u00f3\u0142 roku albo i d\u0142u\u017cej, kiedy prokuratura co\u015b z siebie wydusi. Prawdopodobnie nic, bo domniemany sprawca zbieg\u0142, a szkodliwo\u015b\u0107 czynu znikoma.<\/p>\n<p>Tak si\u0119 z\u0142o\u017cy\u0142o, \u017ce wspomniana napa\u015b\u0107 mia\u0142a miejsce dwa kroki od siedziby naszej redakcji, przed domem, w kt\u00f3rym mieszka m.in. ambasador Jan Truszczy\u0144ski, jeden z najbardziej zas\u0142u\u017conych polskich dyplomat\u00f3w, g\u0142\u00f3wny negocjator przy wst\u0119powaniu Polski do Unii, pierwszy przedstawiciel naszego kraju w Unii, a nast\u0119pnie (ju\u017c nie w gestii MSZ) jeden z najwy\u017cszych urz\u0119dnik\u00f3w (to niew\u0142a\u015bciwe s\u0142owo) polskich w Unii Europejskiej.<\/p>\n<p>Ambasador Truszczy\u0144ski, widocznie mniej politycznie wyrobiony od niekt\u00f3rych pow\u015bci\u0105gliwych publicyst\u00f3w, wystosowa\u0142 jednoznaczny list do ministra B\u0142aszczaka, w kt\u00f3rym pisze o \u201erasistowskim ataku w sercu Warszawy\u201d i o \u201eobrzydliwej napa\u015bci w bia\u0142y dzie\u0144\u201d. Rasizm w naszym kraju nie jest zjawiskiem marginesowym, pisze Truszczy\u0144ski i oczekuje natychmiastowej reakcji na ka\u017cdy przypadek bandyckiego rasizmu, zw\u0142aszcza po haniebnych rasistowskich i nacjonalistycznych ekscesach na marginesie \u015awi\u0119ta Niepodleg\u0142o\u015bci.<\/p>\n<p>W pe\u0142ni ten list popieram i pozwalam sobie przypomnie\u0107, \u017ce kolor sk\u00f3ry to jeszcze nie wszystko, czym kieruj\u0105 si\u0119 rasi\u015bci, profesor UW Jerzy Kochanowski zosta\u0142 pobity za to, \u017ce \u015bmia\u0142 rozmawia\u0107 ze swoim niemieckim koleg\u0105 po niemiecku. Czasem i bia\u0142y kolor sk\u00f3ry nie jest gwarantem, mo\u017cna podpa\u015b\u0107 mow\u0105, ubiorem, kolorem w\u0142os\u00f3w lub kszta\u0142tem nosa.<\/p>\n<p>Fala imigrant\u00f3w w Europie Zachodniej i Po\u0142udniowej na pewno przyczyni\u0142a si\u0119 do wzrostu nastroj\u00f3w szowinistycznych r\u00f3wnie\u017c w naszej cz\u0119\u015bci kontynentu. Na pewno przyczynili si\u0119 do tego tak\u017ce ci, kt\u00f3rzy m\u00f3wi\u0105, \u017ce imigranci to zaraza, roznosz\u0105 choroby i pierwotniaki, i nie wpu\u015bcimy ani jednego. Do rasistowskich eksces\u00f3w nie s\u0105 potrzebni imigranci, je\u015bli ich nie b\u0119dzie, to si\u0119 dobierze ze swoich bandyt\u00f3w, bo rasist\u00f3w u nas nie ma.<\/p>\n","protected":false},"excerpt":{"rendered":"<p>Tak si\u0119 z\u0142o\u017cy\u0142o, \u017ce wspomniana napa\u015b\u0107 mia\u0142a miejsce&#8230;<\/p>\n","protected":false},"author":4,"featured_media":4279,"comment_status":"open","ping_status":"closed","sticky":false,"template":"","format":"standard","meta":{"footnotes":""},"categories":[1],"tags":[],"_links":{"self":[{"href":"https:\/\/blog.polityka.pl\/passent\/wp-json\/wp\/v2\/posts\/4275"}],"collection":[{"href":"https:\/\/blog.polityka.pl\/passent\/wp-json\/wp\/v2\/posts"}],"about":[{"href":"https:\/\/blog.polityka.pl\/passent\/wp-json\/wp\/v2\/types\/post"}],"author":[{"embeddable":true,"href":"https:\/\/blog.polityka.pl\/passent\/wp-json\/wp\/v2\/users\/4"}],"replies":[{"embeddable":true,"href":"https:\/\/blog.polityka.pl\/passent\/wp-json\/wp\/v2\/comments?post=4275"}],"version-history":[{"count":3,"href":"https:\/\/blog.polityka.pl\/passent\/wp-json\/wp\/v2\/posts\/4275\/revisions"}],"predecessor-version":[{"id":4278,"href":"https:\/\/blog.polityka.pl\/passent\/wp-json\/wp\/v2\/posts\/4275\/revisions\/4278"}],"wp:featuredmedia":[{"embeddable":true,"href":"https:\/\/blog.polityka.pl\/passent\/wp-json\/wp\/v2\/media\/4279"}],"wp:attachment":[{"href":"https:\/\/blog.polityka.pl\/passent\/wp-json\/wp\/v2\/media?parent=4275"}],"wp:term":[{"taxonomy":"category","embeddable":true,"href":"https:\/\/blog.polityka.pl\/passent\/wp-json\/wp\/v2\/categories?post=4275"},{"taxonomy":"post_tag","embeddable":true,"href":"https:\/\/blog.polityka.pl\/passent\/wp-json\/wp\/v2\/tags?post=4275"}],"curies":[{"name":"wp","href":"https:\/\/api.w.org\/{rel}","templated":true}]}}