
{"id":4280,"date":"2018-01-09T23:37:19","date_gmt":"2018-01-09T22:37:19","guid":{"rendered":"https:\/\/passent.blog.polityka.pl\/?p=4280"},"modified":"2018-01-10T10:58:44","modified_gmt":"2018-01-10T09:58:44","slug":"sprytna-zmiana","status":"publish","type":"post","link":"https:\/\/blog.polityka.pl\/passent\/2018\/01\/09\/sprytna-zmiana\/","title":{"rendered":"Rz\u0105d si\u0119 chrystianizuje"},"content":{"rendered":"<p>Nie mo\u017cna stwierdzi\u0107, \u017ce \u201eg\u00f3ra porodzi\u0142a mysz\u201d. Ci\u0105\u017ca by\u0142a wyj\u0105tkowo d\u0142uga, ale donoszona.<br \/>\n<!--more--><br \/>\nDlaczego ci\u0105\u017ca by\u0142a taka d\u0142uga? Celowo, \u017ceby odwr\u00f3ci\u0107 uwag\u0119 od bezprawia, jakim s\u0105 zmiany w wymiarze sprawiedliwo\u015bci, czy te\u017c jest to skutek tar\u0107 w obozie w\u0142adzy? Wszyscy moi rozm\u00f3wcy, w tym go\u015bcie w Radiu TOK FM, s\u0105 zdania, \u017ce to drugie \u2013 walka (nie b\u0119d\u0119 pisa\u0142, czyja) pod dywanem. Wynik jest dla koalicji rz\u0105dz\u0105cej dodatni i stwarza nadzieje na pozostawanie u w\u0142adzy nie dwa, a nawet sze\u015b\u0107 lat, cho\u0107 trudno jest by\u0107 prorokiem we w\u0142asnym kraju.<\/p>\n<p>Usuni\u0119to kilku najwi\u0119kszych szkodnik\u00f3w. Macierewicz, Szyszko, Waszczykowski, Radziwi\u0142\u0142 \u2013 odchodz\u0105. Inni, w tym Ziobro, pozostaj\u0105, i to na kluczowych stanowiskach. B\u0142aszczak, Brudzi\u0144ski, Kempa, Suski, Szyd\u0142o, Kowalczyk s\u0105 ulokowani tak, \u017ceby prezes Kaczy\u0144ski nie traci\u0142 kontroli. Jednak\u017ce nie jest ju\u017c ona, ani nie b\u0119dzie, tak wszechobecna jak dotychczas, kiedy premier Szyd\u0142o nie odchodzi\u0142a ani o krok od linii partii. \u201eDuet marze\u0144\u201d, Morawiecki \u2013 Duda, nie b\u0119dzie taki bezwolny. Dwaj stosunkowo m\u0142odzi i nie tacy prowincjonalni politycy nie b\u0119d\u0105 krzycze\u0107 przed Belwederem, \u017ce na drzewach zamiast li\u015bci&#8230; Mog\u0105 tak my\u015ble\u0107, ale nie b\u0119d\u0105 wrzeszcze\u0107. S\u0105 bardziej \u201esalonfahig\u201d, cho\u0107 Andrzej Duda traci czasami umiar.<\/p>\n<p>Z punktu widzenia PR rekonstrukcja jest udana \u2013 najbardziej kontrowersyjni i skompromitowani zostali oddaleni, jest wi\u0119cej pa\u0144, m\u0142odsze towarzystwo, niekt\u00f3re twarze nowe, z drugiej linii, jak Teresa Czerwi\u0144ska, w niczym nie przypominaj\u0105 Beaty Szyd\u0142o. Pierwsze akcenty wskazuj\u0105, \u017ce premier Morawiecki zdaje sobie spraw\u0119 z potrzeby lepszego wizerunku, m\u00f3wi, \u017ce to b\u0119dzie rz\u0105d \u201eza\u201d, a nie przeciw. Obaj, premier i nowy minister spraw zagranicznych, Czaputowicz, uwa\u017cali, by w pierwszych wypowiedziach nie zaczepia\u0107 Niemiec ani Unii, nie omieszkuj\u0105c doda\u0107, \u017ce chodzi o \u201eEurop\u0119 ojczyzn\u201d.<\/p>\n<p>Przez najbli\u017cszych kilka miesi\u0119cy rz\u0105d b\u0119dzie si\u0119 stara\u0142 wyj\u015b\u0107 z izolacji w Europie i przekona\u0107 pi\u0119\u0107 pa\u0144stw, by zatrzyma\u0142y procedur\u0119 wszcz\u0119t\u0105 wobec Polski. Co dalej? Pierwsz\u0105 pr\u00f3b\u0105 b\u0119d\u0105 wybory  samorz\u0105dowe. Joachim Brudzi\u0144ski, minister spraw wewn\u0119trznych i administracji, b\u0119dzie czuwa\u0142 nad ich prawid\u0142owym rezultatem. Ca\u0142kowicie nieprzygotowany do swojej roli, minister obrony B\u0142aszczak, b\u0119dzie musia\u0142 sprz\u0105ta\u0107 po Macierewiczu, co nie b\u0119dzie \u0142atwe, gdy\u017c ten pozostawia po sobie szeregi awansowanych i oddanych sobie oficer\u00f3w. Minister Kwieci\u0144ski b\u0119dzie pilnowa\u0142 wa\u017cnej dla PiS kampanii \u201eMieszkanie plus\u201d.<\/p>\n<p>Prof. Szumowski, nowy minister zdrowia, ma opini\u0119 dobrego fachowca, a w dodatku podpisa\u0142 deklaracj\u0119 wiary, co \u015bwiadczy o tym, \u017ce rz\u0105d si\u0119 chrystianizuje, cho\u0107 by\u0107 mo\u017ce nie b\u0119dzie nawraca\u0142 Europy, tak jak to usi\u0142uje robi\u0107 Orb\u00e1n. Publicysta Igor Janke (kt\u00f3rego ksi\u0105\u017ck\u0119 Morawiecki podarowa\u0142 Orb\u00e1nowi) w swojej biografii w\u0119gierskiego premiera wspomina, jak doros\u0142y ju\u017c Orb\u00e1n pewnego dnia doszed\u0142 do wniosku, \u017ce aby wygra\u0107, musi zosta\u0107 katolikiem \u2013 i zosta\u0142. Troch\u0119 to przypomina innego polityka, kt\u00f3ry po latach uzna\u0142, \u017ce \u015blub cywilny nie wystarczy.<\/p>\n<p>Wygl\u0105da na to, \u017ce b\u0119dzie to rz\u0105d konserwatywnych technokrat\u00f3w i pragmatyk\u00f3w, \u0142atwiej strawny dla klasy \u015bredniej, inteligencji i mieszka\u0144c\u00f3w du\u017cych miast. Spektakularnych zmian nie nale\u017cy si\u0119 spodziewa\u0107. Szkody wyrz\u0105dzone w ostatnich dw\u00f3ch latach, zw\u0142aszcza w dziedzinie wymiaru sprawiedliwo\u015bci, w mediach publicznych, w edukacji, w polityce historycznej, w wizerunku Polski za granic\u0105 \u2013 nie zostan\u0105 odrobione. Pozostan\u0105 w planach wielkie budowle socjalizmu na gruzach III RP.<\/p>\n<p>Je\u017celi koniunktura w Europie w najbli\u017cszych latach si\u0119 nie pogorszy ani nie wybuchnie wielka afera, to zjednoczona prawica pozostanie u w\u0142adzy nawet sze\u015b\u0107 lat, a mo\u017ce i d\u0142u\u017cej, gdy\u017c spo\u0142ecze\u0144stwo jest w du\u017cej mierze konserwatywne, opozycja jest zdezorientowana, a wi\u0119kszo\u015b\u0107 konstytucyjna coraz bardziej realna. Usuwaj\u0105c Macierewicza, Szyszk\u0119 i Radziwi\u0142\u0142a, w\u0142adza przynajmniej na pewien czas wyci\u0105gn\u0119\u0142a opozycji chodnik spod n\u00f3g. Czas na gruntown\u0105 rekonstrukcj\u0119 po jej stronie.<\/p>\n","protected":false},"excerpt":{"rendered":"<p>Nie mo\u017cna stwierdzi\u0107, \u017ce \u201eg\u00f3ra porodzi\u0142a mysz\u201d. Ci\u0105\u017ca by\u0142a wyj\u0105tkowo d\u0142uga, ale donoszona.<\/p>\n","protected":false},"author":4,"featured_media":4286,"comment_status":"open","ping_status":"closed","sticky":false,"template":"","format":"standard","meta":{"footnotes":""},"categories":[1],"tags":[],"_links":{"self":[{"href":"https:\/\/blog.polityka.pl\/passent\/wp-json\/wp\/v2\/posts\/4280"}],"collection":[{"href":"https:\/\/blog.polityka.pl\/passent\/wp-json\/wp\/v2\/posts"}],"about":[{"href":"https:\/\/blog.polityka.pl\/passent\/wp-json\/wp\/v2\/types\/post"}],"author":[{"embeddable":true,"href":"https:\/\/blog.polityka.pl\/passent\/wp-json\/wp\/v2\/users\/4"}],"replies":[{"embeddable":true,"href":"https:\/\/blog.polityka.pl\/passent\/wp-json\/wp\/v2\/comments?post=4280"}],"version-history":[{"count":12,"href":"https:\/\/blog.polityka.pl\/passent\/wp-json\/wp\/v2\/posts\/4280\/revisions"}],"predecessor-version":[{"id":4293,"href":"https:\/\/blog.polityka.pl\/passent\/wp-json\/wp\/v2\/posts\/4280\/revisions\/4293"}],"wp:featuredmedia":[{"embeddable":true,"href":"https:\/\/blog.polityka.pl\/passent\/wp-json\/wp\/v2\/media\/4286"}],"wp:attachment":[{"href":"https:\/\/blog.polityka.pl\/passent\/wp-json\/wp\/v2\/media?parent=4280"}],"wp:term":[{"taxonomy":"category","embeddable":true,"href":"https:\/\/blog.polityka.pl\/passent\/wp-json\/wp\/v2\/categories?post=4280"},{"taxonomy":"post_tag","embeddable":true,"href":"https:\/\/blog.polityka.pl\/passent\/wp-json\/wp\/v2\/tags?post=4280"}],"curies":[{"name":"wp","href":"https:\/\/api.w.org\/{rel}","templated":true}]}}