
{"id":4294,"date":"2018-01-14T23:14:31","date_gmt":"2018-01-14T22:14:31","guid":{"rendered":"https:\/\/passent.blog.polityka.pl\/?p=4294"},"modified":"2018-01-15T05:12:00","modified_gmt":"2018-01-15T04:12:00","slug":"przedmurze-zachodu-czy-wschodu","status":"publish","type":"post","link":"https:\/\/blog.polityka.pl\/passent\/2018\/01\/14\/przedmurze-zachodu-czy-wschodu\/","title":{"rendered":"Przedmurze  Zachodu czy Wschodu?"},"content":{"rendered":"<p>Rz\u0105d polski przeznacza ogromne sumy na popraw\u0119 wizerunku naszego kraju \u2013 od stu milion\u00f3w z\u0142otych rocznie na specjaln\u0105 fundacj\u0119, po suto nagradzane konkursy na pudrowanie naszej historii, a tak\u017ce podchody pod Holywood.<br \/>\n<!--more--><br \/>\nNiekt\u00f3re pomys\u0142y mog\u0105 by\u0107 dobre, jak np. film o Janie Karskim, oby si\u0119 uda\u0142y (skoro w\u0142a\u015bnie rujnowana jest legenda Hollywood). O tym, jaka jest opinia o danym kraju, decyduj\u0105 fakty, jak cho\u0107by Enigma czy udzia\u0142 lotnik\u00f3w polskich w  bitwie o Angli\u0119. Teraz toczy si\u0119 bitwa o Polsk\u0119, a Charles Kupchan \u2013 profesor renomowanego uniwersytetu w Waszyngtonie, cz\u0142onek Rady Stosunk\u00f3w  Mi\u0119dzynarodowych i cz\u0142onek Narodowej Rady Bezpiecze\u0144stwa (2014-2017) &#8211;  jest zdania, \u017ce to jest bitwa o Uni\u0119 Europejsk\u0105 i o Zach\u00f3d w og\u00f3le.<\/p>\n<p>11 stycznia w \u201eNew York Timesie\u201d ukaza\u0142 si\u0119 artyku\u0142 prof. Kupchana, kt\u00f3ry uwa\u017ca Polsk\u0119 za przedmurze Zachodu.<\/p>\n<p>Unia Europejska jest ostatni\u0105 lini\u0105 obrony Zachodu \u2013 czytamy. W miar\u0119 jak ro\u015bnie pokusa narodowego populizmu, Europa \u201eodpowiada za obron\u0119 twierdzy Zachodu\u201d. Od 2015 roku rz\u0105d polski stara si\u0119 kontrolowa\u0107 media, urz\u0105dzi\u0142  czystk\u0119 i upolityczni\u0142 s\u0142u\u017cb\u0119 cywiln\u0105, zrazi\u0142 intelektualist\u00f3w i organizacje spo\u0142ecze\u0144stwa obywatelskiego \u2013 pisze Kupchan. <\/p>\n<p>Autor popiera twarde stanowisko Unii i domaga si\u0119, by s\u0142owom towarzyszy\u0142y konkretne kroki maj\u0105ce na celu zawr\u00f3cenie Polski z drogi od liberalizmu. Polska nie jest na tej drodze sama (W\u0119gry, Austria, Wlk. Brytania, inne pa\u0144stwa regionu), ale niekorzystne wydarzenia w Polsce maj\u0105 szczeg\u00f3lne znaczenie. Z ludno\u015bci\u0105 prawie 40 mln \u201ejest chor\u0105\u017cym Europy \u015arodkowej\u201d.<\/p>\n<p>Unia Europejska \u2013 pisze ameryka\u0144ski profesor \u2013 musi powstrzyma\u0107 Polsk\u0119 przed odwrotem od podstawowych warto\u015bci Unii. Nie tylko w interesie liberalnej demokracji w Polsce, ale i wiarygodno\u015bci samej Unii. W artykule na \u0142amach \u201eNYT\u201d autor wzywa Uni\u0119, by zdj\u0119\u0142a jedwabne r\u0119kawiczki. \u201eJe\u015bli Polska nie zmieni kursu \u2013 ostrzega  &#8211;  Bruksela powinna zmierza\u0107 do pozbawienia jej prawa g\u0142osu\u201d.  <\/p>\n<p>W\u0119gierskie weto b\u0119dzie tylko dodatkowym powodem do zdyscyplinowania tego kraju przez Uni\u0119. Unia powinna zmniejszy\u0107 \u015brodki przeznaczone dla Polski, izolowa\u0107 j\u0105, \u201etrzyma\u0107 Polsk\u0119 na dystans\u201d. Skoro Stany Zjednoczone wycofuj\u0105 si\u0119 z Europy, to Unia musi broni\u0107 swoich warto\u015bci.<\/p>\n<p>\u201eStawk\u0105 jest los Polski, Europy i Zachodu\u201d \u2013 ko\u0144czy prof. Kupchan.<\/p>\n<p>Kilka s\u0142\u00f3w komentarza. To nie jest g\u0142os jakiego\u015b \u201eprofesorka\u201d z Waszyngtonu. To g\u0142os z samego serca establishmentu ameryka\u0144skiego: Bia\u0142y Dom, George Washington University i \u201eNew York Times\u201d to najwy\u017csze instancje w Stanach Zjednoczonych. Prof. Kupchan mo\u017ce nie by\u0107 g\u0142osem Partii Republika\u0144skiej, ale na pewno wyra\u017ca pogl\u0105dy wp\u0142ywowej cz\u0119\u015bci elity waszyngto\u0144skiej. Tej elity nie da si\u0119 \u0142atwo zdyskredytowa\u0107  ani wyrzuci\u0107 na \u015bmietnik, skracaj\u0105c np. jej wiek emerytalny czy odnajduj\u0105c papiery na to, \u017ce dziadek prof. Kuchpana mia\u0142 niewolnik\u00f3w.<\/p>\n<p>Wypowied\u017a prof. Kupchana mo\u017cna uzna\u0107 za przyk\u0142ad wielkomocarstwowej pychy i arogancji, paternalizmu, kt\u00f3ry pozwala poucza\u0107 inne kraje, a nawet Uni\u0119 Europejsk\u0105. Mo\u017cna si\u0119 tego dopatrze\u0107, ale nie mo\u017cna zamyka\u0107 oczu na realia: reputacja Polski w Waszyngtonie to dla nas &#8222;by\u0107 albo nie by\u0107\u201d. Zw\u0142aszcza teraz, kiedy w gmachu Europy pojawiaj\u0105 si\u0119 niepokoj\u0105ce rysy.<\/p>\n<p>Marzenie o tym, \u017ceby Polska wsta\u0142a z kolan i by\u0142a podmiotem, a nie przedmiotem stosunk\u00f3w mi\u0119dzynarodowych, spe\u0142niaj\u0105 si\u0119 w paradoksalny spos\u00f3b: g\u0142os Polski si\u0119 liczy, owszem, o Polsce si\u0119 m\u00f3wi, ale raczej jako o zagro\u017ceniu i o chorym cz\u0142onku Europy ni\u017c jako o kraju, kt\u00f3remu Zach\u00f3d powinien by\u0107 wdzi\u0119czny. Rzeczniczka Departamentu Stanu co pewien czas daje wyraz zaniepokojeniu \u201edobr\u0105 zmian\u0105\u201d. Coraz cz\u0119stsze sugestie, \u017ceby Polsk\u0119 ukara\u0107 finansowo, izolowa\u0107 i trzyma\u0107 na dystans, \u015bwiadcz\u0105 o tym, \u017ce nasz kraj jest coraz bardziej odosobniony, a w stolicy naszego najwa\u017cniejszego sojusznika budzi wr\u0119cz niepok\u00f3j. <\/p>\n<p>Nie chodzi o takie imponderabilia jak wizy czy Patrioty, chodzi o to, jak d\u0142ugo jeszcze b\u0119d\u0105 Polsk\u0119 traktowa\u0107 jako przedmurze Zachodu, zanim uznaj\u0105, \u017ce stajemy si\u0119 przedmurzem Wschodu.<\/p>\n<p><strong>Zaproszenie<\/strong><br \/>\nMocny dwug\u0142os na trudne czasy. Andrzej Olechowski, b. minister finans\u00f3w i b. minister spraw zagranicznych, oraz Jerzy Baczy\u0144ski, prezes i redaktor naczelny POLITYKI \u2013 b\u0119d\u0105 naszymi go\u015b\u0107mi w Radiu TOK FM, wtorek, 16 stycznia, jak zwykle o godz. 20.05. Zapraszam!<\/p>\n","protected":false},"excerpt":{"rendered":"<p>Marzenie o tym, \u017ceby Polska wsta\u0142a z kolan i by\u0142a podmiotem, a nie przedmiotem stosunk\u00f3w mi\u0119dzynarodowych, spe\u0142niaj\u0105 si\u0119 w paradoksalny spos\u00f3b.<\/p>\n","protected":false},"author":4,"featured_media":4299,"comment_status":"open","ping_status":"closed","sticky":false,"template":"","format":"standard","meta":{"footnotes":""},"categories":[1],"tags":[],"_links":{"self":[{"href":"https:\/\/blog.polityka.pl\/passent\/wp-json\/wp\/v2\/posts\/4294"}],"collection":[{"href":"https:\/\/blog.polityka.pl\/passent\/wp-json\/wp\/v2\/posts"}],"about":[{"href":"https:\/\/blog.polityka.pl\/passent\/wp-json\/wp\/v2\/types\/post"}],"author":[{"embeddable":true,"href":"https:\/\/blog.polityka.pl\/passent\/wp-json\/wp\/v2\/users\/4"}],"replies":[{"embeddable":true,"href":"https:\/\/blog.polityka.pl\/passent\/wp-json\/wp\/v2\/comments?post=4294"}],"version-history":[{"count":6,"href":"https:\/\/blog.polityka.pl\/passent\/wp-json\/wp\/v2\/posts\/4294\/revisions"}],"predecessor-version":[{"id":4301,"href":"https:\/\/blog.polityka.pl\/passent\/wp-json\/wp\/v2\/posts\/4294\/revisions\/4301"}],"wp:featuredmedia":[{"embeddable":true,"href":"https:\/\/blog.polityka.pl\/passent\/wp-json\/wp\/v2\/media\/4299"}],"wp:attachment":[{"href":"https:\/\/blog.polityka.pl\/passent\/wp-json\/wp\/v2\/media?parent=4294"}],"wp:term":[{"taxonomy":"category","embeddable":true,"href":"https:\/\/blog.polityka.pl\/passent\/wp-json\/wp\/v2\/categories?post=4294"},{"taxonomy":"post_tag","embeddable":true,"href":"https:\/\/blog.polityka.pl\/passent\/wp-json\/wp\/v2\/tags?post=4294"}],"curies":[{"name":"wp","href":"https:\/\/api.w.org\/{rel}","templated":true}]}}