
{"id":430,"date":"2008-04-07T00:45:48","date_gmt":"2008-04-06T22:45:48","guid":{"rendered":"http:\/\/passent.blog.polityka.pl\/?p=430"},"modified":"2008-04-07T12:53:24","modified_gmt":"2008-04-07T10:53:24","slug":"lektury-pasozyta","status":"publish","type":"post","link":"https:\/\/blog.polityka.pl\/passent\/2008\/04\/07\/lektury-pasozyta\/","title":{"rendered":"Lektury paso\u017cyta"},"content":{"rendered":"<p>Dawno temu, kiedy uko\u0144czy\u0142em 50 lat, \u017cona wyprawi\u0142a mi huczne urodziny. Przyby\u0142o kilkadziesi\u0105t os\u00f3b z kraju i zza granicy. Ka\u017cdy uwa\u017ca\u0142 za stosowne przynie\u015b\u0107 mi prezent. By\u0142oby to bardzo mi\u0142e, gdyby nie fakt, \u017ce prawie ka\u017cdy wr\u0119cza\u0142 mi w prezencie\u2026 whisky, kt\u00f3rej nie cierpi\u0119. Za to moj\u0105 \u017cona przepada i przez nast\u0119pne lata mia\u0142a co pi\u0107. Od pewnego czasu przyjaciele doszli chyba do wniosku, \u017ce na whisky mam ju\u017c za s\u0142ab\u0105 g\u0142ow\u0119 i przynosz\u0105 mi\u2026 ksi\u0105\u017cki. Dzi\u0119ki temu mam co czyta\u0107, chocia\u017c nie wydaj\u0119 na to pieni\u0119dzy. Jestem paso\u017cytem ksi\u0105\u017ckowym. Oto ksi\u0105\u017cki, kt\u00f3re ostatnio dosta\u0142em i przeczyta\u0142em, czyli lektury paso\u017cyta.<\/p>\n<p>***<\/p>\n<p><strong>Volker Skierka: FIDEL CASTRO<\/strong>. Biografia kuba\u0144skiego rewolucjonisty i dyktatora, pi\u00f3ra by\u0142ego korespondenta \u201eS\u00fcddeutsche Zeitung\u201d na Kubie. Znakomita ksi\u0105\u017cka, solidna, rzeczowa, pokazuje ewolucj\u0119 Fidela od m\u0142odego idealisty do starego komunisty. Drugiej takiej biografii Castro po polsku nie ma. Obiektywna, spokojna, beznami\u0119tna, ani panegiryk, ani pamflet. Wiele zaskakuj\u0105cych informacji, np. kiedy w 1979 roku w Nikaragui sandini\u015bci obalili dyktatur\u0119 Somozy, Castro radzi\u0142 ich przyw\u00f3dcy, Danielowi Ortedze, \u017ceby nie tworzy\u0142 systemu marksistowskiego na wz\u00f3r Kuby, lecz zachowa\u0142 gospodark\u0119 mieszan\u0105 i dba\u0142 o dobre stosunki z USA. Bardzo du\u017co nieznanych fakt\u00f3w, m.in. na temat kuba\u0144skiej ekspansji w Afryce i dzia\u0142alno\u015bci w Ameryce \u0141aci\u0144skiej. (Szerzej omawia\u0142em t\u0119 ksi\u0105\u017ck\u0119 w <a target=\"_blank\" href=\"http:\/\/www.polityka.pl\/polityka\/index.jsp?place=Lead30&amp;news_cat_id=955&amp;news_id=248264&amp;layout=18&amp;forum_id=14199&amp;fpage=Threads&amp;page=text\"><strong>Czytelni<\/strong><\/a> na stronach internetowych \u201ePolityki\u201d). Ksi\u0105\u017cka na pi\u0105tk\u0119.<\/p>\n<p>***<\/p>\n<p><strong>Bruce Chatwin: W PATAGONII<\/strong>. Arcydzie\u0142o \u201eliteratury drogi\u201d. Zbi\u00f3r szkic\u00f3w brytyjskiego pisarza z podr\u00f3\u017cy po Patagonii. Gdybym wiedzia\u0142, \u017ce wybiera\u0142 si\u0119 tam niedawno Aleksander Kwa\u015bniewski \u2013 na pewno bym mu poleci\u0142 (ale nie mam kontaktu). Chatwin opisuje krok po kroku swoj\u0105 podr\u00f3\u017c po po\u0142udniowej Argentynie i Chile \u2013 jednym z najpi\u0119kniejszych miejsc na \u015bwiecie. Niekt\u00f3re zak\u0105tki widzia\u0142em, wi\u0119c mam do tej ksi\u0105\u017cki sentyment. Podziwiam odwag\u0119 i cierpliwo\u015b\u0107 autora, kt\u00f3ry spotka\u0142 lub odwiedza\u0142 po drodze wielu ludzi (np. potomk\u00f3w imigrant\u00f3w niemieckich z XIX wieku) i spisywa\u0142 nich relacje. Ksi\u0105\u017cka dla amator\u00f3w literatury podr\u00f3\u017cniczej i Ziemi Ognistej.<\/p>\n<p>***<\/p>\n<p><strong>Alan Greenspan: THE AGE OF TURBULENCE<\/strong>. Autobiografia ekonomisty ameryka\u0144skiego, wieloletniego szefa Banku Rezerw Federalnych. Posta\u0107 nietuzinkowa. Matematyka i muzyka przychodzi\u0142y mu z \u0142atwo\u015bci\u0105. Pod koniec liceum i po sko\u0144czeniu szko\u0142y gra\u0142 w orkiestrze jazzowej, dopiero kilka lat po maturze poszed\u0142 do koled\u017cu. Wcze\u015bnie zainteresowa\u0142a go ekonomia, zw\u0142aszcza historia gospodarcza. Zrobi\u0142 karier\u0119 w dziedzinie szczeg\u00f3\u0142owych prognoz ekonomicznych, zosta\u0142 prezesem Fed-u zanim zrobi\u0142 doktorat. Przetrwa\u0142 kilku prezydent\u00f3w \u2013 wszystkich w swojej ksi\u0105\u017cce charakteryzuje. Jego autobiografia to swoista najnowsza historia gospodarcza Stan\u00f3w Zjednoczonych i Bia\u0142ego Domu. Niekt\u00f3re fragmenty \u015bci\u015ble ekonomiczne (kulisy stopy procentowej i podatk\u00f3w) nudnawe, ale mo\u017cna je opuszcza\u0107, jak opisy przyrody w lekturach szkolnych. Wiele notatek z wielkiego \u015bwiata, w tym zza granicy (m.in. z Rosji Sowieckiej i Ameryki \u0141aci\u0144skiej). Autor jest zagorza\u0142ym entuzjast\u0105 wolnego rynku, co nie ka\u017cdemu musi odpowiada\u0107, ale ka\u017cdy przyzna, \u017ce Greenspan to jest kto\u015b. Konserwatysta, kt\u00f3ry pisze dobrze o Clintonie i krytycznie o G.W.B. Obowi\u0105zkowa lektura dla prezesa NBP, S\u0142awomira Skrzypka, cho\u0107 w\u0105tpi\u0119, by j\u0105 przeczyta\u0142. Nie zdziwi\u0142bym si\u0119, gdyby to by\u0142a ulubiona ksi\u0105zka prof. Balcerowicza.<\/p>\n<p>***<br \/>\n<strong>Norbert Honsza, Stephen Wolting: MARCEL REICH &#8211; RANICKI. MOJ\u0104 OJCZYZN\u0104 JEST LITERATURA<\/strong>. Biografia najwybitniejszego krytyka literackiego w Niemczech, a mo\u017ce i w Europie II po\u0142owy XX wieku. Cz\u0142owiek \u2013 instytucja, \u201ep\u00f3\u0142 Polak, p\u00f3\u0142 Niemiec, ca\u0142y \u017byd\u201d \u2013 jak o sobie m\u00f3wi\u0142. Przeczyta\u0142em z zainteresowaniem, chocia\u017c przedtem czyta\u0142em jego autobiografi\u0119 wydan\u0105 w Polsce (chyba pod tytu\u0142em \u201eMoje \u017cycie\u201d). Fascynuj\u0105ca posta\u0107, zw\u0142aszcza dla kogo\u015b, kto jak ja \u2013 kto ma c\u00f3rk\u0119 \u2013 germanistk\u0119 z wykszta\u0142cenia, dzieci\u0144stwo sp\u0119dzi\u0142 w Berlinie, a jako cz\u0142owiek doros\u0142y na kilkumiesi\u0119cznym sta\u017cu w \u201eDie Zeit\u201d, gdzie M.R.-R. pracowa\u0142 kilkana\u015bcie lat, zanim obj\u0105\u0142 \u201enajwa\u017cniejsze stanowisko w \u017cyciu kulturalnym RFN\u201d \u2013 kierownika dzia\u0142u kulturalnego \u201eFAZ\u201d.<\/p>\n<p>***<br \/>\n<strong>Micha\u0142 Komar: \u015aWIAT WED\u0141UG MELLERA<\/strong>. Wywiad \u2013 rzeka z historykiem i dyplomat\u0105, ukaza\u0142 si\u0119 tu\u017c przed \u015bmierci\u0105 bohatera. Barwna opowie\u015b\u0107 o \u017cyciu pomi\u0119dzy Polsk\u0105 i Francj\u0105, nauk\u0105 i dyplomacj\u0105, w\u0142adz\u0105 i opozycj\u0105. Pe\u0142na ciekawych postaci ze \u201e\u015brodowiska\u201d (z \u201esalonu\u201d), wspomnie\u0144 i anegdot, doskonale opowiedzianych (Meller by\u0142 znakomitym gaw\u0119dziarzem) i \u015bwietnie spisanych (Komar to znakomity autor). Du\u017co polityki, obyczaj\u00f3w i \u017cycia prywatnego. PRL z bliska. Wkr\u00f3tce uka\u017ce si\u0119 tom II \u2013 o dzia\u0142alno\u015bci dyplomatycznej Stefana Mellera. Przeczyta\u0142em jednym tchem.<\/p>\n<p>***<br \/>\n<strong>Wojciech Fu\u0142ek, Roman Stinzing &#8211; Wojnarowski: KURORT W CIENIU PRL-U. SOPOT 1945-1985<\/strong>. Pere\u0142ka wydawnicza z historii Sopotu. Wojciech Fu\u0142ek, wiceprezydent Sopotu, jest niezmordowanym kronikarzem tego miasta, autorem ksi\u0105\u017cek i album\u00f3w na temat tego miasta, kt\u00f3rego \u2013 podobnie jak miliony Polak\u00f3w \u2013 jestem wielbicielem. Mog\u0119 powt\u00f3rzy\u0107 za Andrzejem Dudi &#8211; Dudzi\u0144skim: \u201e W tym mie\u015bcie naprawd\u0119 by\u0142em szcz\u0119\u015bliwy\u201d. Tr\u00f3jk\u0105t pomi\u0119dzy \u201eMonciakiem\u201d, kortami tenisowymi a (zaniedbanym przez lata) Grand Hotelem to dla mnie \u201etr\u00f3jk\u0105t szcz\u0119\u015bcia\u201d. Ksi\u0105\u017cka jest przepi\u0119knie ilustrowana i wydana. Cz\u0119\u015b\u0107 pierwsza to historia \u201eRiwiery PRL\u201d i \u201eper\u0142y Wybrze\u017ca\u201d, Grand Hotel, Cyrk Rodziny Afanasjeff i te rzeczy, cz\u0119\u015b\u0107 druga \u2013 kronika miasta (\u201ePierwszy sklep nocny\u201d itp.). Rewelacyjne fotografie (np. Bierut w szlafroku na pla\u017cy) oraz reprodukowane dokumenty i bibeloty (\u201ePokwitowanie. Szko\u0142a nr 8 dostarczy\u0142a dla le\u015bnictwa Sopot 200 kg. \u017co\u0142\u0119dzi i kasztan\u00f3w na karm\u0119 dla zwierzyny le\u015bnej. Sopot, 2 X 1973\u201d). Istne cacko. Przygotowane i wydane z mi\u0142o\u015bci\u0105, na jak\u0105 Sopot zas\u0142uguje.<\/p>\n","protected":false},"excerpt":{"rendered":"<p>Dawno temu, kiedy uko\u0144czy\u0142em 50 lat, \u017cona wyprawi\u0142a mi huczne urodziny. Przyby\u0142o kilkadziesi\u0105t os\u00f3b z kraju i zza granicy. Ka\u017cdy uwa\u017ca\u0142 za stosowne przynie\u015b\u0107 mi prezent. By\u0142oby to bardzo mi\u0142e, gdyby nie fakt, \u017ce prawie ka\u017cdy wr\u0119cza\u0142 mi w prezencie\u2026 whisky, kt\u00f3rej nie cierpi\u0119. Za to moj\u0105 \u017cona przepada i przez nast\u0119pne lata mia\u0142a co [&hellip;]<\/p>\n","protected":false},"author":4,"featured_media":0,"comment_status":"open","ping_status":"open","sticky":false,"template":"","format":"standard","meta":{"footnotes":""},"categories":[1],"tags":[],"_links":{"self":[{"href":"https:\/\/blog.polityka.pl\/passent\/wp-json\/wp\/v2\/posts\/430"}],"collection":[{"href":"https:\/\/blog.polityka.pl\/passent\/wp-json\/wp\/v2\/posts"}],"about":[{"href":"https:\/\/blog.polityka.pl\/passent\/wp-json\/wp\/v2\/types\/post"}],"author":[{"embeddable":true,"href":"https:\/\/blog.polityka.pl\/passent\/wp-json\/wp\/v2\/users\/4"}],"replies":[{"embeddable":true,"href":"https:\/\/blog.polityka.pl\/passent\/wp-json\/wp\/v2\/comments?post=430"}],"version-history":[{"count":0,"href":"https:\/\/blog.polityka.pl\/passent\/wp-json\/wp\/v2\/posts\/430\/revisions"}],"wp:attachment":[{"href":"https:\/\/blog.polityka.pl\/passent\/wp-json\/wp\/v2\/media?parent=430"}],"wp:term":[{"taxonomy":"category","embeddable":true,"href":"https:\/\/blog.polityka.pl\/passent\/wp-json\/wp\/v2\/categories?post=430"},{"taxonomy":"post_tag","embeddable":true,"href":"https:\/\/blog.polityka.pl\/passent\/wp-json\/wp\/v2\/tags?post=430"}],"curies":[{"name":"wp","href":"https:\/\/api.w.org\/{rel}","templated":true}]}}