
{"id":4303,"date":"2018-01-15T23:21:49","date_gmt":"2018-01-15T22:21:49","guid":{"rendered":"https:\/\/passent.blog.polityka.pl\/?p=4303"},"modified":"2018-01-16T05:02:39","modified_gmt":"2018-01-16T04:02:39","slug":"czardasz-orbana","status":"publish","type":"post","link":"https:\/\/blog.polityka.pl\/passent\/2018\/01\/15\/czardasz-orbana\/","title":{"rendered":"Czardasz Orbana"},"content":{"rendered":"<p>Czardasza \u2013 narodowy taniec w\u0119gierski, narodzony w Siedmiogrodzie \u2013 cechuj\u0105 podobno dynamiczne zmiany tempa i figur. Je\u015bli tak, to premier Viktor Orb\u00e1n jest nieodrodnym synem swojej ziemi.<br \/>\n<!--more--><br \/>\nNie dalej jak w ubieg\u0142ym roku m\u00f3wi\u0142, \u017ce W\u0119gry \u201enie uwa\u017caj\u0105 tych ludzi za muzu\u0142ma\u0144skich uchod\u017ac\u00f3w. Uwa\u017camy ich za muzu\u0142ma\u0144skich naje\u017ad\u017ac\u00f3w. Wielokulturowo\u015b\u0107 to z\u0142uda. To migranci ekonomiczni poszukaj\u0105cy lepszego \u017cycia\u201d.<\/p>\n<p>W sprawie imigrant\u00f3w (na Zachodzie nazywanych \u201euchod\u017acami\u201d) Orb\u00e1n nie robi\u0142 z\u0142udze\u0144. \u201eNigdy nie dojdzie do zgody w sprawie podzia\u0142u imigrant\u00f3w mi\u0119dzy pa\u0144stwami Unii Europejskiej\u201d. Orb\u00e1n nale\u017cy do najtwardszych i coraz liczniejszych przeciwnik\u00f3w otwierania bram Europy dla uchod\u017ac\u00f3w. Nie tylko zreszt\u0105 Europy. Niedawno Ameryk\u0105 wstrz\u0105sn\u0119\u0142y s\u0142owa prezydenta Donalda Trumpa, wypowiedziane w gronie wsp\u00f3\u0142pracownik\u00f3w w Owalnym Gabinecie: \u201eDlaczego przyje\u017cd\u017caj\u0105 tutaj ci wszyscy imigranci z kraj\u00f3w na zadupiu?\u201d (mowa o Haiti, Salwadorze i pa\u0144stwach Afryki Zachodniej).<\/p>\n<p>Nic dziwnego, \u017ce dla rz\u0105du PiS W\u0119gry Orb\u00e1na wydawa\u0142y si\u0119 najlepszym sojusznikiem w walce z unijn\u0105 polityk\u0105 imigracyjn\u0105, w tym z nieszcz\u0119snymi kwotami. W\u0119gry by\u0142y pierwszym pa\u0144stwem, w kt\u00f3rym z\u0142o\u017cy\u0142 wizyt\u0119 nowy premier Polski, Morawiecki. \u201eW interesie W\u0119gier jest stani\u0119cie obok Polski\u201d \u2013 zapewnia\u0142 Orb\u00e1n w grudniu. \u201eKampania przeciw Polsce nie powiedzie si\u0119\u201d \u2013 obieca\u0142. W pewnym sensie W\u0119gry sta\u0142y si\u0119 nasz\u0105 twierdz\u0105, kotwic\u0105 Polski w Unii. G\u0142osy, jakoby Orb\u00e1n by\u0142 nieprzewidywalny, na zmian\u0119 nieprzejednany i elastyczny, by\u0142y zbywane wzruszeniem ramion.<\/p>\n<p>A\u017c tu nagle, jak w czardaszu, nieoczekiwanie pojawi\u0142a si\u0119 nowa figura. W wywiadzie dla wczorajszego \u201eWelt am Sonntag\u201d premier Orb\u00e1n odpowiedzia\u0142 m.in. na pytanie, \u201eczy W\u0119gry b\u0119d\u0105 uczestniczy\u0107 w nowym unijnym systemie podzia\u0142u uchod\u017ac\u00f3w?\u201d, nast\u0119puj\u0105co: \u201ePod pewnymi warunkami. Nie pozwolimy, by Bruksela dyktowa\u0142a nam, kogo mamy przyj\u0105\u0107 do naszego kraju. Tylko W\u0119grzy mog\u0105 zdecydowa\u0107, komu wolno przebywa\u0107 na w\u0119gierskiej ziemi. Po uwzgl\u0119dnieniu tego ch\u0119tnie we\u017amiemy udzia\u0142 w systemie podzia\u0142u uchod\u017ac\u00f3w\u201d.<\/p>\n<p>Tylko tyle i a\u017c tyle. \u201eFakt\u201d napisa\u0142, \u017ce Jaros\u0142aw Kaczy\u0144ski \u201esi\u0119 w\u015bcieknie\u201d. Istotnie, wypowied\u017a ta odbiega w tonie i w tre\u015bci od tego, co m\u00f3wi\u0142 prezes o pierwotniakach roznoszonych przez imigrant\u00f3w, od kategorycznych zapewnie\u0144 Beaty Szyd\u0142o i innych polityk\u00f3w PiS: \u201eAni jednego imigranta. Pomagamy tam, a nie tu\u201d.<\/p>\n<p>Na dow\u00f3d czego pokazano w telewizji minister Kemp\u0119, jak lituje si\u0119 nad chorymi dzie\u0107mi w Jordanii. Jutro ta przyjemno\u015b\u0107 ma spotka\u0107 dzieci syryjskie. Moim zdaniem ju\u017c sam wyb\u00f3r pani Kempy na stanowisko minister do spraw pomocy humanitarnej ma odstraszy\u0107 uchod\u017ac\u00f3w \u2013 to posta\u0107 krewka i konfrontacyjna, a nie samarytanka. Ale mniejsza o to.<\/p>\n<p>Wa\u017cne, i\u017c kolejna figura Orb\u00e1na ma pokaza\u0107, \u017ce Budapeszt got\u00f3w jest rozmawia\u0107, stawia warunki, a nie powtarza w k\u00f3\u0142ko \u201enie\u201d. Teraz, kiedy nowy rz\u0105d polski prowadzi ofensyw\u0119 dyplomatyczn\u0105 maj\u0105c\u0105 pokaza\u0107, \u017ce w naszym kraju zmieniaj\u0105 si\u0119 nie tylko twarze, ale i polityka, warto wzi\u0105\u0107 to pod uwag\u0119. Mo\u017ce tak jak Orb\u00e1n \u2013 zata\u0144czy\u0107 z Europ\u0105, zamiast sta\u0107 do niej ty\u0142em.<\/p>\n<p><strong>Zaproszenie<\/strong><br \/>\nAndrzej Olechowski i Jerzy Baczy\u0144ski b\u0119d\u0105 naszymi go\u015b\u0107mi w Radiu TOK FM we wtorek, 16 stycznia, godz. 20.05.<\/p>\n","protected":false},"excerpt":{"rendered":"<p>A\u017c tu nagle, jak w czardaszu, nieoczekiwanie pojawi\u0142a si\u0119 nowa figura.<\/p>\n","protected":false},"author":4,"featured_media":4307,"comment_status":"open","ping_status":"closed","sticky":false,"template":"","format":"standard","meta":{"footnotes":""},"categories":[1],"tags":[],"_links":{"self":[{"href":"https:\/\/blog.polityka.pl\/passent\/wp-json\/wp\/v2\/posts\/4303"}],"collection":[{"href":"https:\/\/blog.polityka.pl\/passent\/wp-json\/wp\/v2\/posts"}],"about":[{"href":"https:\/\/blog.polityka.pl\/passent\/wp-json\/wp\/v2\/types\/post"}],"author":[{"embeddable":true,"href":"https:\/\/blog.polityka.pl\/passent\/wp-json\/wp\/v2\/users\/4"}],"replies":[{"embeddable":true,"href":"https:\/\/blog.polityka.pl\/passent\/wp-json\/wp\/v2\/comments?post=4303"}],"version-history":[{"count":4,"href":"https:\/\/blog.polityka.pl\/passent\/wp-json\/wp\/v2\/posts\/4303\/revisions"}],"predecessor-version":[{"id":4308,"href":"https:\/\/blog.polityka.pl\/passent\/wp-json\/wp\/v2\/posts\/4303\/revisions\/4308"}],"wp:featuredmedia":[{"embeddable":true,"href":"https:\/\/blog.polityka.pl\/passent\/wp-json\/wp\/v2\/media\/4307"}],"wp:attachment":[{"href":"https:\/\/blog.polityka.pl\/passent\/wp-json\/wp\/v2\/media?parent=4303"}],"wp:term":[{"taxonomy":"category","embeddable":true,"href":"https:\/\/blog.polityka.pl\/passent\/wp-json\/wp\/v2\/categories?post=4303"},{"taxonomy":"post_tag","embeddable":true,"href":"https:\/\/blog.polityka.pl\/passent\/wp-json\/wp\/v2\/tags?post=4303"}],"curies":[{"name":"wp","href":"https:\/\/api.w.org\/{rel}","templated":true}]}}