
{"id":4309,"date":"2018-01-17T22:36:29","date_gmt":"2018-01-17T21:36:29","guid":{"rendered":"https:\/\/passent.blog.polityka.pl\/?p=4309"},"modified":"2018-01-17T23:17:48","modified_gmt":"2018-01-17T22:17:48","slug":"ofensywa-usmiechow","status":"publish","type":"post","link":"https:\/\/blog.polityka.pl\/passent\/2018\/01\/17\/ofensywa-usmiechow\/","title":{"rendered":"Ofensywa u\u015bmiech\u00f3w"},"content":{"rendered":"<p>Pod jednym wzgl\u0119dem rekonstrukcja rz\u0105du okaza\u0142a si\u0119 dobr\u0105 zmian\u0105. Rz\u0105d Morawieckiego zabra\u0142 si\u0119 do roboty, \u017ceby prze\u0142ama\u0107 izolacj\u0119 Polski, wyprowadzi\u0107 j\u0105 ze \u015blepej uliczki. Powstaje pytanie: czy i o ile trzeba si\u0119 cofn\u0105\u0107, zawr\u00f3ci\u0107 w \u0142amaniu wymiaru sprawiedliwo\u015bci, \u017ceby znale\u017a\u0107 si\u0119 ponownie w gronie pa\u0144stw akceptowanych, \u201esalonfahig\u201d?<br \/>\n<!--more--><br \/>\nAktywno\u015b\u0107 polskiej dyplomacji po rekonstrukcji rz\u0105du \u015bwiadczy o tym, \u017ce (wbrew bu\u0144czucznym o\u015bwiadczeniom, i\u017c jeste\u015bmy liderem, nasz g\u0142os jest s\u0142uchany, powstali\u015bmy z kolan, jeste\u015bmy sprawc\u0105, a nie ofiar\u0105 polityki mi\u0119dzynarodowej) w\u0142adze polskie zaczynaj\u0105 zdawa\u0107 sobie spraw\u0119 z tego, jak bardzo os\u0142abi\u0142y sytuacj\u0119 mi\u0119dzynarodow\u0105 naszego kraju.<\/p>\n<p>Kaczy\u0144ski, Duda i Morawiecki oraz ich przyboczni (Bielan, Szczerski i inni) wreszcie przejrzeli na oczy, dotar\u0142o do nich, w jakim do\u0142ku znalaz\u0142a si\u0119 Polska, i brednie o tym, \u017ce 27:1 by\u0142o sukcesem, bo pokazali\u015bmy, i\u017c nie jeste\u015bmy chor\u0105giewk\u0105 na wietrze, s\u0105 niepowa\u017cne. D\u0142ugo oczekiwane zwolnienie ministra Waszczykowskiego nie by\u0142o wszak nagrod\u0105, tylko wyrazem dezaprobaty. Notabene dezaprobaty dla polityki, kt\u00f3r\u0105 nie \u201eWaszcz\u201d wytycza\u0142. Podczas kiedy Duda i Waszczykowski zachwycali si\u0119 wyborem na niesta\u0142ego cz\u0142onka Rady Bezpiecze\u0144stwa (nie pierwszy i nie ostatni raz), p\u0119tla wok\u00f3\u0142 Polski si\u0119 zaciska\u0142a.<\/p>\n<p>Departament Stanu USA, prezydent Macron, Parlament Europejski, Komisja Wenecka, mi\u0119dzynarodowe organizacje prawnicze, cia\u0142a ONZ, prezydent Obama, praktycznie wszystkie media zachodnie nie ukrywa\u0142y swojej dezaprobaty dla poczyna\u0144 rz\u0105du polskiego (a nie \u201ePolski w og\u00f3le\u201d). Pycha, arogancja, propaganda antyniemiecka okaza\u0142y si\u0119 nieskuteczne. Do tego trzeba doda\u0107 niespotykan\u0105 w pa\u0144stwie cz\u0142onkowskim dyskredytacj\u0119 Unii Europejskiej \u2013 nowego okupanta, maszeruj\u0105cego pod dyktando kanclerz Merkel.<\/p>\n<p>Grupa trzymaj\u0105ca w\u0142adz\u0119 w Polsce wreszcie musia\u0142a przyzna\u0107 si\u0119 do pora\u017cki na arenie mi\u0119dzynarodowej (czego g\u0142o\u015bno nigdy nie uczyni\u0142a, bo sz\u0142a w zaparte) i zabra\u0142a si\u0119 do roboty. Oto niekt\u00f3re fakty z ostatnich dni:<\/p>\n<p>1. D\u0142u\u017csza rozmowa telefoniczna Duda \u2013 Pence (wiceprezydent USA).<br \/>\n2. Wizyta premiera Morawieckiego w Budapeszcie, a nast\u0119pnie w Brukseli, kolacja z przewodnicz\u0105cym KE Junckerem, jeszcze kilka dni temu okre\u015blanym przez propagand\u0119 jako pijak na wylocie, \u201eza rok go tu nie b\u0119dzie\u201d \u2013 m\u00f3wi\u0142 dwa dni temu Ryszard Czarnecki.<br \/>\n3. Wizyta ministra Czaputowicza w Bu\u0142garii (pe\u0142ni przewodnictwo UE w okresie dla Polski kluczowym).<br \/>\n4. Spotkanie ministra Czaputowicza z wiceprzewodnicz\u0105cym KE Timmermansem, do niedawna okre\u015blanym jako polityczny bankrut przegranej partii socjalistycznej w Holandii.<br \/>\n5. Spotkanie ministr\u00f3w spraw zagranicznych Polski i Niemiec \u2013 naszego najwa\u017cniejszego partnera w Europie.<br \/>\n6. Spotkanie ministra obrony B\u0142aszczaka z sekretarzem generalnym NATO Stoltenbergiem w Brukseli i z doradc\u0105 prezydenta USA do spraw bezpiecze\u0144stwa, gen. MacMasterem, w Waszyngtonie.<br \/>\n7. Zapowiadana wizyta Sekretarza Stanu USA Tillersona w Warszawie.<\/p>\n<p>To tylko wybrane fakty, jakie zd\u0105\u017cy\u0142em zarejestrowa\u0107. Chocia\u017c niekt\u00f3re z tych spotka\u0144 by\u0142y uzgadniane wcze\u015bniej (wizyta Tillersona, wizyta u MacMastera), to obraz jest wymowny: politycy Prawa i Sprawiedliwo\u015bci, najwy\u017csi \u201eurz\u0119dnicy\u201d (jak z pogard\u0105 m\u00f3wiono do wczoraj o najwa\u017cniejszych politykach unijnych), rozjechali si\u0119 po \u015bwiecie jak do po\u017caru. Gdyby nie by\u0142o po\u017caru, nie pojecha\u0142oby tyle zast\u0119p\u00f3w stra\u017cy ogniowej.<\/p>\n<p>Polscy emisariusze maj\u0105 przed sob\u0105 trzy zadania. Pierwsze: przekonywa\u0107, \u017ce w Polsce ma miejsce dobra zmiana. Przekonywa\u0107, dlaczego zarzuty na temat rzekomego zniszczenia Trybuna\u0142u Konstytucyjnego i zamachu na S\u0105d Najwy\u017cszy oraz KRS, pe\u0142na kontrola medi\u00f3w publicznych etc. s\u0105 nieuzasadnione. Pokaza\u0107, \u017ce ministr\u00f3w najbardziej skonfliktowanych z zagranic\u0105, w tym premier Szyd\u0142o, zast\u0105pili nowi ludzie, zwolennicy dialogu, niesplamieni konfliktem Polski z Uni\u0105 Europejsk\u0105 i z Zachodem.<\/p>\n<p>Drugie \u2013 przeci\u0105gn\u0105\u0107 na polsk\u0105 stron\u0119 co najmniej sze\u015b\u0107 kraj\u00f3w UE, kt\u00f3re w g\u0142osowaniu zablokuj\u0105 procedur\u0119 zastosowan\u0105 wobec Polski. Je\u015bli to si\u0119 uda, to do g\u0142osowania zapewne nie dojdzie, \u017ceby nie powsta\u0142o wra\u017cenie roz\u0142amu na tle polskim.<\/p>\n<p>Trzecie, r\u00f3wnie wa\u017cne zadanie polskiej dyplomacji, to \u201erozpoznanie bojem\u201d, do jakiego stopnia politycy zachodni s\u0105 zdeterminowani powstrzyma\u0107 populistyczny i autokratyczny trend w Europie. Jak pisze ameryka\u0144ski prof. Kupchan w \u201eNew York Timesie\u201d, front walki o warto\u015bci zachodnie przebiega przez Polsk\u0119. Warszawa czeka na wie\u015bci z frontu. Od tego, na ile trafnie i odwa\u017cnie polscy stra\u017cacy po powrocie przeka\u017c\u0105 w Warszawie my\u015bli i uczucia Zachodu w sprawie Polski, na ile \u2013 ich zdaniem &#8211; Zach\u00f3d jest zdeterminowany, na ile elastyczny, jak widzi mo\u017cliwo\u015b\u0107 zachowania twarzy przez obie strony, b\u0119d\u0105 zale\u017ca\u0142y dalsze decyzje Warszawy.<\/p>\n<p>Czy polscy wys\u0142annicy b\u0119d\u0105 mieli odwag\u0119 przekaza\u0107 na Nowogrodzkiej to, co us\u0142ysz\u0105 na Zachodzie, a co mo\u017ce by\u0107 niemi\u0142e, to si\u0119 oka\u017ce. Oby starczy\u0142o odwagi.<\/p>\n","protected":false},"excerpt":{"rendered":"<p>Politycy PiS, najwy\u017csi \u201eurz\u0119dnicy\u201d (jak z pogard\u0105 m\u00f3wiono do wczoraj o najwa\u017cniejszych politykach unijnych), rozjechali si\u0119 po \u015bwiecie jak do po\u017caru.<\/p>\n","protected":false},"author":4,"featured_media":4313,"comment_status":"open","ping_status":"closed","sticky":false,"template":"","format":"standard","meta":{"footnotes":""},"categories":[1],"tags":[],"_links":{"self":[{"href":"https:\/\/blog.polityka.pl\/passent\/wp-json\/wp\/v2\/posts\/4309"}],"collection":[{"href":"https:\/\/blog.polityka.pl\/passent\/wp-json\/wp\/v2\/posts"}],"about":[{"href":"https:\/\/blog.polityka.pl\/passent\/wp-json\/wp\/v2\/types\/post"}],"author":[{"embeddable":true,"href":"https:\/\/blog.polityka.pl\/passent\/wp-json\/wp\/v2\/users\/4"}],"replies":[{"embeddable":true,"href":"https:\/\/blog.polityka.pl\/passent\/wp-json\/wp\/v2\/comments?post=4309"}],"version-history":[{"count":3,"href":"https:\/\/blog.polityka.pl\/passent\/wp-json\/wp\/v2\/posts\/4309\/revisions"}],"predecessor-version":[{"id":4312,"href":"https:\/\/blog.polityka.pl\/passent\/wp-json\/wp\/v2\/posts\/4309\/revisions\/4312"}],"wp:featuredmedia":[{"embeddable":true,"href":"https:\/\/blog.polityka.pl\/passent\/wp-json\/wp\/v2\/media\/4313"}],"wp:attachment":[{"href":"https:\/\/blog.polityka.pl\/passent\/wp-json\/wp\/v2\/media?parent=4309"}],"wp:term":[{"taxonomy":"category","embeddable":true,"href":"https:\/\/blog.polityka.pl\/passent\/wp-json\/wp\/v2\/categories?post=4309"},{"taxonomy":"post_tag","embeddable":true,"href":"https:\/\/blog.polityka.pl\/passent\/wp-json\/wp\/v2\/tags?post=4309"}],"curies":[{"name":"wp","href":"https:\/\/api.w.org\/{rel}","templated":true}]}}