
{"id":4320,"date":"2018-01-22T18:47:58","date_gmt":"2018-01-22T17:47:58","guid":{"rendered":"https:\/\/passent.blog.polityka.pl\/?p=4320"},"modified":"2018-01-22T20:06:14","modified_gmt":"2018-01-22T19:06:14","slug":"gdzie-sa-sluzby-i-policja","status":"publish","type":"post","link":"https:\/\/blog.polityka.pl\/passent\/2018\/01\/22\/gdzie-sa-sluzby-i-policja\/","title":{"rendered":"Gdzie s\u0105 s\u0142u\u017cby i policja?"},"content":{"rendered":"<p>Z Wiertniczej na Rakowieck\u0105? Reporta\u017c TVN z uroczystych obchod\u00f3w urodzin Hitlera przez grup\u0119 jego polskich wielbicieli poszed\u0142 w \u015bwiat, zrelacjonowa\u0142a go agencja Associated Press i inne media. Zn\u00f3w trzeba b\u0119dzie do\u0142o\u017cy\u0107 kilka milion\u00f3w na obron\u0119 wizerunku Polski.<br \/>\n<!--more--><br \/>\nPo\u015br\u00f3d niezliczonych pyta\u0144, jakie si\u0119 nasuwaj\u0105, wybieram jedno: gdzie by\u0142y s\u0142u\u017cby i policja, odpowiedzialne za zwalczanie i penetracj\u0119 \u015brodowisk przest\u0119pczych prowadz\u0105cych dzia\u0142alno\u015b\u0107 sprzeczn\u0105 z prawem, w tym z konstytucj\u0105? Gdzie s\u0105 dymisje odpowiedzialnych? Jeden znakomity reporter potrafi wi\u0119cej ni\u017c ca\u0142a s\u0142u\u017cba do tego przeznaczona. Instytucje pa\u0144stwowe, takie jak IPN, wojewodowie, szko\u0142y, media publiczne, skupione na dekomunizacji umys\u0142\u00f3w, ulic i pomnik\u00f3w, jako\u015b dziwnie ma\u0142o zajmuj\u0105 si\u0119 defaszyzacj\u0105, radykaln\u0105 prawic\u0105, spadkobiercami pogrom\u00f3w, wyznawcami Adolfa. Nie zabrak\u0142o ich na Marszu Niepodleg\u0142o\u015bci.<\/p>\n<p>Czy wystarczy \u201eameryka\u0144ska\u201d TVN, \u017ceby zwalcza\u0107 patologie w Polsce? Je\u015bli tak, to mo\u017ce przenie\u015b\u0107 siedzib\u0119 tej telewizji z ulicy Wiertniczej na Rakowieck\u0105?<\/p>\n<p>Podobn\u0105 bezczynno\u015bci\u0105 i bezradno\u015bci\u0105 wykaza\u0142y si\u0119 s\u0142u\u017cby oraz policja i wreszcie MSWiA w sprawie \u015bmierci Igora Stachowiaka na komendzie policji we Wroc\u0142awiu. Najpierw nic nie wiedzieli (albo milczeli) o brutalnych praktykach sadyst\u00f3w w mundurach na komendzie, w samym sercu policji, potem kr\u0119cili, kto wiedzia\u0142, kto nie wiedzia\u0142, kto ogl\u0105da\u0142 nagranie, a kto nie wie nic o niczym i jest czysty jak \u0142za.<\/p>\n<p>Nie ulega \u017cadnej w\u0105tpliwo\u015bci, \u017ce gdyby nie reporter Wojciech Bojanowski oraz TVN, tragedia na policji pozostawa\u0142aby jeszcze d\u0142ugo nieujawniona. Potrzebny by\u0142 rasowy reporter oraz niezale\u017cna telewizja, \u017ceby prawda wysz\u0142a na jaw. Gdyby nie by\u0142o niezale\u017cnej telewizji, taki reporta\u017c by nie powsta\u0142, bo przecie\u017c TVPiS by sobie na to nie pozwoli\u0142a, a gdyby powsta\u0142, toby pozosta\u0142 na p\u00f3\u0142ce. Odpowiedzialny za prac\u0119 policji minister Zieli\u0144ski pozosta\u0142 na stanowisku i przetrwa\u0142 rekonstrukcj\u0119 rz\u0105du, a minister Mariusz B\u0142aszczak zosta\u0142 ministrem obrony.<\/p>\n<p>Ciekaw jestem informacji, jak\u0105 w sprawie organizacji ekstremistycznych ma w czwartek, 25 stycznia, z\u0142o\u017cy\u0107 w Sejmie nowy szef MSWiA, Joachim Brudzi\u0144ski. Zobaczymy, jak ten problem na\u015bwietli i czy b\u0119dzie si\u0119 kaja\u0142 za resort, kt\u00f3rym jeszcze kilka tygodni temu kierowa\u0142 jego partyjny kolega, B\u0142aszczak.<\/p>\n<p>Mo\u017ce minister Mariusz Kami\u0144ski \u2013 gospodarz s\u0142u\u017cb \u2013 oraz (kolejny) komendant g\u0142\u00f3wny policji zwo\u0142aj\u0105 konferencj\u0119 prasow\u0105, podzi\u0119kuj\u0105 TVN-owi, wr\u0119cz\u0105 odznaczenia autorom demaskatorskich reporta\u017cy i podziel\u0105 si\u0119 refleksjami, jak to si\u0119 dzieje, \u017ce reporterzy i media wyr\u0119czaj\u0105 s\u0142u\u017cby i policj\u0119?<\/p>\n","protected":false},"excerpt":{"rendered":"<p>Jeden znakomity reporter potrafi wi\u0119cej ni\u017c ca\u0142a s\u0142u\u017cba do tego przeznaczona.<\/p>\n","protected":false},"author":4,"featured_media":4325,"comment_status":"open","ping_status":"closed","sticky":false,"template":"","format":"standard","meta":{"footnotes":""},"categories":[1],"tags":[],"_links":{"self":[{"href":"https:\/\/blog.polityka.pl\/passent\/wp-json\/wp\/v2\/posts\/4320"}],"collection":[{"href":"https:\/\/blog.polityka.pl\/passent\/wp-json\/wp\/v2\/posts"}],"about":[{"href":"https:\/\/blog.polityka.pl\/passent\/wp-json\/wp\/v2\/types\/post"}],"author":[{"embeddable":true,"href":"https:\/\/blog.polityka.pl\/passent\/wp-json\/wp\/v2\/users\/4"}],"replies":[{"embeddable":true,"href":"https:\/\/blog.polityka.pl\/passent\/wp-json\/wp\/v2\/comments?post=4320"}],"version-history":[{"count":3,"href":"https:\/\/blog.polityka.pl\/passent\/wp-json\/wp\/v2\/posts\/4320\/revisions"}],"predecessor-version":[{"id":4324,"href":"https:\/\/blog.polityka.pl\/passent\/wp-json\/wp\/v2\/posts\/4320\/revisions\/4324"}],"wp:featuredmedia":[{"embeddable":true,"href":"https:\/\/blog.polityka.pl\/passent\/wp-json\/wp\/v2\/media\/4325"}],"wp:attachment":[{"href":"https:\/\/blog.polityka.pl\/passent\/wp-json\/wp\/v2\/media?parent=4320"}],"wp:term":[{"taxonomy":"category","embeddable":true,"href":"https:\/\/blog.polityka.pl\/passent\/wp-json\/wp\/v2\/categories?post=4320"},{"taxonomy":"post_tag","embeddable":true,"href":"https:\/\/blog.polityka.pl\/passent\/wp-json\/wp\/v2\/tags?post=4320"}],"curies":[{"name":"wp","href":"https:\/\/api.w.org\/{rel}","templated":true}]}}