
{"id":434,"date":"2008-04-16T13:08:42","date_gmt":"2008-04-16T11:08:42","guid":{"rendered":"http:\/\/passent.blog.polityka.pl\/?p=434"},"modified":"2008-04-16T13:08:42","modified_gmt":"2008-04-16T11:08:42","slug":"wizerunek-%e2%80%93-tak-pomnik-nie","status":"publish","type":"post","link":"https:\/\/blog.polityka.pl\/passent\/2008\/04\/16\/wizerunek-%e2%80%93-tak-pomnik-nie\/","title":{"rendered":"Wizerunek \u2013 tak, pomnik &#8211; nie"},"content":{"rendered":"<p><strong>JESTEM ZA TYM<\/strong>, \u017ceby Ewa Sowi\u0144ska, rzecznik praw dziecka, nadal korzysta\u0142a z pomocy specjalist\u00f3w od wizerunku publicznego. Pierwsze rezultaty mo\u017cna by\u0142o obejrze\u0107 w rozmowie z Monik\u0105 Olejnik w \u201eKropce nad i\u201d. Zamiast surowej, bojowej, bezkompromisowej, zakutej w rycersk\u0105 zbroj\u0119 obro\u0144czyni warto\u015bci, zobaczyli\u015bmy otwart\u0105, ciep\u0142\u0105 pani\u0105, kt\u00f3ra kocha Teletubisie, dzieli si\u0119 swoimi troskami (\u201eJak by\u0107 kochan\u0105\u201d) i wyci\u0105ga wnioski z przesz\u0142o\u015bci (dba\u0107 o media). Czyli wi\u0119cej z Tuska, mniej z Giertycha i z braci Kaczy\u0144skich.<\/p>\n<p>Gdyby z pomocy spin doktora skorzysta\u0142 cynik z lewicy albo z Platformy, to nie by\u0142oby takie dziwne. Panowie Olejniczak i Napieralski m\u00f3wi\u0105 otwarcie: Maria\u017c z Demokratami &#8211; czyli otwarcie na centrum \u2013 nie op\u0142aci\u0142 si\u0119, wi\u0119c trzeba zmieni\u0107\u2026 pogl\u0105dy i sojusznik\u00f3w. Teraz to maj\u0105 by\u0107 zwi\u0105zki zawodowe i ludzie pracy, a nie \u017cadni Demokraci, kt\u00f3rych mo\u017cna policzy\u0107 na palcach. W roli spin doktora wyst\u0105pi\u0142 S\u0142awomir Sierakowski. Jego pacjenci przynajmniej nie udaj\u0105, \u017ce maj\u0105 pogl\u0105dy. Ale pos\u0142anka LPR \u2013 partii, kt\u00f3ra wierzy w warto\u015bci \u2013 u wiza\u017cysty, to troch\u0119 dziwne.<\/p>\n<p>Nie ma jednak tego z\u0142ego, co by na dobre nie wysz\u0142o. Je\u017celi wszyscy politycy b\u0119d\u0105 korzysta\u0107 z pomocy politycznych stylist\u00f3w, to by\u0107 mo\u017ce b\u0119dzie mniej awantur, mniej k\u0142\u00f3tni, a w polityce i w mediach powr\u00f3ci model Kuronia, Mazowieckiego, Chrzanowskiego i Kwa\u015bniewskiego \u2013 mniej agresji, wi\u0119cej zrozumienia. Natomiast model Jaros\u0142awa Kaczy\u0144skiego i \u201edawnego Stefana Niesio\u0142owskiego\u201d (\u201edawnego\u201d, bo obecny, jako wicemarsza\u0142ek, bardzo z\u0142agodnia\u0142), odejdzie w przesz\u0142o\u015b\u0107. Tinky Winky na pewno ucieszy si\u0119 z przemiany Ewy Sowi\u0144skiej. Poniewa\u017c coraz wi\u0119cej polityk\u00f3w korzysta z us\u0142ug kreator\u00f3w wizerunku, rzecz\u0105 wyborc\u00f3w b\u0119dzie odr\u00f3\u017cnia\u0107 makija\u017c od prawdy. Lepsze to ni\u017c nieustanne awantury.\u00a0\u00a0<\/p>\n<p><strong>JESTEM NATOMIAST PRZECIW<\/strong> idei budowy pomnika Ronalda Reagana w samym centrum stolicy, na najlepszej mo\u017cliwej dzia\u0142ce, przy ul. Matejki, pomi\u0119dzy Sejmem a ambasad\u0105 ameryka\u0144sk\u0105. Ide\u0119 t\u0119 rzuci\u0142 biznesmen Janusz Dorosiewicz, kt\u00f3rego pami\u0119tam jako honorowego asystenta Wojciecha Fibaka; pasjonowa\u0142y go wtedy korty, pi\u0142ki, rakiety i turnieje. A tu nagle Ronald Reagan! Wystarczy popatrze\u0107 na szkaradny pomnik de Gaulle\u2019a jak wci\u015bni\u0119ty w naro\u017cnik defiluje przed gmachem dawnego KC, \u017ceby przesz\u0142a ochota na prezydenta USA, ukrytego w niewielkim parku, tu\u017c obok ambasad Kanady, Francji i Niemiec. I to ma by\u0107 jeszcze pomnik bez konkursu, zlecony przez dawc\u00f3w i sponsor\u00f3w. Je\u015bli Ronald Reagan musi mie\u0107 pomnik w Warszawie, bo ma zas\u0142ugi w obaleniu komunizmu, to bardziej widzia\u0142bym go na Polach Mokotowskich, kt\u00f3re przypominaj\u0105 jego ulubiony Dziki Zach\u00f3d, gdzie dobro zwyci\u0119\u017ca z\u0142o, a nie w cieniu pomnika Armii Krajowej. Mam nadziej\u0119, \u017ce Hanna Gronkiewicz &#8211; Waltz nie ugnie si\u0119 przed pot\u0119\u017cnym lobby ameryka\u0144skim. Poza tym, ile mo\u017cna mie\u0107 pomnik\u00f3w? Moim zdaniem, bardziej na pomnik zas\u0142uguje Jaros\u0142aw Kaczy\u0144ski \u2013 grabarz IV RP. Donald Tusk ch\u0119tnie go ods\u0142oni.<\/p>\n","protected":false},"excerpt":{"rendered":"<p>JESTEM ZA TYM, \u017ceby Ewa Sowi\u0144ska, rzecznik praw dziecka, nadal korzysta\u0142a z pomocy specjalist\u00f3w od wizerunku publicznego. Pierwsze rezultaty mo\u017cna by\u0142o obejrze\u0107 w rozmowie z Monik\u0105 Olejnik w \u201eKropce nad i\u201d. Zamiast surowej, bojowej, bezkompromisowej, zakutej w rycersk\u0105 zbroj\u0119 obro\u0144czyni warto\u015bci, zobaczyli\u015bmy otwart\u0105, ciep\u0142\u0105 pani\u0105, kt\u00f3ra kocha Teletubisie, dzieli si\u0119 swoimi troskami (\u201eJak by\u0107 kochan\u0105\u201d) [&hellip;]<\/p>\n","protected":false},"author":4,"featured_media":0,"comment_status":"open","ping_status":"open","sticky":false,"template":"","format":"standard","meta":{"footnotes":""},"categories":[1],"tags":[],"_links":{"self":[{"href":"https:\/\/blog.polityka.pl\/passent\/wp-json\/wp\/v2\/posts\/434"}],"collection":[{"href":"https:\/\/blog.polityka.pl\/passent\/wp-json\/wp\/v2\/posts"}],"about":[{"href":"https:\/\/blog.polityka.pl\/passent\/wp-json\/wp\/v2\/types\/post"}],"author":[{"embeddable":true,"href":"https:\/\/blog.polityka.pl\/passent\/wp-json\/wp\/v2\/users\/4"}],"replies":[{"embeddable":true,"href":"https:\/\/blog.polityka.pl\/passent\/wp-json\/wp\/v2\/comments?post=434"}],"version-history":[{"count":0,"href":"https:\/\/blog.polityka.pl\/passent\/wp-json\/wp\/v2\/posts\/434\/revisions"}],"wp:attachment":[{"href":"https:\/\/blog.polityka.pl\/passent\/wp-json\/wp\/v2\/media?parent=434"}],"wp:term":[{"taxonomy":"category","embeddable":true,"href":"https:\/\/blog.polityka.pl\/passent\/wp-json\/wp\/v2\/categories?post=434"},{"taxonomy":"post_tag","embeddable":true,"href":"https:\/\/blog.polityka.pl\/passent\/wp-json\/wp\/v2\/tags?post=434"}],"curies":[{"name":"wp","href":"https:\/\/api.w.org\/{rel}","templated":true}]}}