
{"id":4353,"date":"2018-02-07T23:14:04","date_gmt":"2018-02-07T22:14:04","guid":{"rendered":"https:\/\/passent.blog.polityka.pl\/?p=4353"},"modified":"2018-02-08T07:31:27","modified_gmt":"2018-02-08T06:31:27","slug":"geniusze-dobrego-imienia","status":"publish","type":"post","link":"https:\/\/blog.polityka.pl\/passent\/2018\/02\/07\/geniusze-dobrego-imienia\/","title":{"rendered":"Geniusze dobrego imienia"},"content":{"rendered":"<p>Ryszard Czarnecki, odwo\u0142any ze stanowiska jednego z 14 wiceprzewodnicz\u0105cych Parlamentu Europejskiego, powinien si\u0119 wstydzi\u0107. Powinien, ale nie okaza\u0142 najmniejszej skruchy, tylko moc tupetu.<br \/>\n<!--more--><br \/>\nM\u00f3wi, \u017ce atak na niego to atak na Polsk\u0119. Co za pysza\u0142ek! Degradacja wiceprzewodnicz\u0105cego to dla Polski nieprzyjemno\u015b\u0107, ale i dobra wiadomo\u015b\u0107, nie b\u0119dziemy reprezentowani na tak wysokim szczeblu przez osobnika, kt\u00f3ry jest zdolny do takiego chamstwa jak por\u00f3wnanie polskiej deputowanej do szmalcownik\u00f3w.<\/p>\n<p>Za granic\u0105 wstyd, niestety niejedyny. Zaledwie kilka miesi\u0119cy temu wprowadzono zmiany w rz\u0105dzie, kt\u00f3re mia\u0142y m.in. poprawi\u0107 katastrofalny wizerunek Polski i stosunki z innymi krajami. Miejsce powiatowej premier zaj\u0105\u0142 premier \u015bwiatowiec, miejsce nieobliczalnego i aroganckiego ministra spraw zagranicznych \u2013 spokojny fachowiec.<\/p>\n<p>Niestety, zanim zd\u0105\u017cyli poprawi\u0107 wizerunek (a to jest zaj\u0119cie na lata), Polska na w\u0142asne \u017cyczenie spad\u0142a jeszcze ni\u017cej w hierarchii pa\u0144stw cenionych i lubianych. Pow\u00f3d? Beznadziejna, spartaczona ustawa o IPN, kt\u00f3r\u0105 sam b. premier Jan Olszewski nazwa\u0142 bublem prawnym. (Ciekawe, kim s\u0105 autorzy ustawy, kto j\u0105 napisa\u0142? \u015awirski? Jaki?). Je\u017celi ju\u017c rz\u0105d chcia\u0142 penalizowa\u0107 za \u201epolskie obozy\u201d, to nale\u017ca\u0142o to napisa\u0107 i uchwali\u0107 wprost, \u015bwiat by to zrozumia\u0142 i nie zwr\u00f3ci\u0142 uwagi, bo tych, kt\u00f3rzy nie wiedz\u0105, czyje by\u0142y obozy, nie ma wielu.<\/p>\n<p>Niestety, naszym geniuszom dobrego imienia to by\u0142o za ma\u0142o, zacz\u0119li dodawa\u0107 i rozszerza\u0107 ustaw\u0119 tak niejasno, nieprecyzyjnie i gro\u017anie, \u017ce wywo\u0142ali skandal, kt\u00f3rego Polska Fundacja Narodowa (ta od wizerunku) d\u0142ugo nie wyma\u017ce.<\/p>\n<p>Prezydent Duda fataln\u0105 ustaw\u0119, niestety, podpisa\u0142 &#8211; i wykona\u0142 zaledwie p\u00f3\u0142 kroku wstecz, zwracaj\u0105c si\u0119 do TK o pewne klaryfikacje. To ma\u0142o, du\u017co za ma\u0142o. Widocznie jednak Duda obliczy\u0142, \u017ce wi\u0119cej nie mo\u017ce narazi\u0107 si\u0119 prezesowi i jego dru\u017cynie \u2013 jak usun\u0105\u0142 Macierewicza, to nie mo\u017ce na dok\u0142adk\u0119 podwa\u017cy\u0107 ustawy i nie oburza\u0107 si\u0119 na rozmaite, nieoparte na faktach wersje historii II wojny. Chyba premier Olszewski mia\u0142 racj\u0119, \u017ce Duda musia\u0142 ustaw\u0119 podpisa\u0107, ale (jak s\u0105dz\u0119) powinien j\u0105 skierowa\u0107 do TK w ca\u0142o\u015bci, najlepiej przed jej podpisaniem, ale to ju\u017c wymaga\u0142o odwagi. Nie by\u0142o o ni\u0105 \u0142atwo, skoro mot\u0142och domaga\u0142 si\u0119, \u017ceby prezydent zdj\u0105\u0142 jarmu\u0142k\u0119.<\/p>\n<p>Reakcja zagranicy (wszak chodzi m.in. o wizerunek) jest ch\u0142odna. Nasz g\u0142\u00f3wny sojusznik, Rex Tillerson, sekretarz stanu USA, kt\u00f3ry kilka dni temu by\u0142 w Polsce, powiedzia\u0142: \u201eStany Zjednoczone s\u0105 rozczarowane, \u017ce prezydent Polski podpisa\u0142 legislacj\u0119, kt\u00f3ra zak\u0142ada kary kryminalne za przypisywanie zbrodni nazistowskich pa\u0144stwu polskiemu. Rozumiemy, \u017ce ustawa zostanie przekazana do polskiego Trybuna\u0142u Konstytucyjnego. Wprowadzenie w \u017cycie tej ustawy wp\u0142ynie negatywnie na wolno\u015b\u0107 s\u0142owa i docieka\u0144 naukowych\u201d. USA potwierdzaj\u0105, \u017ce okre\u015blenia takie jak \u201epolskie obozy \u015bmierci\u201d s\u0105 bolesne i nieprawdziwe, ale \u201euwa\u017camy, \u017ce najlepszym sposobem ich zwalczania s\u0105 otwarta debata, badania naukowe i edukacja\u201d.<\/p>\n<p>Wizerunek Polski, i tak ju\u017c w ruinie z powodu \u201edobrej zmiany\u201d wymiaru sprawiedliwo\u015bci, medi\u00f3w publicznych, g\u0142osowania 27:1 i wielu innych, musi przyj\u0105\u0107 jeszcze jeden cios: fataln\u0105 ustaw\u0119, kt\u00f3ra zaowocowa\u0142a odnow\u0105 antagonizmu, stereotyp\u00f3w, antysemityzmu, co nas w Stanach dodatkowo obci\u0105\u017ca. Od 1989 roku nie by\u0142o w\u0142adzy tak szkodliwej dla wizerunku Polski.<\/p>\n<p>Izrael okaza\u0142 si\u0119 bardziej koncyliacyjny, ale to nie jest supermocarstwo i ma w Polsce wa\u017cne sprawy, nie mo\u017ce nas po prostu beszta\u0107. MSZ tego kraju \u201ewyrazi\u0142 nadziej\u0119\u201d, \u017ce badanie i ocalenie historii Holocaustu jest wsp\u00f3lnym obowi\u0105zkiem obu pa\u0144stw, i \u201ema nadziej\u0119\u201d, \u017ce do zako\u0144czenia obrad TK \u201euda si\u0119 porozumie\u0107 co do zmian i poprawek\u201d.<\/p>\n<p>Naprzeciw Polsce wysz\u0142y Niemcy. Minister spraw zagranicznych Sigmar Gabriel potwierdzi\u0142 w ca\u0142ej rozci\u0105g\u0142o\u015bci wy\u0142\u0105czn\u0105 odpowiedzialno\u015b\u0107 Niemiec za  Holocaust. Ciekawe, co na ten temat napisz\u0105 przysi\u0119gli krytycy Berlina. Na razie milcz\u0105 i rysuj\u0105 karykatury Merkel i demonicznego Schulza.<\/p>\n<p>O ile Izrael i Niemcy maj\u0105 zwi\u0105zane r\u0119ce w sprawach polskich, o tyle Francja mo\u017ce si\u0119 nie kr\u0119powa\u0107. Nowelizacja ustawy o IPN jest \u201eniew\u0142a\u015bciwa\u201d i \u201egodna pot\u0119pienia\u201d \u2013 powiedzia\u0142 minister spraw zagranicznych Le Drian. &#8222;Nie nale\u017cy pisa\u0107 historii na nowo, to nigdy nie jest dobre&#8221; \u2013 doda\u0142. Wyrazi\u0142 nadziej\u0119, \u017ce \u201epresja moralna b\u0119dzie wystarczaj\u0105co silna\u201d, i \u017ce nar\u00f3d polski b\u0119dzie umia\u0142 zmieni\u0107 zdanie i sprawi\u0107, \u017ce w ci\u0105gu nast\u0119pnych kilku dni \u201euwolni si\u0119 z tych okow\u00f3w na\u0142o\u017conych mu przez godne po\u017ca\u0142owania opcje nacjonalistyczne\u201d.<\/p>\n<p>Niestety, po\u017ca\u0142owania godna opcja nacjonalistyczna cieszy si\u0119 w Polsce znacznym poparciem, dzi\u0119ki kt\u00f3remu PiS and Co. stara si\u0119 zdoby\u0107<br \/>\nwi\u0119kszo\u015b\u0107 konstytucyjn\u0105, ale to ju\u017c inna sprawa. Adieu!<\/p>\n<p>(Korzysta\u0142em z materia\u0142\u00f3w amb. Marka Greli na FB. Dzi\u0119kuj\u0119!).<\/p>\n","protected":false},"excerpt":{"rendered":"<p>Niestety, po\u017ca\u0142owania godna opcja nacjonalistyczna cieszy si\u0119 w Polsce znacznym poparciem.<\/p>\n","protected":false},"author":4,"featured_media":4359,"comment_status":"open","ping_status":"closed","sticky":false,"template":"","format":"standard","meta":{"footnotes":""},"categories":[1],"tags":[],"_links":{"self":[{"href":"https:\/\/blog.polityka.pl\/passent\/wp-json\/wp\/v2\/posts\/4353"}],"collection":[{"href":"https:\/\/blog.polityka.pl\/passent\/wp-json\/wp\/v2\/posts"}],"about":[{"href":"https:\/\/blog.polityka.pl\/passent\/wp-json\/wp\/v2\/types\/post"}],"author":[{"embeddable":true,"href":"https:\/\/blog.polityka.pl\/passent\/wp-json\/wp\/v2\/users\/4"}],"replies":[{"embeddable":true,"href":"https:\/\/blog.polityka.pl\/passent\/wp-json\/wp\/v2\/comments?post=4353"}],"version-history":[{"count":6,"href":"https:\/\/blog.polityka.pl\/passent\/wp-json\/wp\/v2\/posts\/4353\/revisions"}],"predecessor-version":[{"id":4360,"href":"https:\/\/blog.polityka.pl\/passent\/wp-json\/wp\/v2\/posts\/4353\/revisions\/4360"}],"wp:featuredmedia":[{"embeddable":true,"href":"https:\/\/blog.polityka.pl\/passent\/wp-json\/wp\/v2\/media\/4359"}],"wp:attachment":[{"href":"https:\/\/blog.polityka.pl\/passent\/wp-json\/wp\/v2\/media?parent=4353"}],"wp:term":[{"taxonomy":"category","embeddable":true,"href":"https:\/\/blog.polityka.pl\/passent\/wp-json\/wp\/v2\/categories?post=4353"},{"taxonomy":"post_tag","embeddable":true,"href":"https:\/\/blog.polityka.pl\/passent\/wp-json\/wp\/v2\/tags?post=4353"}],"curies":[{"name":"wp","href":"https:\/\/api.w.org\/{rel}","templated":true}]}}