
{"id":4361,"date":"2018-02-11T21:43:21","date_gmt":"2018-02-11T20:43:21","guid":{"rendered":"https:\/\/passent.blog.polityka.pl\/?p=4361"},"modified":"2018-02-11T23:23:53","modified_gmt":"2018-02-11T22:23:53","slug":"zaglada-przedmiotem-zazdrosci","status":"publish","type":"post","link":"https:\/\/blog.polityka.pl\/passent\/2018\/02\/11\/zaglada-przedmiotem-zazdrosci\/","title":{"rendered":"Zag\u0142ada przedmiotem zazdro\u015bci"},"content":{"rendered":"<p>&#8222;Antysemityzm jest chorob\u0105&#8221; \u2013 m\u00f3wi\u0142 ostatnio Jaros\u0142aw Kaczy\u0144ski. Chyba nie bez powodu poruszy\u0142 ten temat. Ca\u0142a w tym nadzieja, \u017ce za tymi s\u0142owami p\u00f3jd\u0105 czyny, bo jak na razie nie jest w tej sprawie konsekwentny. Bez zgody Kaczy\u0144skiego ustawa nie by\u0142aby przyj\u0119ta w brawurowym tempie, jak gdyby chodzi\u0142o o gaszenie po\u017caru.<br \/>\n<!--more--><br \/>\nI faktycznie, grunt pod autorami i sponsorami ustawy zacz\u0105\u0142 si\u0119 pali\u0107. Pierwsi powinni go pos\u0142ucha\u0107 ci, kt\u00f3rzy (niekoniecznie celowo i \u015bwiadomie, mo\u017ce z braku rozumu i wyobra\u017ani) rozp\u0119tali kolejn\u0105 ods\u0142on\u0119 antysemityzmu. Autorzy nowelizacji ustawy o IPN, czyli cz\u0142onkowie rz\u0105du (m.in. Jaki?) oraz bliscy mu aktywi\u015bci frontu godno\u015bci, wstawania z kolan, dobrego wizerunku Polski, Narodowej Fundacji Polski i medi\u00f3w, kt\u00f3re wypisuj\u0105 najgorsze g\u0142upstwa o niewdzi\u0119cznych \u017bydach, kt\u00f3rzy chc\u0105 zrujnowa\u0107 Polsk\u0119.<\/p>\n<p>Oto na przyk\u0142ad prof. Andrzej Zybertowicz, doradca prezydenta Dudy, wyst\u0105pi\u0142 w tych dniach z tez\u0105, \u017ce antypolonizm w Izraelu bierze si\u0119 z poczucia wstydu za bierno\u015b\u0107 \u017byd\u00f3w w czasie Holocaustu. To forma odreagowania &#8211; m\u00f3wi\u0142. Zdaniem doradcy prezydenta Dudy \u017bydzi, \u201ebodaj w podobnym stopniu jak Polacy, nie rozliczyli si\u0119 z pami\u0119ci\u0105 o w\u0142asnych kolaborantach\u201d.<\/p>\n<p>W odr\u00f3\u017cnieniu od prof. Zybertowicza, kt\u00f3ry swoje w\u0105tpliwe pogl\u0105dy s\u0105czy do ucha prezydenta, ja nie znam na tyle dobrze pi\u015bmiennictwa izraelskiego, \u017ceby oceni\u0107, na ile si\u0119 rozliczyli. Natomiast spotykam si\u0119 nie po raz pierwszy z zarzutem bierno\u015bci \u017byd\u00f3w wobec okupanta. \u017bydzi pozwolili si\u0119 zagoni\u0107 i zamkn\u0105\u0107 w gettach, gdzie pocz\u0105tkowo \u201ekolaborowali\u201d, mieli sw\u00f3j samorz\u0105d, policj\u0119 etc., poniewa\u017c nie mieli innego wyj\u015bcia. Pozostanie po aryjskiej stronie grozi\u0142o nieuchronn\u0105 \u015bmierci\u0105 z r\u0105k hitlerowc\u00f3w oraz ich pomagier\u00f3w, grozi\u0142o \u015bmierci\u0105 ka\u017cdemu, kto by im pom\u00f3g\u0142. Do ostatniej chwili \u015bciskali swoje dzieci, patrzyli na g\u0142odow\u0105 \u015bmier\u0107 swoich bliskich, matek i ojc\u00f3w, nie mieli broni, nie mieli wsparcia, nie mieli nadziei na pomoc z zewn\u0105trz, na zrzuty z powietrza, a \u015bwiat pozostawa\u0142 \u015blepy i g\u0142uchy na Zag\u0142ad\u0119. Po obu stronach muru nie by\u0142o nadziei. Pytam prof. Zybertowicza, w jaki spos\u00f3b ich duchy i szkielety mog\u0142y by\u0107 aktywne &#8211; poza tym, co zrobi\u0142 Szmul Zygielbojm, i poza strace\u0144czymi bohaterami powstania w Getcie? Tysi\u0105ce Polak\u00f3w wywiezionych czy zastrzelonych w Zwi\u0105zku Radzieckim te\u017c nie mog\u0142y si\u0119 broni\u0107.<\/p>\n<p>W tym sporze wyra\u017anie wida\u0107 \u2013 pisze profesor \u2013 \u017ce \u201eIzrael walczy o to, by zbudowa\u0107 monopol na Holocaust, nie chce, \u017ceby Polska co\u015b z niego uszczkn\u0119\u0142a\u201d. Nie rozumiem, co panu profesorowi to uto\u017csamianie si\u0119 \u017byd\u00f3w z Zag\u0142ad\u0105 przeszkadza? Holocaust (jeszcze nie pod t\u0105 nazw\u0105) od pocz\u0105tku by\u0142 pomy\u015blany jako \u201eostateczne rozwi\u0105zanie kwestii \u017cydowskiej\u201d, czyli Zag\u0142ada. Takie plany wobec innych narod\u00f3w podbitej Europy nie istnia\u0142y \u2013 S\u0142owianie, w tym Polacy, Rosjanie, mieli by\u0107 zredukowani do podludzi, do si\u0142y roboczej, kt\u00f3ra b\u0119dzie budowa\u0107 Rzesz\u0119, a\u017c umrze z g\u0142odu i z wycie\u0144czenia. Bezmiar i tragedia Zag\u0142ady uczyni\u0142y z niej religi\u0119, racj\u0119 bytu narodu i formuj\u0105cego si\u0119 pa\u0144stwa \u017cydowskiego.<\/p>\n<p>Inne narody, Polacy, Rosjanie, maj\u0105 w\u0142asne do\u015bwiadczenie, zajmowa\u0142y inne miejsce w planach hitlerowskich i w ich niemieckiej egzekucji. Nie rozumiem, dlaczego odmawia\u0107 \u017bydom \u201emonopolu\u201d na Holocaust, skoro ich dotyczy\u0142, a inni mog\u0105 piel\u0119gnowa\u0107 swoj\u0105, nasz\u0105, polsk\u0105 spu\u015bcizn\u0119 i pami\u0119\u0107. Nie rozumiem, dlaczego Polska \u2013 jak pisze prof. Zybertowicz \u2013 mia\u0142aby \u201eco\u015b uszczkn\u0105\u0107\u201d z Holocaustu, a w \u015blad za Polsk\u0105 p\u00f3jd\u0105 inne narody, a\u017c do ca\u0142kowitego rozbioru Zag\u0142ady. Czy mo\u017ce o to w\u0142a\u015bnie chodzi?<\/p>\n<p>Prof. Zybertowicz twierdzi, \u017ce \u201ebrutalne rozprawianie si\u0119 z Palesty\u0144czykami czy Hezbollahem to tak\u017ce forma odreagowania. Powiedzenie samym sobie: ju\u017c nigdy nie p\u00f3jdziemy jak owce na rze\u017a\u201d. Jestem got\u00f3w w to uwierzy\u0107, co prawda nie mamy na to dowod\u00f3w, gdy\u017c ka\u017cda wojna jest okrutna, tak\u017ce terroryzm, wojna na Ba\u0142kanach, wysadzanie autobus\u00f3w szkolnych, egzekucje na przystankach autobusowych. Ich sprawcom r\u00f3wnie\u017c nie spos\u00f3b odm\u00f3wi\u0107 silnej motywacji.<\/p>\n<p>Dzia\u0142ania Izraela nie s\u0105 prowadzone tylko w dobrej wierze \u2013 ostrzega p. Zybertowicz, maj\u0105c zapewne na my\u015bli trwaj\u0105c\u0105 tam kampani\u0119 wyborcz\u0105 i granie polsk\u0105 kart\u0105. Niewykluczone, \u017ce tak jest. Politycy nie maj\u0105 skrupu\u0142\u00f3w. Tak jak trudno w\u0105tpi\u0107, \u017ce nowelizacja ustawy o IPN obliczona jest na rynek wewn\u0119trzny, nie chodzi o autor\u00f3w w Kanadzie czy w Meksyku, ale o zastraszenie autorek i autor\u00f3w polskich, mo\u017ce tak\u017ce wydawc\u00f3w i nadawc\u00f3w. Chodzi o to, by na prawo od PiS nie powsta\u0142 \u017caden polski Jobbik. Chodzi tak\u017ce o to, by prezes m\u00f3g\u0142 powiedzie\u0107: Macierewicza musia\u0142em odsun\u0105\u0107, ale patriot\u0105 pozostaj\u0119 niewzruszonym.<\/p>\n<p><strong>Zaproszenie<\/strong><br \/>\nAdam Krzemi\u0144ski i Bartosz Wieli\u0144ski b\u0119d\u0105 naszymi go\u015b\u0107mi w Radiu TOK FM we wtorek. 13 lutego. o godz. 20.05. SPD kaputt?<\/p>\n","protected":false},"excerpt":{"rendered":"<p>Spotykam si\u0119 nie po raz pierwszy z zarzutem bierno\u015bci \u017byd\u00f3w wobec okupanta.<\/p>\n","protected":false},"author":4,"featured_media":4369,"comment_status":"open","ping_status":"closed","sticky":false,"template":"","format":"standard","meta":{"footnotes":""},"categories":[1],"tags":[],"_links":{"self":[{"href":"https:\/\/blog.polityka.pl\/passent\/wp-json\/wp\/v2\/posts\/4361"}],"collection":[{"href":"https:\/\/blog.polityka.pl\/passent\/wp-json\/wp\/v2\/posts"}],"about":[{"href":"https:\/\/blog.polityka.pl\/passent\/wp-json\/wp\/v2\/types\/post"}],"author":[{"embeddable":true,"href":"https:\/\/blog.polityka.pl\/passent\/wp-json\/wp\/v2\/users\/4"}],"replies":[{"embeddable":true,"href":"https:\/\/blog.polityka.pl\/passent\/wp-json\/wp\/v2\/comments?post=4361"}],"version-history":[{"count":6,"href":"https:\/\/blog.polityka.pl\/passent\/wp-json\/wp\/v2\/posts\/4361\/revisions"}],"predecessor-version":[{"id":4367,"href":"https:\/\/blog.polityka.pl\/passent\/wp-json\/wp\/v2\/posts\/4361\/revisions\/4367"}],"wp:featuredmedia":[{"embeddable":true,"href":"https:\/\/blog.polityka.pl\/passent\/wp-json\/wp\/v2\/media\/4369"}],"wp:attachment":[{"href":"https:\/\/blog.polityka.pl\/passent\/wp-json\/wp\/v2\/media?parent=4361"}],"wp:term":[{"taxonomy":"category","embeddable":true,"href":"https:\/\/blog.polityka.pl\/passent\/wp-json\/wp\/v2\/categories?post=4361"},{"taxonomy":"post_tag","embeddable":true,"href":"https:\/\/blog.polityka.pl\/passent\/wp-json\/wp\/v2\/tags?post=4361"}],"curies":[{"name":"wp","href":"https:\/\/api.w.org\/{rel}","templated":true}]}}