
{"id":4380,"date":"2018-02-19T23:24:05","date_gmt":"2018-02-19T22:24:05","guid":{"rendered":"https:\/\/passent.blog.polityka.pl\/?p=4380"},"modified":"2018-02-20T07:54:22","modified_gmt":"2018-02-20T06:54:22","slug":"gluchy-telefon-2","status":"publish","type":"post","link":"https:\/\/blog.polityka.pl\/passent\/2018\/02\/19\/gluchy-telefon-2\/","title":{"rendered":"G\u0142uchy telefon"},"content":{"rendered":"<p>Nie spos\u00f3b zliczy\u0107, ile razy rozmawiali ze sob\u0105 w tych dniach premierzy Polski i Izraela. Z polskich medi\u00f3w wynika, \u017ce kilkakrotnie, dialog trwa i b\u0119dzie trwa\u0142. \u201eWszystko dzia\u0142a\u201d i \u201eprzed Polsk\u0105 pi\u0119kny czas\u201d \u2013 jak m\u00f3wi wicemarsza\u0142ek Terlecki. Oby tak by\u0142o. Nie jest to jednak takie pewne, poniewa\u017c mimo znajomo\u015bci angielskiego te rozmowy przypominaj\u0105 g\u0142uchy telefon.<br \/>\n<!--more--><br \/>\nNetanjahu jest oburzony za wymienianie jednym tchem \u201esprawc\u00f3w\u201d polskich, niemieckich, \u017cydowskich i ukrai\u0144skich, a Morawiecki nie rozumie, sk\u0105d ten rejwach, i ani my\u015bli przeprasza\u0107, za\u015b jego partyjni koledzy, np. minister Sasin i inni, twierdz\u0105, \u017ce polski premier powiedzia\u0142 prawd\u0119, wi\u0119c o co chodzi?<\/p>\n<p>Moim zdaniem obok przyczyn banalnych (ka\u017cdy premier liczy, \u017ce mu to przysporzy zwolennik\u00f3w w kraju, w Polsce \u2013 niestety &#8211; tak) s\u0105 i przyczyny g\u0142\u0119bsze. Pierwsz\u0105 jest ignorancja. Premier Morawiecki chyba nie wie, jak\u0105 rol\u0119 w \u015bwiadomo\u015bci (a mo\u017ce i w pod\u015bwiadomo\u015bci) kolejnych pokole\u0144 \u017byd\u00f3w na ca\u0142ym \u015bwiecie odgrywa Zag\u0142ada, Holocaust. Podam drobny przyk\u0142ad. Ka\u017cdego roku grupy m\u0142odzie\u017cy izraelskiej przyje\u017cd\u017caj\u0105 do Auschwitz, jedna taka podr\u00f3\u017c jest podobno obowi\u0105zkowa, czemu bym si\u0119 nie dziwi\u0142. I co roku po stronie polskiej pojawia si\u0119 postulat, \u017ceby m\u0142odzi Izraelczycy, niejako przy okazji, zwiedzili nie tylko niemiecki, nazistowski ob\u00f3z zag\u0142ady, ale i kawa\u0142ek Polski \u2013 nowej, rozwijaj\u0105cej si\u0119 itp. A Izraelczycy nie chc\u0105 wst\u0105pi\u0107 nawet do Wieliczki.<\/p>\n<p>Dlaczego? Moim zdaniem nie tylko ze wzgl\u0119du na bezpiecze\u0144stwo uczestnik\u00f3w, ale dlatego, \u017ce dla nich podr\u00f3\u017c do Auschwitz to jest pielgrzymka, wyjazd na tamten \u015bwiat, do piek\u0142a, a nie wycieczka turystyczna, w trakcie kt\u00f3rej mo\u017cna jeszcze zaliczy\u0107 Krak\u00f3w czy Zakopane. Holocaust jest dla nich \u015bwi\u0119ty, obok religii jest jednym z filar\u00f3w pa\u0144stwa i \u015bwiadomo\u015bci \u017cydowskiej. Argumenty w rodzaju \u201eale przecie\u017c byli jeszcze Polacy, Rosjanie, Cyganie, Judenraty i policja \u017cydowska, byli tak\u017ce sprawiedliwi\u201d to jest rozmowa z innego porz\u0105dku, buchalteria, a nie najwi\u0119ksza i jedyna taka zbrodnia na \u015bwiecie. Mury getta nie by\u0142y granic\u0105 pomi\u0119dzy Holocaustem a \u017byciem. Po aryjskiej stronie by\u0142a przynajmniej jaka\u015b szansa prze\u017cycia, i garstka z nas prze\u017cy\u0142a, ale tylko garstka. A pozostali?<\/p>\n<p>Dlatego m\u00f3wienie o r\u00f3\u017cnych sprawcach, liczenie ofiar, licytacja cierpie\u0144, liczby, miejscowo\u015bci, winni \u2013 niewinni, to wszystko g\u0142uchy telefon. Polski premier powinien o tym wiedzie\u0107.<\/p>\n<p>Prawda powoli chyba zaczyna dociera\u0107 nawet do PiS. Ryszard Terlecki, wicemarsza\u0142ek, od kt\u00f3rego nigdy nie s\u0142ysza\u0142em czego\u015b, co nie budzi sprzeciwu, ostatnio powiedzia\u0142: \u201eNie byli\u015bmy przygotowani. Zawi\u00f3d\u0142 nas instynkt, kt\u00f3ry powinien ostrzec, \u017ce co\u015b takiego mo\u017ce wybuchn\u0105\u0107&#8230; Nikt nie pomy\u015bla\u0142 o tym, \u017ce dzie\u0144 g\u0142osowania zbiega si\u0119 z rocznic\u0105 wyzwolenia obozu Auschwitz&#8230; Skala tego wybuchu jest r\u00f3wnie\u017c po naszej stronie\u201d. Dobrze, \u017ce marsza\u0142ek u\u017cy\u0142 s\u0142owa \u201ewyzwolenie\u201d, bo od pewnego czasu jest ono \u017ale widziane. I dobrze, \u017ce co\u015b jednak przez g\u0142uchy telefon dotar\u0142o.<\/p>\n<p><strong>Zaproszenie<\/strong><br \/>\nCo si\u0119 dzieje wok\u00f3\u0142 nas? Go\u015b\u0107mi Radia TOK FM b\u0119d\u0105 dr Anna Materska-Sosnowska, Jaros\u0142aw Guga\u0142a i Tomasz Sekielski, wtorek, 20 lutego, godz. 20.05.<\/p>\n","protected":false},"excerpt":{"rendered":"<p>Nie spos\u00f3b zliczy\u0107, ile razy rozmawiali ze sob\u0105 w tych dniach premierzy Polski i Izraela. Z polskich medi\u00f3w wynika, \u017ce kilkakrotnie, dialog trwa i b\u0119dzie trwa\u0142. \u201eWszystko dzia\u0142a\u201d i \u201eprzed Polsk\u0105 pi\u0119kny czas\u201d \u2013 jak m\u00f3wi wicemarsza\u0142ek Terlecki. Oby tak by\u0142o. Nie jest to jednak takie pewne, poniewa\u017c mimo znajomo\u015bci angielskiego te rozmowy przypominaj\u0105 g\u0142uchy [&hellip;]<\/p>\n","protected":false},"author":4,"featured_media":0,"comment_status":"open","ping_status":"closed","sticky":false,"template":"","format":"standard","meta":{"footnotes":""},"categories":[1],"tags":[],"_links":{"self":[{"href":"https:\/\/blog.polityka.pl\/passent\/wp-json\/wp\/v2\/posts\/4380"}],"collection":[{"href":"https:\/\/blog.polityka.pl\/passent\/wp-json\/wp\/v2\/posts"}],"about":[{"href":"https:\/\/blog.polityka.pl\/passent\/wp-json\/wp\/v2\/types\/post"}],"author":[{"embeddable":true,"href":"https:\/\/blog.polityka.pl\/passent\/wp-json\/wp\/v2\/users\/4"}],"replies":[{"embeddable":true,"href":"https:\/\/blog.polityka.pl\/passent\/wp-json\/wp\/v2\/comments?post=4380"}],"version-history":[{"count":5,"href":"https:\/\/blog.polityka.pl\/passent\/wp-json\/wp\/v2\/posts\/4380\/revisions"}],"predecessor-version":[{"id":4386,"href":"https:\/\/blog.polityka.pl\/passent\/wp-json\/wp\/v2\/posts\/4380\/revisions\/4386"}],"wp:attachment":[{"href":"https:\/\/blog.polityka.pl\/passent\/wp-json\/wp\/v2\/media?parent=4380"}],"wp:term":[{"taxonomy":"category","embeddable":true,"href":"https:\/\/blog.polityka.pl\/passent\/wp-json\/wp\/v2\/categories?post=4380"},{"taxonomy":"post_tag","embeddable":true,"href":"https:\/\/blog.polityka.pl\/passent\/wp-json\/wp\/v2\/tags?post=4380"}],"curies":[{"name":"wp","href":"https:\/\/api.w.org\/{rel}","templated":true}]}}