
{"id":4387,"date":"2018-02-24T16:22:55","date_gmt":"2018-02-24T15:22:55","guid":{"rendered":"https:\/\/passent.blog.polityka.pl\/?p=4387"},"modified":"2018-02-24T20:51:30","modified_gmt":"2018-02-24T19:51:30","slug":"marzec-trwa","status":"publish","type":"post","link":"https:\/\/blog.polityka.pl\/passent\/2018\/02\/24\/marzec-trwa\/","title":{"rendered":"Marzec trwa"},"content":{"rendered":"<p>Z g\u0142\u0119bokim smutkiem patrz\u0119 na recydyw\u0119 Marca \u201968.<br \/>\n<!--more--><br \/>\nWydawa\u0107 by si\u0119 mog\u0142o, \u017ce skoro komuni\u015bci zostali obaleni, a \u017bydzi wygonieni, to antysemityzm w Polsce umrze \u015bmierci\u0105 naturaln\u0105, z braku po\u017cywki. Wszak w zwi\u0105zku z 50. rocznic\u0105 Marca ch\u0119tnie i s\u0142usznie podkre\u015bla si\u0119, \u017ce by\u0142 on wywo\u0142any przez komunist\u00f3w, ale ju\u017c rzadziej przypomina si\u0119, \u017ce antysemickie has\u0142a pada\u0142y na \u017cyzny grunt.<\/p>\n<p>Antysemityzm nie wymaga po\u017cywki, on wykarmi si\u0119 sam, przekazywany z pokolenia na pokolenie. Jak wielu obywateli naszego kraju go \u017cywi \u2013 nie wiem, nie znam odpowiednich bada\u0144. Mo\u017ce blogowicze wype\u0142ni\u0105 ten brak. W ka\u017cdym razie wrogo\u015b\u0107 wobec \u017byd\u00f3w jest w Polsce na tyle silna, \u017ce nie usta\u0142a mimo Zag\u0142ady i odzywa si\u0119 teraz, kiedy mniejszo\u015b\u0107 \u017cydowska jest ju\u017c \u015bladowa.<\/p>\n<p>Zag\u0142ada nie okaza\u0142a si\u0119 wystarczaj\u0105c\u0105 kar\u0105 za \u201e\u017cydowskie grzechy\u2019, niczego ich nie nauczy\u0142a, nie dobi\u0142a bestii. Do niedawna antysemityzm tu\u0142a\u0142 si\u0119 po bramach, gdzie malowa\u0142 idiotyczne napisy, swastyki, gwiazdy Dawida i szubienice, przytula\u0142 si\u0119 do narodowc\u00f3w, kt\u00f3rzy jawnie i g\u0142o\u015bno skandowali, \u017ce \u201ena drzewach zamiast li\u015bci b\u0119d\u0105 wisie\u0107 syjoni\u015bci\u201d.<\/p>\n<p>Dzisiaj antysemityzm przesta\u0142 by\u0107 zawstydzaj\u0105cy, przesta\u0142 ukrywa\u0107 si\u0119 w bramach, nie boi si\u0119 \u015bwiat\u0142a, ba, jest obecny w obu izbach parlamentu. Co z tego, \u017ce prezes i prezydent ostrzegaj\u0105 przed chorob\u0105 antysemityzmu, skoro profesor Krystyna Paw\u0142owicz, pos\u0142anka PiS, kt\u00f3ra wie lepiej ni\u017c zwykli zjadacze chleba, co prezes my\u015bli, pisze:<\/p>\n<blockquote><p>V kolumna w Polsce, osobniki bez polskich gen\u00f3w, wspierane z zewn\u0105trz, coraz bezczelniej atakuj\u0105 i upokarzaj\u0105 pa\u0144stwo swego pobytu. Wgramolili si\u0119 do Sejmu, medi\u00f3w, samorz\u0105d\u00f3w i za mordowanie polsko\u015bci pobieraj\u0105 jeszcze od swojej &#8222;ofiary&#8221; wysokie pensje. Kiedy to si\u0119 sko\u0144czy?.<\/p><\/blockquote>\n<p>Przet\u0142umaczmy ten be\u0142kotliwy szyfr na j\u0119zyk polski:<\/p>\n<p>V kolumna \u2013 wrogowie po\u015br\u00f3d nas, tego samego okre\u015blenia u\u017cy\u0142 Gomu\u0142ka 50 lat temu.<br \/>\nOsobniki \u2013 \u017bydzi.<br \/>\nBez polskich gen\u00f3w \u2013 polsko\u015bci nie mo\u017cna wybra\u0107, Polakiem nie mo\u017cna si\u0119 sta\u0107, decyduj\u0105 geny przekazywane od pokole\u0144 (wed\u0142ug Rosenberga co najmniej trzech). Z tego punktu widzenia Brzechwa, Le\u015bmian, Pola\u0144ski, Rubinstein, Tuwim i miliony innych nie s\u0105 (byli) prawdziwymi Polakami.<br \/>\nUpokarzaj\u0105 pa\u0144stwo swego pobytu \u2013 Polska nie jest ojczyzn\u0105 \u017byd\u00f3w, oni (my) jeste\u015bmy tu przejazdem, przebywamy w pa\u0144stwie swego pobytu, czyli przej\u015bciowo, korzystamy z prawa pobytu, ale nasze korzenie i ojczyzna s\u0105 gdzie indziej. Najch\u0119tniej \u201eprzebywamy\u201d tam, gdzie nam najlepiej p\u0142ac\u0105. \u201ePa\u0144stwo pobytu\u201d nie wydaje paszportu, tylko wystawia \u201edokument podro\u017cy\u201d.<br \/>\nWspierane z zewn\u0105trz \u2013 poniewa\u017c \u017byd nie jest u siebie, wskaz\u00f3wki i pieni\u0105dze otrzymuje z zagranicy \u2013 od Sorosa, Rotszylda, z Ameryki, z Izraela, od syjonist\u00f3w i \u017cydowskiej finansjery.<br \/>\nWgramolili si\u0119 \u2013 \u017byd nie chodzi, nie potrafi, jak p. Paw\u0142owicz, wej\u015b\u0107, \u017byd si\u0119 gramoli.<br \/>\nDo Sejmu \u2013 wgramolili si\u0119 na cudzych barkach.<br \/>\nDo medi\u00f3w, samorz\u0105d\u00f3w \u2013 \u017bydzi s\u0105 wsz\u0119dzie, na ka\u017cdym kroku wida\u0107 ich zdradzieckie mordy.<br \/>\nZa mordowanie polsko\u015bci pobieraj\u0105 od swoich &#8222;ofiar&#8221; wysokie pensje \u2013 \u017byd od wiek\u00f3w morduje i grabi Polaka, czy to rozpijaj\u0105c go w karczmie, czy to jako szewc, krawiec, lekarz, lichwiarz \u2013 wyci\u015bnie z ciebie ostatni grosz.<br \/>\nKiedy to si\u0119 sko\u0144czy? \u2013 kiedy nast\u0105pi \u201eostateczne rozwi\u0105zanie\u201d?<\/p>\n<p>Antysemityzm trafi\u0142 nie tylko do Sejmu, ale i do Senatu. Waldemar Bonkowski, senator PiS ze sta\u017cem si\u0119gaj\u0105cym PC (zawieszony po ostatnich wyczynach), zamie\u015bci\u0142 na swoich stronach w internecie hitlerowski filmik antysemicki, m\u00f3wi, \u017ce wielu koleg\u00f3w robi to samo, g\u0142osi pogl\u0105dy w Polsce karalne i udaje niewini\u0105tko, cho\u0107 uznaje si\u0119 za \u201e\u017co\u0142nierza PiS na froncie\u201d, kr\u0119ci si\u0119 wok\u00f3\u0142 przyw\u00f3dc\u00f3w partii i rz\u0105du, z kt\u00f3rymi modli\u0142 si\u0119 na miesi\u0119cznicach, i ma liczne fotografie ze swoimi liderami. Powinien zosta\u0107 wyrzucony i trafi\u0107 do prokuratury, podobnie jak jego kole\u017canka z Sejmu.<\/p>\n<p>O du\u017co powa\u017cniejszej aferze ze \u201esprawcami\u201d nawet nie wspominam. Marzec trwa.<\/p>\n","protected":false},"excerpt":{"rendered":"<p>Wydawa\u0107 by si\u0119 mog\u0142o, \u017ce skoro komuni\u015bci zostali obaleni, a \u017bydzi wygonieni, to antysemityzm w Polsce umrze \u015bmierci\u0105 naturaln\u0105.<\/p>\n","protected":false},"author":4,"featured_media":4392,"comment_status":"open","ping_status":"closed","sticky":false,"template":"","format":"standard","meta":{"footnotes":""},"categories":[1],"tags":[],"_links":{"self":[{"href":"https:\/\/blog.polityka.pl\/passent\/wp-json\/wp\/v2\/posts\/4387"}],"collection":[{"href":"https:\/\/blog.polityka.pl\/passent\/wp-json\/wp\/v2\/posts"}],"about":[{"href":"https:\/\/blog.polityka.pl\/passent\/wp-json\/wp\/v2\/types\/post"}],"author":[{"embeddable":true,"href":"https:\/\/blog.polityka.pl\/passent\/wp-json\/wp\/v2\/users\/4"}],"replies":[{"embeddable":true,"href":"https:\/\/blog.polityka.pl\/passent\/wp-json\/wp\/v2\/comments?post=4387"}],"version-history":[{"count":4,"href":"https:\/\/blog.polityka.pl\/passent\/wp-json\/wp\/v2\/posts\/4387\/revisions"}],"predecessor-version":[{"id":4391,"href":"https:\/\/blog.polityka.pl\/passent\/wp-json\/wp\/v2\/posts\/4387\/revisions\/4391"}],"wp:featuredmedia":[{"embeddable":true,"href":"https:\/\/blog.polityka.pl\/passent\/wp-json\/wp\/v2\/media\/4392"}],"wp:attachment":[{"href":"https:\/\/blog.polityka.pl\/passent\/wp-json\/wp\/v2\/media?parent=4387"}],"wp:term":[{"taxonomy":"category","embeddable":true,"href":"https:\/\/blog.polityka.pl\/passent\/wp-json\/wp\/v2\/categories?post=4387"},{"taxonomy":"post_tag","embeddable":true,"href":"https:\/\/blog.polityka.pl\/passent\/wp-json\/wp\/v2\/tags?post=4387"}],"curies":[{"name":"wp","href":"https:\/\/api.w.org\/{rel}","templated":true}]}}