
{"id":4394,"date":"2018-02-28T18:50:42","date_gmt":"2018-02-28T17:50:42","guid":{"rendered":"https:\/\/passent.blog.polityka.pl\/?p=4394"},"modified":"2018-02-28T19:16:13","modified_gmt":"2018-02-28T18:16:13","slug":"enigma-rozszyfrowana","status":"publish","type":"post","link":"https:\/\/blog.polityka.pl\/passent\/2018\/02\/28\/enigma-rozszyfrowana\/","title":{"rendered":"Enigma rozszyfrowana"},"content":{"rendered":"<p>Premier i prezydent w jednym stoj\u0105 domu. Z woli wyborc\u00f3w i zwyci\u0119skich polityk\u00f3w prawicy dwa najwa\u017cniejsze stanowiska w Polsce trafi\u0142y w r\u0119ce os\u00f3b w pewnej mierze podobnych. Panowie po czterdziestce, przyzwoicie w\u0142adaj\u0105cy j\u0119zykami, o skromnym lub \u017cadnym do\u015bwiadczeniu politycznym. Kiedy obejmowali swoje stanowiska, opinia publiczna o jednym (Andrzej Duda) troch\u0119 wiedzia\u0142a na podstawie kampanii wyborczej, o drugim (Mateusz Morawiecki) tyle co nic, bo jako minister trzyma\u0142 si\u0119 z dala od polityki, raczej w cieniu.<br \/>\n<!--more--><br \/>\nMiniony rok zmusi\u0142 obu polityk\u00f3w do ods\u0142oni\u0119cia si\u0119&#8230; Po raczej niemrawym prezydencie Komorowskim, z jego fataln\u0105, zas\u0142u\u017cenie przegran\u0105 kampani\u0105, Andrzej Duda &#8211; znacznie m\u0142odszy, elokwentny, z efektown\u0105 ma\u0142\u017conk\u0105, ci\u0119\u017cko na wygran\u0105 pracuj\u0105cy, gorliwy katolik z profesorskiej krakowskiej rodziny &#8211; m\u00f3g\u0142 pocz\u0105tkowo budzi\u0107 jakie\u015b nadzieje.<\/p>\n<p>Wkr\u00f3tce okaza\u0142o si\u0119, \u017ce jest to polityk ma\u0142o samodzielny, podporz\u0105dkowany swojemu liderowi, zw\u0142aszcza w dziele niszczenia niezawis\u0142ego wymiaru sprawiedliwo\u015bci. Podpisywa\u0142 niezw\u0142ocznie podsuwane mu ustawy i z wyj\u0105tkiem problematyki obronno\u015bci nie wykazywa\u0142 wi\u0119kszej samodzielno\u015bci, znosi\u0142 kolejne upokorzenia ze strony prezesa PiS i ministra Macierewicza. Tego ostatniego w ko\u0144cu przetrzyma\u0142. Upaja\u0142 si\u0119 atrybutami w\u0142adzy, delektowa\u0142 si\u0119 statusem niesta\u0142ego cz\u0142onka Rady Bezpiecze\u0144stwa, ch\u0119tnie powtarza\u0142: \u201eja jako prezydent, ja jako zwierzchnik si\u0142 zbrojnych&#8230;\u201d. W kontaktach mi\u0119dzynarodowych na pewno nie przynosi\u0142 wstydu, aczkolwiek musi \u201e\u015bwieci\u0107 oczami\u201d za polityk\u0119 rz\u0105dz\u0105cej prawicy.<\/p>\n<p>Mateusz Morawiecki \u2013 podobnie. Pocz\u0105tkowo stwarza\u0142 nadzieje \u2013 podobnie jak Duda \u2013 dobrze wypada\u0142 na tle swojej poprzedniczki. Ona lokalna, prowincjonalna, gminna, spi\u0119ta, pos\u0142uszna do b\u00f3lu (1:27). On \u2013 milioner, dobrze u\u0142o\u017cony, nowoczesny, znaj\u0105cy j\u0119zyki, bankowiec, wiceprezes wielkiego banku zagranicznego, do\u015bwiadczony mened\u017cer i finansista. Wizerunkowo nie pasowa\u0142 do partii biednych i pokrzywdzonych prowincjuszy, ale poniewa\u017c nie kandydowa\u0142 w wyborach i stanowisko dosta\u0142 na tacy, wi\u0119c niewiele mu to zaszkodzi\u0142o. Gdy obejmowa\u0142 urz\u0105d, wiele os\u00f3b nie wiedzia\u0142o jeszcze, co ten cz\u0142owiek my\u015bli i co my\u015ble\u0107 o nim.<\/p>\n<p>Po ostatnich tygodniach wiadomo du\u017co wi\u0119cej. Mateusz Morawiecki nie jest technokrat\u0105, specjalist\u0105 wynaj\u0119tym do wykonania pewnego programu. To jest polityk, kt\u00f3ry nie da\u0142 sygna\u0142u, \u017ce wykona swoj\u0105 misj\u0119 i wr\u00f3ci do finans\u00f3w. Przeciwnie \u2013 gra jak polityk. Jako premier zacz\u0105\u0142 wytycza\u0107 perspektywy odpowiedzialnego rozwoju, tworzy\u0107 wizje wielkich projekt\u00f3w od lotnictwa do \u017ceglugi \u015br\u00f3dl\u0105dowej, dron\u00f3w i samochod\u00f3w elektrycznych. Oby te wizje si\u0119 spe\u0142ni\u0142y (opr\u00f3cz lotniska pod \u0141odzi\u0105).<\/p>\n<p>Kiedy w Monachium udzieli\u0142 fatalnej dla Polski odpowiedzi, kt\u00f3rej skutki gasz\u0105 teraz polscy emisariusze od Waszyngtonu do Jerozolimy, nie zdawa\u0142 sobie sprawy, \u017ce paln\u0105\u0142 g\u0142upstwo, nie poprawi\u0142 si\u0119, nie czu\u0142 bluesa, zamiast empatii \u2013 zabra\u0142 si\u0119 do wymieniania \u201esprawc\u00f3w\u201d. Nigdy nie odwo\u0142a\u0142 swoich s\u0142\u00f3w ani do nich nie wr\u00f3ci\u0142. Gorliwie za i z przekonaniem wraca do tezy, \u017ce przez minionych prawie 30 lat nauki historyczne znajdowa\u0142y si\u0119 w letargu, podczas gdy faktycznie badania i publikacje naszych naukowc\u00f3w m.in. na temat dziej\u00f3w Zag\u0142ady i stosunk\u00f3w polsko-\u017cydowskich s\u0105 powodem do dumy. Zamiast pedagogiki wstydu premier m\u00f3g\u0142 si\u0119gn\u0105\u0107 do pedagogiki dumy, bo s\u0105 powody. Premier jest do tego stopnia gorliwy, \u017ce nawet przyjmuj\u0105c kwiatki od przewodnicz\u0105cej Stowarzyszenia Dzieci Holokaustu, zamiast po prostu serdecznie podzi\u0119kowa\u0107, nie omieszka\u0142 przypomnie\u0107, \u017ce pa\u0144stwo polskie \u201epo wielu latach zaniedba\u0144 walczy o prawd\u0119\u201d.<\/p>\n<p>\u017beby nie by\u0142o w\u0105tpliwo\u015bci, co my\u015bli i czuje, szef polskiego rz\u0105du z\u0142o\u017cy\u0142 kwiaty na grobach Brygady \u015awi\u0119tokrzyskiej NSZ, kt\u00f3rej historia obejmuje wsp\u00f3\u0142prac\u0119 z Wehrmachtem. A m\u00f3g\u0142 przecie\u017c \u2013 jak wspomnia\u0142 Adam Szostkiewicz w Radiu TOK \u2013 z\u0142o\u017cy\u0107 kwiaty w nieodleg\u0142ym Dachau, gdzie Niemcy zamordowali dwa tys. polskich duchownych. Premier Morawiecki coraz mniej jest enigm\u0105, wpisuje si\u0119 dok\u0142adnie w scenariusz z ulicy Nowogrodzkiej, w ca\u0142\u0105 t\u0119 hec\u0119 z \u201edemokratyzacj\u0105 s\u0105downictwa\u201d i wol\u0105 ludu, kt\u00f3ra stoi ponad prawem. Jak wykaza\u0142 angielski profesor Laurence Pech, dane przytaczane w tej sprawie przez premiera nie s\u0105 prawdziwe. Pod wzgl\u0119dem sprawno\u015bci polskie s\u0105dy s\u0105 na 5. miejscu w Europie, a nak\u0142ady s\u0105 poni\u017cej europejskiej przeci\u0119tnej. Potwierdza to tylko tez\u0119, \u017ce celem \u201ereformy\u201d s\u0105d\u00f3w jest ich przej\u0119cie.<\/p>\n<p>W sumie premier Morawiecki lokuje si\u0119 wi\u0119c w nurcie narodowym swojej partii, a nawet na prawym jej skrzydle.<\/p>\n","protected":false},"excerpt":{"rendered":"<p>Morawiecki lokuje si\u0119 w nurcie narodowym swojej partii, a nawet na prawym jej skrzydle.<\/p>\n","protected":false},"author":4,"featured_media":4405,"comment_status":"open","ping_status":"closed","sticky":false,"template":"","format":"standard","meta":{"footnotes":""},"categories":[1],"tags":[],"_links":{"self":[{"href":"https:\/\/blog.polityka.pl\/passent\/wp-json\/wp\/v2\/posts\/4394"}],"collection":[{"href":"https:\/\/blog.polityka.pl\/passent\/wp-json\/wp\/v2\/posts"}],"about":[{"href":"https:\/\/blog.polityka.pl\/passent\/wp-json\/wp\/v2\/types\/post"}],"author":[{"embeddable":true,"href":"https:\/\/blog.polityka.pl\/passent\/wp-json\/wp\/v2\/users\/4"}],"replies":[{"embeddable":true,"href":"https:\/\/blog.polityka.pl\/passent\/wp-json\/wp\/v2\/comments?post=4394"}],"version-history":[{"count":8,"href":"https:\/\/blog.polityka.pl\/passent\/wp-json\/wp\/v2\/posts\/4394\/revisions"}],"predecessor-version":[{"id":4404,"href":"https:\/\/blog.polityka.pl\/passent\/wp-json\/wp\/v2\/posts\/4394\/revisions\/4404"}],"wp:featuredmedia":[{"embeddable":true,"href":"https:\/\/blog.polityka.pl\/passent\/wp-json\/wp\/v2\/media\/4405"}],"wp:attachment":[{"href":"https:\/\/blog.polityka.pl\/passent\/wp-json\/wp\/v2\/media?parent=4394"}],"wp:term":[{"taxonomy":"category","embeddable":true,"href":"https:\/\/blog.polityka.pl\/passent\/wp-json\/wp\/v2\/categories?post=4394"},{"taxonomy":"post_tag","embeddable":true,"href":"https:\/\/blog.polityka.pl\/passent\/wp-json\/wp\/v2\/tags?post=4394"}],"curies":[{"name":"wp","href":"https:\/\/api.w.org\/{rel}","templated":true}]}}