
{"id":441,"date":"2008-05-06T10:32:06","date_gmt":"2008-05-06T08:32:06","guid":{"rendered":"http:\/\/passent.blog.polityka.pl\/?p=441"},"modified":"2008-05-06T10:32:06","modified_gmt":"2008-05-06T08:32:06","slug":"prezydent-en-passant","status":"publish","type":"post","link":"https:\/\/blog.polityka.pl\/passent\/2008\/05\/06\/prezydent-en-passant\/","title":{"rendered":"Prezydent <i>en passant<\/i>"},"content":{"rendered":"<p>Wszystkiemu winne media \u2013 w ten spos\u00f3b prezydent Kaczy\u0144ski t\u0142umaczy przegran\u0105 PiS w niedawnych wyborach. W normalnym kraju \u2013 m\u00f3wi\u0142 \u2013 rz\u0105d, kt\u00f3ry mia\u0142 takie osi\u0105gni\u0119cia, jak ten, kt\u00f3rym kierowa\u0142 jego brat, nie m\u00f3g\u0142by przegra\u0107 wybor\u00f3w. Prezydent wymieni\u0142 niekt\u00f3re osi\u0105gni\u0119cia rz\u0105du brata: wzrost gospodarczy, spadek bezrobocia, inwestycje zagraniczne, zmiany w wymiarze sprawiedliwo\u015bci. A media wszystko to obrzydzi\u0142y i powtarzaj\u0105 nieprawd\u0119, \u017ce mianowicie przed siedzib\u0105 prezydenta w Juracie bez przerwy sta\u0142a karetka (a nie sta\u0142a)  oraz \u017ce prezydent wiedzia\u0142 (a nie wiedzia\u0142)  o polowaniu na bezdomnego Huberta H., kt\u00f3ry go obrazi\u0142.<\/p>\n<p>Niestety, wynika z tego, \u017ce obowi\u0105zuj\u0105ca w rodzinie interpretacja wyniku wybor\u00f3w p\u00f3\u0142 roku po fakcie  jest nadal  b\u0142\u0119dna i p\u0142ytka. B\u0142\u0119dna, poniewa\u017c  PiS mia\u0142 w gar\u015bci media publiczne (TVP, PR, PAP) oraz cieszy\u0142 si\u0119 rosn\u0105c\u0105 sympati\u0105 znacznej cz\u0119\u015bci medi\u00f3w niepublicznych (\u201eRzeczpospolita\u201d, \u201eFakt\u201d, \u201eDziennik\u201d i inne). Pan prezydent pami\u0119ta tylko tych, kt\u00f3rzy krzywo na niego patrz\u0105 co \u015bwiadczy o kompleksach (o jednej gazecie m\u00f3wi wr\u0119cz, \u017ce jest \u201ebiuletynem Platformy\u201d), a nie widzi tego, \u017ce w ci\u0105gu ostatnich kilku lat w mediach dokona\u0142o si\u0119 du\u017ce przesuni\u0119cie na prawo, tam, gdzie jest PiS. W rozmowie z Tomaszem Lisem prezydent powt\u00f3rzy\u0142 stare argumenty o tym, \u017ce media stworzy\u0142y jak\u0105\u015b \u201enadrzeczywisto\u015b\u0107\u201d, kt\u00f3ra przes\u0142oni\u0142a wyborcom rzeczywisto\u015b\u0107 w jakiej \u017cyj\u0105.<\/p>\n<p>Ale za\u0142\u00f3\u017cmy na chwil\u0119, \u017ce prezydent ma racj\u0119, media rzeczywi\u015bcie otumani\u0142y nar\u00f3d i by\u0142y przeciwko PiS. Wtedy nale\u017ca\u0142oby zastanowi\u0107 si\u0119 &#8211; dlaczego? Dlaczego mimo obsadzenia Telewizji pp. Wildsteinem i Urba\u0144skim, mimo nocnej zmiany w KRRiTV, mimo mianowania na szef\u00f3w Polskiego Radia pp. Czaba\u0144skiego i Targalskiego, mimo usuni\u0119cia z medi\u00f3w publicznych setek ludzi i zast\u0105pienia ich panem Michalkiewiczem, paniami Gargas i Kani\u0105 i im podobnymi,  te media zawiod\u0142y, nie spe\u0142ni\u0142y oczekiwa\u0144 swoich mocodawc\u00f3w? S\u0105 dwie mo\u017cliwo\u015bci.  Albo rz\u0105dy PiS by\u0142y nie do zniesienia nawet dla ich pupil\u00f3w, albo wymagania stawiane mediom przez braci Kaczy\u0144skich s\u0105 zbyt wysokie nawet dla ich entuzjast\u00f3w. Innej mo\u017cliwo\u015bci nie widz\u0119.<\/p>\n<p>Kiedy prezydent m\u00f3wi, \u017ce B. Wildstein zosta\u0142 zwolniony, poniewa\u017c spo\u015br\u00f3d 8-10 wiadomo\u015bci korzystnych dla rz\u0105du i \u017cadna nie trafi\u0142a do \u201eWiadomo\u015bci\u201d, to znaczy, \u017ce bracia Kaczy\u0144scy oczekiwali od medi\u00f3w publicznych jeszcze wi\u0119kszej s\u0142u\u017calczo\u015bci i dyspozycyjno\u015bci ni\u017c ta, kt\u00f3rej byli\u015bmy \u015bwiadkami. Panowie K &amp; K nie docenili te\u017c aplauzu, jaki spotka\u0142 ich ze strony medi\u00f3w prywatnych, takich jak \u201eDziennik\u201d.  W pierwszej fazie swojego istnienia gazeta ta by\u0142a wobec rz\u0105d\u00f3w PiS entuzjastyczna, m\u00f3wi\u0142o si\u0119, \u017ce by\u0142 to najlepszy upominek koncernu Springera dla premiera Kaczy\u0144skiego. Z czasem, zaledwie w ci\u0105gu kilku miesi\u0119cy, gazeta ta odwr\u00f3ci\u0142a si\u0119 od swoich faworyt\u00f3w. Czy pan prezydent zastanowi\u0142 si\u0119 \u2013 dlaczego? Mo\u017ce racj\u0119 mia\u0142 Jan Wr\u00f3bel pisz\u0105c, \u017ce gazeta posz\u0142a za czytelnikami? Interpretacja stanowiska medi\u00f3w dokonana przez prezydenta sprowadza si\u0119 do \u017cyciorys\u00f3w w\u0142a\u015bcicieli TVN i Polsatu. To troch\u0119 ma\u0142o, jak na pierwsza osob\u0119 w pa\u0144stwie.<\/p>\n<p>Mimo u\u015bmiech\u00f3w i ca\u0142kiem dobrej formy, drobny incydent pokazuje, jak bardzo naje\u017cony jest prezydent w rozmowie z dziennikarzem. Kiedy Lis w pewnej chwili usi\u0142owa\u0142 wej\u015b\u0107 prezydentowi w s\u0142owo, m\u00f3wi\u0105c co\u015b w rodzaju \u201ePozwoli pan, \u017ce teraz ja zadam pytanie\u201d, prezydent odpowiedzia\u0142: \u201eJa panu \u017cadnego pytania jeszcze nie zada\u0142em\u201d.<\/p>\n<p>Prezydent powt\u00f3rzy\u0142 wi\u0119kszo\u015b\u0107 tez swoich i swojego brata: media zajmuj\u0105 si\u0119 opozycja, zamiast zajmowa\u0107 si\u0119 rz\u0105dem, z kolei rz\u0105d usi\u0142uje rozbi\u0107 opozycj\u0119, a to jest \u201ezawsze destrukcyjne\u201d (kiedy J.K. m\u00f3wi\u0142 o ZOMO to destrukcyjne nie by\u0142o?),  raport OBWE o mediach publicznych w kampanii wyborczej w Polsce nale\u017cy traktowa\u0107 \u201ez dystansem\u201d, media bezpodstawnie wmawia\u0142y narodowi,  \u017ce PiS jest zagro\u017ceniem dla demokracji, Lepper by\u0142 przez 10 dni \u201epieszczochem medi\u00f3w\u201d (gdy si\u0119 por\u00f3\u017cni\u0142 z J.K.), pp. Niesio\u0142owski, Gowin  i inni nieustannie obra\u017caj\u0105 prezydenta, to nie Tusk jest prawnikiem, tylko L.K., kt\u00f3ry  od trzydziestu lat zajmuje si\u0119 prawem, pose\u0142 Palikot 4 (s\u0142ownie: cztery) razy wypowiada\u0142 si\u0119 na temat stanu zdrowia g\u0142owy pa\u0144stwa (tu akurat zgadzam si\u0119 z L.K. i pisa\u0142em o tym niedawno w swoim blogu \u2013 Pass),   itd. itp. Prezydent powt\u00f3rzy\u0142 tak\u017ce w skr\u00f3cie sw\u00f3j program \u2013 przeciwko Rzeczpospolitej dla bogatych i silnych, przeciwko podatkowi liniowemu oraz prywatyzacji s\u0142u\u017cby zdrowia.<\/p>\n<p>By\u0142y te\u017c akcenty koncyliacyjne i samokrytyczne, ale wypowiedziane bardzo mimochodem, \u017ceby nie powiedzie\u0107 <em>en passant<\/em>: wszyscy pope\u0142niamy b\u0142\u0119dy, PiS mia\u0142 w rz\u0105dzie fatalnych koalicjant\u00f3w, ale to wina Platformy, kt\u00f3ra nie chcia\u0142a wej\u015b\u0107 do rz\u0105du, wypowiedzi o wykszta\u0142ciuchach i braniu lekarzy w kamasze  by\u0142y niefortunne, ale Ludwik Dorn nie jest ju\u017c we w\u0142adzach PiS, za Wehrmacht Jacek Kurski (polityk bardzo zdolny) zosta\u0142 wyrzucony (?) z partii, ale nie zapominajmy jaka by\u0142a prawda w sprawie Wehrmachtu, wreszcie prezydent jest w stanie \u201eprzyj\u0105\u0107 ka\u017cd\u0105 krytyk\u0119\u201d, byle tylko by\u0142a zgodna z rzeczywisto\u015bci\u0105, a nie z nadrzeczywisto\u015bci\u0105, a jaka jest rzeczywisto\u015b\u0107 decyduj\u0105 za nas media.<\/p>\n","protected":false},"excerpt":{"rendered":"<p>Wszystkiemu winne media \u2013 w ten spos\u00f3b prezydent Kaczy\u0144ski t\u0142umaczy przegran\u0105 PiS w niedawnych wyborach. W normalnym kraju \u2013 m\u00f3wi\u0142 \u2013 rz\u0105d, kt\u00f3ry mia\u0142 takie osi\u0105gni\u0119cia, jak ten, kt\u00f3rym kierowa\u0142 jego brat, nie m\u00f3g\u0142by przegra\u0107 wybor\u00f3w. Prezydent wymieni\u0142 niekt\u00f3re osi\u0105gni\u0119cia rz\u0105du brata: wzrost gospodarczy, spadek bezrobocia, inwestycje zagraniczne, zmiany w wymiarze sprawiedliwo\u015bci. A media wszystko [&hellip;]<\/p>\n","protected":false},"author":4,"featured_media":0,"comment_status":"open","ping_status":"open","sticky":false,"template":"","format":"standard","meta":{"footnotes":""},"categories":[1],"tags":[],"_links":{"self":[{"href":"https:\/\/blog.polityka.pl\/passent\/wp-json\/wp\/v2\/posts\/441"}],"collection":[{"href":"https:\/\/blog.polityka.pl\/passent\/wp-json\/wp\/v2\/posts"}],"about":[{"href":"https:\/\/blog.polityka.pl\/passent\/wp-json\/wp\/v2\/types\/post"}],"author":[{"embeddable":true,"href":"https:\/\/blog.polityka.pl\/passent\/wp-json\/wp\/v2\/users\/4"}],"replies":[{"embeddable":true,"href":"https:\/\/blog.polityka.pl\/passent\/wp-json\/wp\/v2\/comments?post=441"}],"version-history":[{"count":0,"href":"https:\/\/blog.polityka.pl\/passent\/wp-json\/wp\/v2\/posts\/441\/revisions"}],"wp:attachment":[{"href":"https:\/\/blog.polityka.pl\/passent\/wp-json\/wp\/v2\/media?parent=441"}],"wp:term":[{"taxonomy":"category","embeddable":true,"href":"https:\/\/blog.polityka.pl\/passent\/wp-json\/wp\/v2\/categories?post=441"},{"taxonomy":"post_tag","embeddable":true,"href":"https:\/\/blog.polityka.pl\/passent\/wp-json\/wp\/v2\/tags?post=441"}],"curies":[{"name":"wp","href":"https:\/\/api.w.org\/{rel}","templated":true}]}}