
{"id":447,"date":"2008-05-26T00:29:16","date_gmt":"2008-05-25T22:29:16","guid":{"rendered":"http:\/\/passent.blog.polityka.pl\/?p=447"},"modified":"2008-05-26T01:30:13","modified_gmt":"2008-05-25T23:30:13","slug":"wiele-halasu-o-nic","status":"publish","type":"post","link":"https:\/\/blog.polityka.pl\/passent\/2008\/05\/26\/wiele-halasu-o-nic\/","title":{"rendered":"Wiele ha\u0142asu o nic"},"content":{"rendered":"<p><strong>\u201eWiele ha\u0142asu o nic\u201d \u2013 ten tytu\u0142, znany co lepiej wykszta\u0142conym blogowiczom (Szekspir chyba ju\u017c usuni\u0119ty z lektur) \u2013 dobrze oddaje atmosfer\u0119 minionego tygodnia<\/strong>.<\/p>\n<p>Trwa\u0142 rwetes z powodu podr\u00f3\u017cy Donalda Tuska do Ameryki \u0141aci\u0144skiej. Wrzawa wszcz\u0119ta z tego powodu by\u0142a kompromitacj\u0105 medi\u00f3w, kt\u00f3re kpi\u0142y bez ko\u0144ca ze S\u0142o\u0144ca Peru i z peruwia\u0144skiej czapeczki. Jaros\u0142aw Kaczy\u0144ski m\u00f3g\u0142 by\u0107 zadowolony, tym razem media spe\u0142ni\u0142y chyba jego oczekiwania. Z ch\u00f3ru kpiarzy wy\u0142ama\u0142 si\u0119 Jaros\u0142aw Guga\u0142a, by\u0142y ambasador w Urugwaju, dzi\u015b szef informacji Polsatu, kt\u00f3ry napisa\u0142 w \u201eRz\u201d, \u017ce podr\u00f3\u017c Tuska by\u0142a wa\u017cna. By\u0107 mo\u017ce dlatego, \u017ce ja r\u00f3wnie\u017c by\u0142em ambasadorem w tamtym regionie, uwa\u017cam, \u017ce podr\u00f3\u017c by\u0142a potrzebna, a kpiny bezpodstawne, poniewa\u017c:<\/p>\n<ul>\n<li>Polska polityka zagraniczna nie mo\u017ce ko\u0144czy\u0107 si\u0119 na Rosji i na Niemczech.<\/li>\n<li>Jeste\u015bmy cz\u0119\u015bci\u0105 Unii Europejskiej, a ta ma swoje interesy tak\u017ce w Ameryce \u0141aci\u0144skiej, i to nie tylko dawne mocarstwa kolonialne \u2013 Hiszpania i Portugalia, ale nawet Finlandia, kt\u00f3ra w ubieg\u0142ym roku odnotowa\u0142a najwy\u017cszy przyrost obrot\u00f3w handlowych z A\u0141.<\/li>\n<li>Je\u017celi chcemy mie\u0107 poparcie na forum mi\u0119dzynarodowym dla naszych postulat\u00f3w i kandydat\u00f3w, cho\u0107by w ONZ, to musimy o nie zabiega\u0107 tak\u017ce daleko od Polski.<\/li>\n<li>Obroty handlowe Polski z Ameryk\u0105 \u0141aci\u0144sk\u0105 s\u0105 dramatycznie ma\u0142e (ok. 1 proc. naszego handlu zagranicznego). Ka\u017cda pr\u00f3ba ich stymulacji zas\u0142uguje na uwag\u0119. Ameryka \u0141aci\u0144ska to nie tylko folklor i tango, to ponad 300 mln ludzi, w tym kraje zaawansowane gospodarczo, jak Brazylia i Chile.<\/li>\n<li>Je\u017celi nie chcemy by\u0107 izolowani na \u015bwiecie, to nie mo\u017cemy lekcewa\u017cy\u0107 takich pa\u0144stw jak Chile i Peru. Stosunki mi\u0119dzynarodowe wymagaj\u0105 tak\u017ce gest\u00f3w i maja sw\u00f3j rytua\u0142. Jego cz\u0119\u015bci\u0105 s\u0105 spotkania na szczycie i wizyty polityk\u00f3w. Kiedy w Chile by\u0142 \u00f3wczesny marsza\u0142ek Sejmu, P\u0142a\u017cy\u0144ski czy prezydent Kwa\u015bniewski \u2013 gospodarze tak\u017ce pokazywali im sw\u00f3j kraj. Prezydent Chile w latach 90. Eduardo Frei, bawi\u0105c w Polsce te\u017c \u201emusia\u0142\u201d zwiedzi\u0107 Krak\u00f3w. Lepiej, \u017ce premier Tusk z\u0142o\u017cy\u0142 zaleg\u0142e wizyty w tych krajach \u201eprzy okazji\u201d szczytu w Limie, ni\u017c gdyby mia\u0142 tam jecha\u0107 oddzielnie. \u201ePrzeliczanie\u201d koszt\u00f3w wizyty na obiady dla g\u0142odnych dzieci, jak to uczynili pos\u0142owie PiS, jest \u017ca\u0142osne. Jedna defilada wojskowa w Warszawie kosztuje nie mniej, a mimo to nikt nie kwestionuje jej celowo\u015bci.<\/li>\n<li>Na\u015bmiewanie si\u0119 z czapeczki i S\u0142o\u0144ca Peru jest zabawne, ale pami\u0119tajmy, \u017ce zagranicznym go\u015bciom pokazujemy w Polsce Wawel i Wieliczk\u0119 (nie m\u00f3wi\u0105c o miejscach ka\u017ani) i jako\u015b nikt nie \u015bmieje si\u0119 z zagranicznych przyw\u00f3dc\u00f3w, \u017ce bawi\u0105c w Polsce odwiedzili kopalni\u0119 soli.<\/li>\n<li>Polityka informacyjna rz\u0105du w sprawie tej podr\u00f3\u017cy by\u0142a kiepska \u2013 mo\u017cna i trzeba by\u0142o wyja\u015bni\u0107 jej cele i roz\u0142adowa\u0107 krytyk\u0119. W sumie \u2013 blama\u017c medi\u00f3w i rz\u0105dowego pi-ar.<\/li>\n<\/ul>\n<p>Wiele ha\u0142asu o nic \u2013 tak mo\u017cna by te\u017c okre\u015bli\u0107 awantur\u0119 o Bolka. \u201eO nic\u201d, poniewa\u017c dzisiaj, po prawie 40 latach nie ma wi\u0119kszego znaczenia, czy Lech Wa\u0142\u0119sa \u2013 m\u0142ody, opozycyjny robotnik niepokojony przez bezpiek\u0119, mia\u0142 chwil\u0119 s\u0142abo\u015bci. Faktem jest, \u017ce by\u0142 wielkim przyw\u00f3dc\u0105 Solidarno\u015bci i jak nikt przyczyni\u0142 si\u0119 do obalenia systemu. Wolno\u015bci nauki w Polsce nikt nie zagra\u017ca, i historycy IPN mog\u0105 udowadnia\u0107, co tylko dusza zapragnie, mog\u0105 nawet mie\u0107 racj\u0119. Ale przecie\u017c nie chodzi o to, czy Wa\u0142\u0119sa by\u0142, czy nie by\u0142 Bolkiem, lecz o to, by przekre\u015bli\u0107 zas\u0142ugi jego i tych, kt\u00f3rzy przy okr\u0105g\u0142ym stole uzgodnili koniec systemu i pokojow\u0105 transformacj\u0119, za co powinni\u015bmy im by\u0107 wszyscy wdzi\u0119czni. Oczywi\u015bcie, prawda historyczna wymaga odkrycia wszystkich kart, ale reputacja pp. Gontarczyka i Cenckiewicza oraz IPN pozwala domniemywa\u0107, \u017ce chodzi o co\u015b wi\u0119cej \u2013 o uniewa\u017cnienie III RP i wm\u00f3wienie ludziom, \u017ce wszystko to by\u0142 spisek esbek\u00f3w z esbekami. Czy Lech Wa\u0142\u0119sa pope\u0142ni\u0142 b\u0142\u0105d m\u0142odo\u015bci, nie ma tu nic do rzeczy, dlatego uwa\u017cam, \u017ce jest to wiele ha\u0142asu o nic.<\/p>\n<p>Zwolennik\u00f3w Lecha Wa\u0142\u0119sy i III RP mog\u0119 tylko uspokoi\u0107 \u2013 nie denerwujmy si\u0119, panowie G. i C. nie s\u0105 w stanie zaszkodzi\u0107 naszym idea\u0142om, w og\u00f3le nikt nie jest w stanie zaszkodzi\u0107 nam bardziej ni\u017c my sami. Z czasem prawd\u0119 t\u0119 pojm\u0105 r\u00f3wnie\u017c dr G. i dr C. Niech sobie pisz\u0105, co chc\u0105, po to jest wolno\u015b\u0107 s\u0142owa. I B\u00f3g z nimi.<\/p>\n","protected":false},"excerpt":{"rendered":"<p>\u201eWiele ha\u0142asu o nic\u201d \u2013 ten tytu\u0142, znany co lepiej wykszta\u0142conym blogowiczom (Szekspir chyba ju\u017c usuni\u0119ty z lektur) \u2013 dobrze oddaje atmosfer\u0119 minionego tygodnia. Trwa\u0142 rwetes z powodu podr\u00f3\u017cy Donalda Tuska do Ameryki \u0141aci\u0144skiej. Wrzawa wszcz\u0119ta z tego powodu by\u0142a kompromitacj\u0105 medi\u00f3w, kt\u00f3re kpi\u0142y bez ko\u0144ca ze S\u0142o\u0144ca Peru i z peruwia\u0144skiej czapeczki. Jaros\u0142aw Kaczy\u0144ski [&hellip;]<\/p>\n","protected":false},"author":4,"featured_media":0,"comment_status":"open","ping_status":"open","sticky":false,"template":"","format":"standard","meta":{"footnotes":""},"categories":[1],"tags":[],"_links":{"self":[{"href":"https:\/\/blog.polityka.pl\/passent\/wp-json\/wp\/v2\/posts\/447"}],"collection":[{"href":"https:\/\/blog.polityka.pl\/passent\/wp-json\/wp\/v2\/posts"}],"about":[{"href":"https:\/\/blog.polityka.pl\/passent\/wp-json\/wp\/v2\/types\/post"}],"author":[{"embeddable":true,"href":"https:\/\/blog.polityka.pl\/passent\/wp-json\/wp\/v2\/users\/4"}],"replies":[{"embeddable":true,"href":"https:\/\/blog.polityka.pl\/passent\/wp-json\/wp\/v2\/comments?post=447"}],"version-history":[{"count":0,"href":"https:\/\/blog.polityka.pl\/passent\/wp-json\/wp\/v2\/posts\/447\/revisions"}],"wp:attachment":[{"href":"https:\/\/blog.polityka.pl\/passent\/wp-json\/wp\/v2\/media?parent=447"}],"wp:term":[{"taxonomy":"category","embeddable":true,"href":"https:\/\/blog.polityka.pl\/passent\/wp-json\/wp\/v2\/categories?post=447"},{"taxonomy":"post_tag","embeddable":true,"href":"https:\/\/blog.polityka.pl\/passent\/wp-json\/wp\/v2\/tags?post=447"}],"curies":[{"name":"wp","href":"https:\/\/api.w.org\/{rel}","templated":true}]}}